{"id":23949,"date":"2024-05-12T08:34:06","date_gmt":"2024-05-12T11:34:06","guid":{"rendered":"https:\/\/noticiasnoface.com.br\/?p=23949"},"modified":"2024-05-12T08:34:08","modified_gmt":"2024-05-12T11:34:08","slug":"rio-de-janeiro-e-considerada-a-pior-cidade-do-mundo-para-visitar","status":"publish","type":"post","link":"https:\/\/noticiasnoface.com.br\/index.php\/2024\/05\/12\/rio-de-janeiro-e-considerada-a-pior-cidade-do-mundo-para-visitar\/","title":{"rendered":"Rio de Janeiro \u00e9 considerada a pior cidade do mundo para visitar"},"content":{"rendered":"\n<figure class=\"wp-block-image size-large\"><img data-opt-id=863859673  fetchpriority=\"high\" decoding=\"async\" width=\"1024\" height=\"1024\" src=\"https:\/\/mlbfrsat7ahr.i.optimole.com\/w:1024\/h:1024\/q:mauto\/ig:avif\/https:\/\/noticiasnoface.com.br\/wp-content\/uploads\/2024\/05\/photo-output-1.jpeg\" alt=\"\" class=\"wp-image-23952\" srcset=\"https:\/\/mlbfrsat7ahr.i.optimole.com\/w:1024\/h:1024\/q:mauto\/ig:avif\/https:\/\/noticiasnoface.com.br\/wp-content\/uploads\/2024\/05\/photo-output-1.jpeg 1024w, https:\/\/mlbfrsat7ahr.i.optimole.com\/w:300\/h:300\/q:mauto\/ig:avif\/https:\/\/noticiasnoface.com.br\/wp-content\/uploads\/2024\/05\/photo-output-1.jpeg 300w, https:\/\/mlbfrsat7ahr.i.optimole.com\/w:150\/h:150\/q:mauto\/ig:avif\/https:\/\/noticiasnoface.com.br\/wp-content\/uploads\/2024\/05\/photo-output-1.jpeg 150w, https:\/\/mlbfrsat7ahr.i.optimole.com\/w:768\/h:768\/q:mauto\/ig:avif\/https:\/\/noticiasnoface.com.br\/wp-content\/uploads\/2024\/05\/photo-output-1.jpeg 768w, https:\/\/mlbfrsat7ahr.i.optimole.com\/w:1080\/h:1080\/q:mauto\/ig:avif\/https:\/\/noticiasnoface.com.br\/wp-content\/uploads\/2024\/05\/photo-output-1.jpeg 1536w, https:\/\/mlbfrsat7ahr.i.optimole.com\/w:1080\/h:1080\/q:mauto\/ig:avif\/https:\/\/noticiasnoface.com.br\/wp-content\/uploads\/2024\/05\/photo-output-1.jpeg 2048w\" sizes=\"(max-width: 1000px) 100vw, 1000px\" \/><\/figure>\n\n\n\n<p>Moradores do Rio de Janeiro est\u00e3o irritados com estudo que coloca a cidade como a pior para ser visitada<\/p>\n\n\n\n<!--more-->\n\n\n\n<p>Uma pesquisa conduzida por uma empresa de turismo ucraniana causou indigna\u00e7\u00e3o entre os brasileiros ao posicionar uma das cidades mais ic\u00f4nicas do pa\u00eds no topo de uma lista pouco honrosa. O estudo avaliou destinos tur\u00edsticos em todo o mundo e apontou o&nbsp;<strong>Rio de Janeiro<\/strong>&nbsp;como a pior cidade para visitar, considerando diversos crit\u00e9rios.<\/p>\n\n\n\n<p>Os elementos analisados inclu\u00edram a facilidade de encontrar reservas dispon\u00edveis, o \u00edndice de satisfa\u00e7\u00e3o dos viajantes e a forma como cada destino lida com a diversidade. O&nbsp;<strong>Rio de Janeiro<\/strong>&nbsp;recebeu notas baixas em aspectos cruciais para os turistas, como a sensa\u00e7\u00e3o de seguran\u00e7a e a dificuldade em obter acomoda\u00e7\u00f5es, frequentemente com pre\u00e7os elevados.<\/p>\n\n\n\n<p>Imagem: marchello74 | ShutterStock<\/p>\n\n\n\n<p>Al\u00e9m disso, o estudo destacou que o&nbsp;<strong>Rio de Janeiro<\/strong>&nbsp;n\u00e3o conseguiu proporcionar uma experi\u00eancia satisfat\u00f3ria para muitos visitantes, chegando a ser comparado a algumas cidades da&nbsp;<strong>\u00cdndia<\/strong>. Esses resultados desagradaram n\u00e3o apenas aos moradores, mas tamb\u00e9m ao setor tur\u00edstico local, que busca manter a imagem da cidade como um dos principais destinos tur\u00edsticos do&nbsp;<strong>Brasil<\/strong>.<\/p>\n\n\n\n<p>Em contrapartida,&nbsp;<strong>Toronto<\/strong>, no&nbsp;<strong>Canad\u00e1<\/strong>, foi eleita a melhor cidade do mundo para visitar. Os fatores que contribu\u00edram para essa classifica\u00e7\u00e3o incluem a hospitalidade, a organiza\u00e7\u00e3o, a seguran\u00e7a e a facilidade de comunica\u00e7\u00e3o, uma vez que o ingl\u00eas \u00e9 a l\u00edngua nativa da cidade. Essa vantagem lingu\u00edstica parece ter desempenhado um papel significativo na satisfa\u00e7\u00e3o dos turistas, facilitando a intera\u00e7\u00e3o entre visitantes e locais.<\/p>\n\n\n\n<p>O resultado da pesquisa sugere que o&nbsp;<strong>Rio de Janeiro<\/strong>, apesar de suas belas paisagens e atra\u00e7\u00f5es ic\u00f4nicas, precisa investir em seguran\u00e7a e infraestrutura para reverter essa percep\u00e7\u00e3o negativa. Embora seja conhecido pelo&nbsp;<strong>Carnaval<\/strong>&nbsp;e suas famosas praias, os desafios relacionados \u00e0 seguran\u00e7a e aos altos custos de acomoda\u00e7\u00e3o parecem ter superado suas atra\u00e7\u00f5es naturais.<\/p>\n\n\n\n<p>Fonte:&nbsp;<a href=\"https:\/\/terrabrasilnoticias.com\/2024\/05\/estudo-coloca-cidade-brasileira-como-a-pior-do-mundo-para-visitar-e-irrita-moradores-saiba-qual\/\" target=\"_blank\" rel=\"noopener\">terrabrasilnoticias.com<\/a><\/p>\n","protected":false},"excerpt":{"rendered":"<p>Moradores do Rio de Janeiro est\u00e3o irritados com estudo que coloca a cidade como a pior para ser visitada<\/p>\n","protected":false},"author":1,"featured_media":23952,"comment_status":"open","ping_status":"open","sticky":false,"template":"","format":"image","meta":{"site-sidebar-layout":"default","site-content-layout":"","ast-site-content-layout":"default","site-content-style":"default","site-sidebar-style":"default","ast-global-header-display":"","ast-banner-title-visibility":"","ast-main-header-display":"","ast-hfb-above-header-display":"","ast-hfb-below-header-display":"","ast-hfb-mobile-header-display":"","site-post-title":"","ast-breadcrumbs-content":"","ast-featured-img":"","footer-sml-layout":"","ast-disable-related-posts":"","theme-transparent-header-meta":"","adv-header-id-meta":"","stick-header-meta":"","header-above-stick-meta":"","header-main-stick-meta":"","header-below-stick-meta":"","astra-migrate-meta-layouts":"default","ast-page-background-enabled":"default","ast-page-background-meta":{"desktop":{"background-color":"var(--ast-global-color-4)","background-image":"","background-repeat":"repeat","background-position":"center center","background-size":"auto","background-attachment":"scroll","background-type":"","background-media":"","overlay-type":"","overlay-color":"","overlay-opacity":"","overlay-gradient":""},"tablet":{"background-color":"","background-image":"","background-repeat":"repeat","background-position":"center center","background-size":"auto","background-attachment":"scroll","background-type":"","background-media":"","overlay-type":"","overlay-color":"","overlay-opacity":"","overlay-gradient":""},"mobile":{"background-color":"","background-image":"","background-repeat":"repeat","background-position":"center center","background-size":"auto","background-attachment":"scroll","background-type":"","background-media":"","overlay-type":"","overlay-color":"","overlay-opacity":"","overlay-gradient":""}},"ast-content-background-meta":{"desktop":{"background-color":"var(--ast-global-color-5)","background-image":"","background-repeat":"repeat","background-position":"center center","background-size":"auto","background-attachment":"scroll","background-type":"","background-media":"","overlay-type":"","overlay-color":"","overlay-opacity":"","overlay-gradient":""},"tablet":{"background-color":"var(--ast-global-color-5)","background-image":"","background-repeat":"repeat","background-position":"center center","background-size":"auto","background-attachment":"scroll","background-type":"","background-media":"","overlay-type":"","overlay-color":"","overlay-opacity":"","overlay-gradient":""},"mobile":{"background-color":"var(--ast-global-color-5)","background-image":"","background-repeat":"repeat","background-position":"center center","background-size":"auto","background-attachment":"scroll","background-type":"","background-media":"","overlay-type":"","overlay-color":"","overlay-opacity":"","overlay-gradient":""}},"footnotes":""},"categories":[517],"tags":[3750,3749,105],"class_list":["post-23949","post","type-post","status-publish","format-image","has-post-thumbnail","hentry","category-aconteceu","tag-estudo","tag-pior-cidade","tag-rio-de-janeiro","post_format-post-format-image"],"_links":{"self":[{"href":"https:\/\/noticiasnoface.com.br\/index.php\/wp-json\/wp\/v2\/posts\/23949","targetHints":{"allow":["GET"]}}],"collection":[{"href":"https:\/\/noticiasnoface.com.br\/index.php\/wp-json\/wp\/v2\/posts"}],"about":[{"href":"https:\/\/noticiasnoface.com.br\/index.php\/wp-json\/wp\/v2\/types\/post"}],"author":[{"embeddable":true,"href":"https:\/\/noticiasnoface.com.br\/index.php\/wp-json\/wp\/v2\/users\/1"}],"replies":[{"embeddable":true,"href":"https:\/\/noticiasnoface.com.br\/index.php\/wp-json\/wp\/v2\/comments?post=23949"}],"version-history":[{"count":1,"href":"https:\/\/noticiasnoface.com.br\/index.php\/wp-json\/wp\/v2\/posts\/23949\/revisions"}],"predecessor-version":[{"id":23953,"href":"https:\/\/noticiasnoface.com.br\/index.php\/wp-json\/wp\/v2\/posts\/23949\/revisions\/23953"}],"wp:featuredmedia":[{"embeddable":true,"href":"https:\/\/noticiasnoface.com.br\/index.php\/wp-json\/wp\/v2\/media\/23952"}],"wp:attachment":[{"href":"https:\/\/noticiasnoface.com.br\/index.php\/wp-json\/wp\/v2\/media?parent=23949"}],"wp:term":[{"taxonomy":"category","embeddable":true,"href":"https:\/\/noticiasnoface.com.br\/index.php\/wp-json\/wp\/v2\/categories?post=23949"},{"taxonomy":"post_tag","embeddable":true,"href":"https:\/\/noticiasnoface.com.br\/index.php\/wp-json\/wp\/v2\/tags?post=23949"}],"curies":[{"name":"wp","href":"https:\/\/api.w.org\/{rel}","templated":true}]}}