{"id":23965,"date":"2024-05-13T07:32:45","date_gmt":"2024-05-13T10:32:45","guid":{"rendered":"https:\/\/noticiasnoface.com.br\/?p=23965"},"modified":"2024-05-13T07:32:46","modified_gmt":"2024-05-13T10:32:46","slug":"emprestimo-mei-descomplicado-garante-credito-de-r-80-mil-para-brasileiros","status":"publish","type":"post","link":"https:\/\/noticiasnoface.com.br\/index.php\/2024\/05\/13\/emprestimo-mei-descomplicado-garante-credito-de-r-80-mil-para-brasileiros\/","title":{"rendered":"Empr\u00e9stimo MEI descomplicado garante cr\u00e9dito de R$ 80 mil para brasileiros"},"content":{"rendered":"\n<figure class=\"wp-block-image size-large\"><img data-opt-id=1572545789  fetchpriority=\"high\" decoding=\"async\" width=\"1024\" height=\"576\" src=\"https:\/\/mlbfrsat7ahr.i.optimole.com\/w:1024\/h:576\/q:mauto\/ig:avif\/https:\/\/noticiasnoface.com.br\/wp-content\/uploads\/2024\/05\/IMG_4720.jpeg\" alt=\"\" class=\"wp-image-23966\" srcset=\"https:\/\/mlbfrsat7ahr.i.optimole.com\/w:1024\/h:576\/q:mauto\/ig:avif\/https:\/\/noticiasnoface.com.br\/wp-content\/uploads\/2024\/05\/IMG_4720.jpeg 1024w, https:\/\/mlbfrsat7ahr.i.optimole.com\/w:300\/h:169\/q:mauto\/ig:avif\/https:\/\/noticiasnoface.com.br\/wp-content\/uploads\/2024\/05\/IMG_4720.jpeg 300w, https:\/\/mlbfrsat7ahr.i.optimole.com\/w:768\/h:432\/q:mauto\/ig:avif\/https:\/\/noticiasnoface.com.br\/wp-content\/uploads\/2024\/05\/IMG_4720.jpeg 768w, https:\/\/mlbfrsat7ahr.i.optimole.com\/w:1440\/h:810\/q:mauto\/ig:avif\/https:\/\/noticiasnoface.com.br\/wp-content\/uploads\/2024\/05\/IMG_4720.jpeg 1440w\" sizes=\"(max-width: 1000px) 100vw, 1000px\" \/><\/figure>\n\n\n\n<p>Novo programa do governo federal disponibiliza<strong>\u00a0empr\u00e9stimo para MEI de at\u00e9 R$ 80 mil\u00a0<\/strong>com taxas mais baixas. Valor \u00e9 liberado de forma mais r\u00e1pida e pode ajudar os empreendedores a crescerem seus neg\u00f3cios. Veja essa e outras op\u00e7\u00f5es de cr\u00e9dito para os Microempreendedores Individuais.<\/p>\n\n\n\n<p>O acesso a empr\u00e9stimos pode ser um grande desafio para os&nbsp;<strong>Microempreendedores Individuais.<\/strong>&nbsp;Isso porque alguns bancos podem pedir avaliar que o&nbsp;<strong>MEI<\/strong>&nbsp;n\u00e3o tem condi\u00e7\u00f5es de fazer o pagamento das parcelas. No entanto, \u00e9 exatamente o cr\u00e9dito que muitos deles precisam para dar aquela guinada no neg\u00f3cio.<\/p>\n\n\n\n<p>\u00daltimas not\u00edcias<\/p>\n\n\n\n<p><a href=\"https:\/\/fdr.com.br\/2024\/05\/13\/governo-revela-mudanca-em-importante-prazo-do-mei-e-deixa-microempreendedores-em-alerta\/?utm_source=internal&amp;utm_medium=related&amp;utm_campaign=related_posts&amp;utm_content=p3&amp;amp\" target=\"_blank\" rel=\"noopener\">Governo revela mudan\u00e7a em importante prazo do MEI e deixa microempreendedores em alerta<\/a><\/p>\n\n\n\n<p>Pensando nisso, o governo criou o&nbsp;<strong>programa Acredita,<\/strong>&nbsp;que tem quatro eixos, um deles voltado \u00e0 concess\u00e3o de cr\u00e9dito.<\/p>\n\n\n\n<h2 class=\"wp-block-heading\">Empr\u00e9stimo para MEI no valor de R$ 80 mil<\/h2>\n\n\n\n<ul class=\"wp-block-list\">\n<li>O Acredita pode ser\u00a0<a href=\"https:\/\/fdr.com.br\/2024\/05\/05\/inscricao-no-det-vira-obrigatorio-para-mei-a-partir-deste-mes-de-maio-saiba-como-cadastrar\/amp\/\" target=\"_blank\" rel=\"noopener\">acessado por\u00a0<strong>MEI,<\/strong><\/a><strong>micro e pequenas empresas\u00a0<\/strong>de qualquer segmento.<\/li>\n\n\n\n<li>Para ter acesso \u00e0s linhas de cr\u00e9dito do Acredita \u00e9 necess\u00e1rio estar inscrito no Cadastro \u00danico.<\/li>\n\n\n\n<li>Pelo programa \u00e9 poss\u00edvel ter acesso a at\u00e9 R$ 80 mil, o que equivale a 30% do faturamento anual do Microempreendedor Individual.<\/li>\n\n\n\n<li>Todas as pessoas que pegarem empr\u00e9stimo atrav\u00e9s do programa ter\u00e3o taxas reduzidas, calculada a partir da\u00a0<strong>Taxa Selic + 5% ao ano.<\/strong><\/li>\n\n\n\n<li>Esse eixo do programa conta com um aporte inicial de R$ 1 bilh\u00e3o, sendo R$ 500 liberados s\u00f3 neste ano.<\/li>\n<\/ul>\n\n\n\n<p>Para conhecer melhor o&nbsp;<strong>programa Acredita,<\/strong><a href=\"https:\/\/fdr.com.br\/2024\/04\/25\/programa-acredita-o-que-e-e-quem-pode-participar-da-acao-de-credito-e-renegociacao-de-dividas\/amp\/\" target=\"_blank\" rel=\"noopener\"><em>clique aqui.<\/em><\/a><\/p>\n","protected":false},"excerpt":{"rendered":"<p>Novo programa do governo federal disponibiliza\u00a0empr\u00e9stimo para MEI de at\u00e9 R$ 80 mil\u00a0com taxas mais baixas. Valor \u00e9 liberado de [&hellip;]<\/p>\n","protected":false},"author":1,"featured_media":0,"comment_status":"open","ping_status":"open","sticky":false,"template":"","format":"image","meta":{"site-sidebar-layout":"default","site-content-layout":"","ast-site-content-layout":"default","site-content-style":"default","site-sidebar-style":"default","ast-global-header-display":"","ast-banner-title-visibility":"","ast-main-header-display":"","ast-hfb-above-header-display":"","ast-hfb-below-header-display":"","ast-hfb-mobile-header-display":"","site-post-title":"","ast-breadcrumbs-content":"","ast-featured-img":"","footer-sml-layout":"","ast-disable-related-posts":"","theme-transparent-header-meta":"","adv-header-id-meta":"","stick-header-meta":"","header-above-stick-meta":"","header-main-stick-meta":"","header-below-stick-meta":"","astra-migrate-meta-layouts":"default","ast-page-background-enabled":"default","ast-page-background-meta":{"desktop":{"background-color":"var(--ast-global-color-4)","background-image":"","background-repeat":"repeat","background-position":"center center","background-size":"auto","background-attachment":"scroll","background-type":"","background-media":"","overlay-type":"","overlay-color":"","overlay-opacity":"","overlay-gradient":""},"tablet":{"background-color":"","background-image":"","background-repeat":"repeat","background-position":"center center","background-size":"auto","background-attachment":"scroll","background-type":"","background-media":"","overlay-type":"","overlay-color":"","overlay-opacity":"","overlay-gradient":""},"mobile":{"background-color":"","background-image":"","background-repeat":"repeat","background-position":"center center","background-size":"auto","background-attachment":"scroll","background-type":"","background-media":"","overlay-type":"","overlay-color":"","overlay-opacity":"","overlay-gradient":""}},"ast-content-background-meta":{"desktop":{"background-color":"var(--ast-global-color-5)","background-image":"","background-repeat":"repeat","background-position":"center center","background-size":"auto","background-attachment":"scroll","background-type":"","background-media":"","overlay-type":"","overlay-color":"","overlay-opacity":"","overlay-gradient":""},"tablet":{"background-color":"var(--ast-global-color-5)","background-image":"","background-repeat":"repeat","background-position":"center center","background-size":"auto","background-attachment":"scroll","background-type":"","background-media":"","overlay-type":"","overlay-color":"","overlay-opacity":"","overlay-gradient":""},"mobile":{"background-color":"var(--ast-global-color-5)","background-image":"","background-repeat":"repeat","background-position":"center center","background-size":"auto","background-attachment":"scroll","background-type":"","background-media":"","overlay-type":"","overlay-color":"","overlay-opacity":"","overlay-gradient":""}},"footnotes":""},"categories":[517],"tags":[],"class_list":["post-23965","post","type-post","status-publish","format-image","hentry","category-aconteceu","post_format-post-format-image"],"_links":{"self":[{"href":"https:\/\/noticiasnoface.com.br\/index.php\/wp-json\/wp\/v2\/posts\/23965","targetHints":{"allow":["GET"]}}],"collection":[{"href":"https:\/\/noticiasnoface.com.br\/index.php\/wp-json\/wp\/v2\/posts"}],"about":[{"href":"https:\/\/noticiasnoface.com.br\/index.php\/wp-json\/wp\/v2\/types\/post"}],"author":[{"embeddable":true,"href":"https:\/\/noticiasnoface.com.br\/index.php\/wp-json\/wp\/v2\/users\/1"}],"replies":[{"embeddable":true,"href":"https:\/\/noticiasnoface.com.br\/index.php\/wp-json\/wp\/v2\/comments?post=23965"}],"version-history":[{"count":1,"href":"https:\/\/noticiasnoface.com.br\/index.php\/wp-json\/wp\/v2\/posts\/23965\/revisions"}],"predecessor-version":[{"id":23968,"href":"https:\/\/noticiasnoface.com.br\/index.php\/wp-json\/wp\/v2\/posts\/23965\/revisions\/23968"}],"wp:attachment":[{"href":"https:\/\/noticiasnoface.com.br\/index.php\/wp-json\/wp\/v2\/media?parent=23965"}],"wp:term":[{"taxonomy":"category","embeddable":true,"href":"https:\/\/noticiasnoface.com.br\/index.php\/wp-json\/wp\/v2\/categories?post=23965"},{"taxonomy":"post_tag","embeddable":true,"href":"https:\/\/noticiasnoface.com.br\/index.php\/wp-json\/wp\/v2\/tags?post=23965"}],"curies":[{"name":"wp","href":"https:\/\/api.w.org\/{rel}","templated":true}]}}