{"id":23976,"date":"2024-05-13T10:26:49","date_gmt":"2024-05-13T13:26:49","guid":{"rendered":"https:\/\/noticiasnoface.com.br\/?p=23976"},"modified":"2024-05-13T10:26:49","modified_gmt":"2024-05-13T13:26:49","slug":"diretorio-do-partido-progressista-de-natal-tem-um-novo-presidente-por-tres-anos","status":"publish","type":"post","link":"https:\/\/noticiasnoface.com.br\/index.php\/2024\/05\/13\/diretorio-do-partido-progressista-de-natal-tem-um-novo-presidente-por-tres-anos\/","title":{"rendered":"Diret\u00f3rio do Partido Progressista de Natal tem um novo presidente por tr\u00eas anos"},"content":{"rendered":"\n<figure class=\"wp-block-image size-large\"><img data-opt-id=332720130  fetchpriority=\"high\" decoding=\"async\" width=\"1024\" height=\"851\" src=\"https:\/\/mlbfrsat7ahr.i.optimole.com\/w:1024\/h:851\/q:mauto\/ig:avif\/https:\/\/noticiasnoface.com.br\/wp-content\/uploads\/2024\/05\/img_4728-1.jpg\" class=\"wp-image-23975\" srcset=\"https:\/\/mlbfrsat7ahr.i.optimole.com\/w:1024\/h:851\/q:mauto\/ig:avif\/https:\/\/noticiasnoface.com.br\/wp-content\/uploads\/2024\/05\/img_4728-1.jpg 1024w, https:\/\/mlbfrsat7ahr.i.optimole.com\/w:300\/h:249\/q:mauto\/ig:avif\/https:\/\/noticiasnoface.com.br\/wp-content\/uploads\/2024\/05\/img_4728-1.jpg 300w, https:\/\/mlbfrsat7ahr.i.optimole.com\/w:768\/h:638\/q:mauto\/ig:avif\/https:\/\/noticiasnoface.com.br\/wp-content\/uploads\/2024\/05\/img_4728-1.jpg 768w, https:\/\/mlbfrsat7ahr.i.optimole.com\/w:1290\/h:1072\/q:mauto\/ig:avif\/https:\/\/noticiasnoface.com.br\/wp-content\/uploads\/2024\/05\/img_4728-1.jpg 1290w\" sizes=\"(max-width: 1000px) 100vw, 1000px\" \/><\/figure>\n\n\n\n<!--more-->\n\n\n\n<p>O atual Presidente da C\u00e2mara Municipal de Natal, Eriko J\u00e1come, foi eleito por aclama\u00e7\u00e3o como o novo presidente do Diret\u00f3rio Municipal do Partido Progressista (PP). A conven\u00e7\u00e3o ocorreu nesta sexta-feira (11), simbolicamente na data que remete ao n\u00famero do partido, no plen\u00e1rio da C\u00e2mara Municipal de Natal.<\/p>\n\n\n\n<p>O evento contou com a presen\u00e7a do deputado federal Paulinho Freire, pr\u00e9-candidato a prefeito de Natal, do presidente estadual do partido, o deputado federal Jo\u00e3o Maia, al\u00e9m de dezenas de pr\u00e9-candidatos a vereador, consolidando a for\u00e7a e a unidade do partido na capital potiguar. A conven\u00e7\u00e3o n\u00e3o s\u00f3 selou a lideran\u00e7a de Eriko para os pr\u00f3ximos tr\u00eas anos, mas tamb\u00e9m serviu como uma demonstra\u00e7\u00e3o de for\u00e7a e organiza\u00e7\u00e3o, com mais de 100 cidades do Rio Grande do Norte participando atrav\u00e9s de uma transmiss\u00e3o ao vivo.<\/p>\n\n\n\n<p>Sob o novo comando de Eriko J\u00e1come, o PP de Natal se posiciona como uma das maiores for\u00e7as pol\u00edticas da capital. Ao mesmo tempo, o PP estadual, sob a lideran\u00e7a do atual deputado Jo\u00e3o Maia, vem crescendo com forte representa\u00e7\u00e3o pol\u00edtica em mais de 100 cidades. Este avan\u00e7o sinaliza uma era de maior influ\u00eancia e atividade pol\u00edtica do partido no cen\u00e1rio estadual.<\/p>\n","protected":false},"excerpt":{"rendered":"","protected":false},"author":1,"featured_media":0,"comment_status":"open","ping_status":"open","sticky":false,"template":"","format":"image","meta":{"site-sidebar-layout":"default","site-content-layout":"","ast-site-content-layout":"default","site-content-style":"default","site-sidebar-style":"default","ast-global-header-display":"","ast-banner-title-visibility":"","ast-main-header-display":"","ast-hfb-above-header-display":"","ast-hfb-below-header-display":"","ast-hfb-mobile-header-display":"","site-post-title":"","ast-breadcrumbs-content":"","ast-featured-img":"","footer-sml-layout":"","ast-disable-related-posts":"","theme-transparent-header-meta":"","adv-header-id-meta":"","stick-header-meta":"","header-above-stick-meta":"","header-main-stick-meta":"","header-below-stick-meta":"","astra-migrate-meta-layouts":"default","ast-page-background-enabled":"default","ast-page-background-meta":{"desktop":{"background-color":"var(--ast-global-color-4)","background-image":"","background-repeat":"repeat","background-position":"center center","background-size":"auto","background-attachment":"scroll","background-type":"","background-media":"","overlay-type":"","overlay-color":"","overlay-opacity":"","overlay-gradient":""},"tablet":{"background-color":"","background-image":"","background-repeat":"repeat","background-position":"center center","background-size":"auto","background-attachment":"scroll","background-type":"","background-media":"","overlay-type":"","overlay-color":"","overlay-opacity":"","overlay-gradient":""},"mobile":{"background-color":"","background-image":"","background-repeat":"repeat","background-position":"center center","background-size":"auto","background-attachment":"scroll","background-type":"","background-media":"","overlay-type":"","overlay-color":"","overlay-opacity":"","overlay-gradient":""}},"ast-content-background-meta":{"desktop":{"background-color":"var(--ast-global-color-5)","background-image":"","background-repeat":"repeat","background-position":"center center","background-size":"auto","background-attachment":"scroll","background-type":"","background-media":"","overlay-type":"","overlay-color":"","overlay-opacity":"","overlay-gradient":""},"tablet":{"background-color":"var(--ast-global-color-5)","background-image":"","background-repeat":"repeat","background-position":"center center","background-size":"auto","background-attachment":"scroll","background-type":"","background-media":"","overlay-type":"","overlay-color":"","overlay-opacity":"","overlay-gradient":""},"mobile":{"background-color":"var(--ast-global-color-5)","background-image":"","background-repeat":"repeat","background-position":"center center","background-size":"auto","background-attachment":"scroll","background-type":"","background-media":"","overlay-type":"","overlay-color":"","overlay-opacity":"","overlay-gradient":""}},"footnotes":""},"categories":[517],"tags":[],"class_list":["post-23976","post","type-post","status-publish","format-image","hentry","category-aconteceu","post_format-post-format-image"],"_links":{"self":[{"href":"https:\/\/noticiasnoface.com.br\/index.php\/wp-json\/wp\/v2\/posts\/23976","targetHints":{"allow":["GET"]}}],"collection":[{"href":"https:\/\/noticiasnoface.com.br\/index.php\/wp-json\/wp\/v2\/posts"}],"about":[{"href":"https:\/\/noticiasnoface.com.br\/index.php\/wp-json\/wp\/v2\/types\/post"}],"author":[{"embeddable":true,"href":"https:\/\/noticiasnoface.com.br\/index.php\/wp-json\/wp\/v2\/users\/1"}],"replies":[{"embeddable":true,"href":"https:\/\/noticiasnoface.com.br\/index.php\/wp-json\/wp\/v2\/comments?post=23976"}],"version-history":[{"count":1,"href":"https:\/\/noticiasnoface.com.br\/index.php\/wp-json\/wp\/v2\/posts\/23976\/revisions"}],"predecessor-version":[{"id":23977,"href":"https:\/\/noticiasnoface.com.br\/index.php\/wp-json\/wp\/v2\/posts\/23976\/revisions\/23977"}],"wp:attachment":[{"href":"https:\/\/noticiasnoface.com.br\/index.php\/wp-json\/wp\/v2\/media?parent=23976"}],"wp:term":[{"taxonomy":"category","embeddable":true,"href":"https:\/\/noticiasnoface.com.br\/index.php\/wp-json\/wp\/v2\/categories?post=23976"},{"taxonomy":"post_tag","embeddable":true,"href":"https:\/\/noticiasnoface.com.br\/index.php\/wp-json\/wp\/v2\/tags?post=23976"}],"curies":[{"name":"wp","href":"https:\/\/api.w.org\/{rel}","templated":true}]}}