{"id":23980,"date":"2024-05-14T08:50:44","date_gmt":"2024-05-14T11:50:44","guid":{"rendered":"https:\/\/noticiasnoface.com.br\/?p=23980"},"modified":"2024-05-14T08:50:45","modified_gmt":"2024-05-14T11:50:45","slug":"nova-rodada-de-pagamentos-do-pis-pasep-de-ate-r-1-214-comeca-a-cair-para-trabalhadores","status":"publish","type":"post","link":"https:\/\/noticiasnoface.com.br\/index.php\/2024\/05\/14\/nova-rodada-de-pagamentos-do-pis-pasep-de-ate-r-1-214-comeca-a-cair-para-trabalhadores\/","title":{"rendered":"Nova rodada de pagamentos do PIS\/PASEP de at\u00e9 R$ 1.214 come\u00e7a a cair para trabalhadores"},"content":{"rendered":"\n<figure class=\"wp-block-image size-large\"><img data-opt-id=966572890  fetchpriority=\"high\" decoding=\"async\" width=\"1024\" height=\"576\" src=\"https:\/\/mlbfrsat7ahr.i.optimole.com\/w:1024\/h:576\/q:mauto\/ig:avif\/https:\/\/noticiasnoface.com.br\/wp-content\/uploads\/2024\/05\/img_4788-1.jpg\" class=\"wp-image-23979\" srcset=\"https:\/\/mlbfrsat7ahr.i.optimole.com\/w:1024\/h:576\/q:mauto\/ig:avif\/https:\/\/noticiasnoface.com.br\/wp-content\/uploads\/2024\/05\/img_4788-1.jpg 1024w, https:\/\/mlbfrsat7ahr.i.optimole.com\/w:300\/h:169\/q:mauto\/ig:avif\/https:\/\/noticiasnoface.com.br\/wp-content\/uploads\/2024\/05\/img_4788-1.jpg 300w, https:\/\/mlbfrsat7ahr.i.optimole.com\/w:768\/h:432\/q:mauto\/ig:avif\/https:\/\/noticiasnoface.com.br\/wp-content\/uploads\/2024\/05\/img_4788-1.jpg 768w, https:\/\/mlbfrsat7ahr.i.optimole.com\/w:1200\/h:675\/q:mauto\/ig:avif\/https:\/\/noticiasnoface.com.br\/wp-content\/uploads\/2024\/05\/img_4788-1.jpg 1200w\" sizes=\"(max-width: 1000px) 100vw, 1000px\" \/><\/figure>\n\n\n\n<!--more-->\n\n\n\n<p>At\u00e9 o m\u00eas de agosto mais de 24 milh\u00f5es de brasileiros poder\u00e3o sacar o&nbsp;<strong>PIS\/PASEP 2024.<\/strong>Os valores recebidos chegam a um sal\u00e1rio m\u00ednimo, R$ 1.412. Nesta semana um novo grupo poder\u00e1 sacar o abono salarial, veja se voc\u00ea faz parte dele.<\/p>\n\n\n\n<h2 class=\"wp-block-heading\">Veja se voc\u00ea tem direito <\/h2>\n\n\n\n<p>Em alguns dias mais brasileiros poder\u00e3o sacar o&nbsp;<strong>PIS\/PASEP 2024 com valores entre R$ 118 e R$ 1.412<\/strong>. O abono salarial \u00e9 pago anualmente em rela\u00e7\u00e3o ao ano-base anterior. Como o calend\u00e1rio est\u00e1 atrasado o pagamento desde ano \u00e9 referente a 2022. Nesse ano a previs\u00e3o \u00e9 de que 24,5 milh\u00f5es de brasileiros recebam os dep\u00f3sitos.&nbsp;<\/p>\n\n\n\n<p>\u00daltimas not\u00edcias<\/p>\n\n\n\n<p><a href=\"https:\/\/fdr.com.br\/2024\/05\/13\/novo-calendario-abono-pispasep-pode-ser-sacado-antes-descubra-se-voce-esta-incluso\/?utm_source=internal&amp;utm_medium=related&amp;utm_campaign=related_posts&amp;utm_content=p3&amp;amp\" target=\"_blank\" rel=\"noopener\">Novo calend\u00e1rio: Abono PIS\/PASEP pode ser sacado antes; descubra se voc\u00ea est\u00e1 incluso<\/a><\/p>\n\n\n\n<p>Para<a href=\"https:\/\/fdr.com.br\/2024\/05\/10\/aumento-do-salario-minimo-impacta-no-pagamento-do-abono-pispasep-em-2024\/amp\/\" target=\"_blank\" rel=\"noopener\">&nbsp;receber o abono<\/a>&nbsp;\u00e9 necess\u00e1rio ter trabalhado por, pelo menos, 30 dias consecutivos ou n\u00e3o no ano-base para o c\u00e1lculo. O pagamento \u00e9 feito aos servidores p\u00fablicos e trabalhadores com carteira assinada.&nbsp;<\/p>\n\n\n\n<h2 class=\"wp-block-heading clear\">Datas de dep\u00f3sito do PIS\/PASEP 2024<\/h2>\n\n\n\n<p>O pagamento \u00e9 feito pelo m\u00eas de nascimento do trabalhador, regra v\u00e1lida para os servidores p\u00fablicos e profissionais CLT, confira abaixo quem recebe neste m\u00eas:<strong>M\u00eas de nascimento&nbsp;<\/strong><strong>Data de dep\u00f3sito do abono<\/strong>Janeiro&nbsp;15\/02\/2024Fevereiro&nbsp;15\/03\/2024Mar\u00e7o e Abril&nbsp;15\/04\/2024Maio e Junho&nbsp;15\/05\/2024Julho e Agosto&nbsp;17\/06\/2024Setembro e Outubro&nbsp;15\/07\/2024Novembro e Dezembro&nbsp;15\/08\/2024<\/p>\n\n\n\n<p>Para 2025 o governo estima que seja gasto mais de R$ 25 milh\u00f5es para o pagamento do PIS\/PASEP,&nbsp;<em><a href=\"https:\/\/fdr.com.br\/2024\/05\/02\/estimativa-aponta-liberacao-do-pispasep-para-258-milhoes-de-trabalhadores-em-2025\/amp\/\" target=\"_blank\" rel=\"noopener\">saiba mais.&nbsp;<\/a><\/em><\/p>\n\n\n\n<h3 class=\"wp-block-heading clear\">Antecipa\u00e7\u00e3o do PIS\/PASEP 2024<\/h3>\n\n\n\n<ul class=\"wp-block-list\">\n<li>O governo federal anunciou a<strong>\u00a0antecipa\u00e7\u00e3o do abono salarial para os moradores do Rio Grande do Sul.<\/strong>\u00a0Com isso os dep\u00f3sitos come\u00e7am a serem feito nesta segunda-feira, 13 e deve beneficiar 705.273 profissionais.<\/li>\n\n\n\n<li>A antecipa\u00e7\u00e3o \u00e9 relacionada aos\u00a0<strong>dep\u00f3sitos que seriam feitos nos meses de junho, julho e agosto.<\/strong>\u00a0Ser\u00e3o investidos R$ 758 milh\u00f5es para essa a\u00e7\u00e3o.<\/li>\n<\/ul>\n","protected":false},"excerpt":{"rendered":"","protected":false},"author":1,"featured_media":0,"comment_status":"open","ping_status":"open","sticky":false,"template":"","format":"image","meta":{"site-sidebar-layout":"default","site-content-layout":"","ast-site-content-layout":"default","site-content-style":"default","site-sidebar-style":"default","ast-global-header-display":"","ast-banner-title-visibility":"","ast-main-header-display":"","ast-hfb-above-header-display":"","ast-hfb-below-header-display":"","ast-hfb-mobile-header-display":"","site-post-title":"","ast-breadcrumbs-content":"","ast-featured-img":"","footer-sml-layout":"","ast-disable-related-posts":"","theme-transparent-header-meta":"","adv-header-id-meta":"","stick-header-meta":"","header-above-stick-meta":"","header-main-stick-meta":"","header-below-stick-meta":"","astra-migrate-meta-layouts":"default","ast-page-background-enabled":"default","ast-page-background-meta":{"desktop":{"background-color":"var(--ast-global-color-4)","background-image":"","background-repeat":"repeat","background-position":"center center","background-size":"auto","background-attachment":"scroll","background-type":"","background-media":"","overlay-type":"","overlay-color":"","overlay-opacity":"","overlay-gradient":""},"tablet":{"background-color":"","background-image":"","background-repeat":"repeat","background-position":"center center","background-size":"auto","background-attachment":"scroll","background-type":"","background-media":"","overlay-type":"","overlay-color":"","overlay-opacity":"","overlay-gradient":""},"mobile":{"background-color":"","background-image":"","background-repeat":"repeat","background-position":"center center","background-size":"auto","background-attachment":"scroll","background-type":"","background-media":"","overlay-type":"","overlay-color":"","overlay-opacity":"","overlay-gradient":""}},"ast-content-background-meta":{"desktop":{"background-color":"var(--ast-global-color-5)","background-image":"","background-repeat":"repeat","background-position":"center center","background-size":"auto","background-attachment":"scroll","background-type":"","background-media":"","overlay-type":"","overlay-color":"","overlay-opacity":"","overlay-gradient":""},"tablet":{"background-color":"var(--ast-global-color-5)","background-image":"","background-repeat":"repeat","background-position":"center center","background-size":"auto","background-attachment":"scroll","background-type":"","background-media":"","overlay-type":"","overlay-color":"","overlay-opacity":"","overlay-gradient":""},"mobile":{"background-color":"var(--ast-global-color-5)","background-image":"","background-repeat":"repeat","background-position":"center center","background-size":"auto","background-attachment":"scroll","background-type":"","background-media":"","overlay-type":"","overlay-color":"","overlay-opacity":"","overlay-gradient":""}},"footnotes":""},"categories":[517],"tags":[],"class_list":["post-23980","post","type-post","status-publish","format-image","hentry","category-aconteceu","post_format-post-format-image"],"_links":{"self":[{"href":"https:\/\/noticiasnoface.com.br\/index.php\/wp-json\/wp\/v2\/posts\/23980","targetHints":{"allow":["GET"]}}],"collection":[{"href":"https:\/\/noticiasnoface.com.br\/index.php\/wp-json\/wp\/v2\/posts"}],"about":[{"href":"https:\/\/noticiasnoface.com.br\/index.php\/wp-json\/wp\/v2\/types\/post"}],"author":[{"embeddable":true,"href":"https:\/\/noticiasnoface.com.br\/index.php\/wp-json\/wp\/v2\/users\/1"}],"replies":[{"embeddable":true,"href":"https:\/\/noticiasnoface.com.br\/index.php\/wp-json\/wp\/v2\/comments?post=23980"}],"version-history":[{"count":1,"href":"https:\/\/noticiasnoface.com.br\/index.php\/wp-json\/wp\/v2\/posts\/23980\/revisions"}],"predecessor-version":[{"id":23981,"href":"https:\/\/noticiasnoface.com.br\/index.php\/wp-json\/wp\/v2\/posts\/23980\/revisions\/23981"}],"wp:attachment":[{"href":"https:\/\/noticiasnoface.com.br\/index.php\/wp-json\/wp\/v2\/media?parent=23980"}],"wp:term":[{"taxonomy":"category","embeddable":true,"href":"https:\/\/noticiasnoface.com.br\/index.php\/wp-json\/wp\/v2\/categories?post=23980"},{"taxonomy":"post_tag","embeddable":true,"href":"https:\/\/noticiasnoface.com.br\/index.php\/wp-json\/wp\/v2\/tags?post=23980"}],"curies":[{"name":"wp","href":"https:\/\/api.w.org\/{rel}","templated":true}]}}