{"id":23991,"date":"2024-05-14T20:43:22","date_gmt":"2024-05-14T23:43:22","guid":{"rendered":"https:\/\/noticiasnoface.com.br\/?p=23991"},"modified":"2024-05-14T20:43:22","modified_gmt":"2024-05-14T23:43:22","slug":"a-camara-de-parnamirim-realizara-sessao-solene-em-homenagem-aos-profissionais-da-contabilidade","status":"publish","type":"post","link":"https:\/\/noticiasnoface.com.br\/index.php\/2024\/05\/14\/a-camara-de-parnamirim-realizara-sessao-solene-em-homenagem-aos-profissionais-da-contabilidade\/","title":{"rendered":"A C\u00e2mara de Parnamirim realizar\u00e1 sess\u00e3o solene em homenagem aos profissionais da contabilidade"},"content":{"rendered":"\n<figure class=\"wp-block-image size-large\"><img data-opt-id=1523138681  fetchpriority=\"high\" decoding=\"async\" width=\"1024\" height=\"1024\" src=\"https:\/\/mlbfrsat7ahr.i.optimole.com\/w:1024\/h:1024\/q:mauto\/ig:avif\/https:\/\/noticiasnoface.com.br\/wp-content\/uploads\/2024\/05\/baaf495b-54c0-4675-bed9-119fa3dd5df0-1.jpg\" class=\"wp-image-23990\" srcset=\"https:\/\/mlbfrsat7ahr.i.optimole.com\/w:1024\/h:1024\/q:mauto\/ig:avif\/https:\/\/noticiasnoface.com.br\/wp-content\/uploads\/2024\/05\/baaf495b-54c0-4675-bed9-119fa3dd5df0-1.jpg 1024w, https:\/\/mlbfrsat7ahr.i.optimole.com\/w:300\/h:300\/q:mauto\/ig:avif\/https:\/\/noticiasnoface.com.br\/wp-content\/uploads\/2024\/05\/baaf495b-54c0-4675-bed9-119fa3dd5df0-1.jpg 300w, https:\/\/mlbfrsat7ahr.i.optimole.com\/w:150\/h:150\/q:mauto\/ig:avif\/https:\/\/noticiasnoface.com.br\/wp-content\/uploads\/2024\/05\/baaf495b-54c0-4675-bed9-119fa3dd5df0-1.jpg 150w, https:\/\/mlbfrsat7ahr.i.optimole.com\/w:768\/h:768\/q:mauto\/ig:avif\/https:\/\/noticiasnoface.com.br\/wp-content\/uploads\/2024\/05\/baaf495b-54c0-4675-bed9-119fa3dd5df0-1.jpg 768w, https:\/\/mlbfrsat7ahr.i.optimole.com\/w:1080\/h:1080\/q:mauto\/ig:avif\/https:\/\/noticiasnoface.com.br\/wp-content\/uploads\/2024\/05\/baaf495b-54c0-4675-bed9-119fa3dd5df0-1.jpg 1080w\" sizes=\"(max-width: 1000px) 100vw, 1000px\" \/><\/figure>\n\n\n\n<!--more-->\n\n\n\n<p>A C\u00e2mara de Parnamirim realizar\u00e1 sess\u00e3o solene em homenagem aos profissionais da contabilidade, na pr\u00f3xima quinta-feira, 16, \u00e0s 18h. O evento \u00e9 uma proposi\u00e7\u00e3o da vereadora Carol Pires e ocorre no Plen\u00e1rio Dr. M\u00e1rio Medeiros.<\/p>\n\n\n\n<p>Na ocasi\u00e3o, cada vereador ir\u00e1 condecorar uma pessoa com a Comenda para o Profissional de Contabilidade. A solenidade \u00e9 uma oportunidade de reconhecer os relevantes servi\u00e7os prestados \u00e0 classe cont\u00e1bil local.<\/p>\n\n\n\n<p>Projeto<\/p>\n\n\n\n<p>O Projeto de Lei n\u00ba 52\/2022 instituiu o Dia do Profissional em Contabilidade, no calend\u00e1rio oficial do munic\u00edpio de Parnamirim e criou a comenda. A data deve ser comemorada, anualmente, no dia 25 de abril.<\/p>\n\n\n\n<p>O Que: Sess\u00e3o Solene em homenagem aos profissionais da contabilidade<\/p>\n\n\n\n<p>Quando: 16\/05 &#8211; quinta-feira<\/p>\n\n\n\n<p>Hor\u00e1rio: 18h<\/p>\n\n\n\n<p>Onde: Plen\u00e1rio Dr. M\u00e1rio Medeiros<\/p>\n\n\n\n<p>Assessor de Comunica\u00e7\u00e3o | Canind\u00e9 Pereira | 84 99628-4679<\/p>\n","protected":false},"excerpt":{"rendered":"","protected":false},"author":1,"featured_media":0,"comment_status":"open","ping_status":"open","sticky":false,"template":"","format":"image","meta":{"site-sidebar-layout":"default","site-content-layout":"","ast-site-content-layout":"default","site-content-style":"default","site-sidebar-style":"default","ast-global-header-display":"","ast-banner-title-visibility":"","ast-main-header-display":"","ast-hfb-above-header-display":"","ast-hfb-below-header-display":"","ast-hfb-mobile-header-display":"","site-post-title":"","ast-breadcrumbs-content":"","ast-featured-img":"","footer-sml-layout":"","ast-disable-related-posts":"","theme-transparent-header-meta":"","adv-header-id-meta":"","stick-header-meta":"","header-above-stick-meta":"","header-main-stick-meta":"","header-below-stick-meta":"","astra-migrate-meta-layouts":"default","ast-page-background-enabled":"default","ast-page-background-meta":{"desktop":{"background-color":"var(--ast-global-color-4)","background-image":"","background-repeat":"repeat","background-position":"center center","background-size":"auto","background-attachment":"scroll","background-type":"","background-media":"","overlay-type":"","overlay-color":"","overlay-opacity":"","overlay-gradient":""},"tablet":{"background-color":"","background-image":"","background-repeat":"repeat","background-position":"center center","background-size":"auto","background-attachment":"scroll","background-type":"","background-media":"","overlay-type":"","overlay-color":"","overlay-opacity":"","overlay-gradient":""},"mobile":{"background-color":"","background-image":"","background-repeat":"repeat","background-position":"center center","background-size":"auto","background-attachment":"scroll","background-type":"","background-media":"","overlay-type":"","overlay-color":"","overlay-opacity":"","overlay-gradient":""}},"ast-content-background-meta":{"desktop":{"background-color":"var(--ast-global-color-5)","background-image":"","background-repeat":"repeat","background-position":"center center","background-size":"auto","background-attachment":"scroll","background-type":"","background-media":"","overlay-type":"","overlay-color":"","overlay-opacity":"","overlay-gradient":""},"tablet":{"background-color":"var(--ast-global-color-5)","background-image":"","background-repeat":"repeat","background-position":"center center","background-size":"auto","background-attachment":"scroll","background-type":"","background-media":"","overlay-type":"","overlay-color":"","overlay-opacity":"","overlay-gradient":""},"mobile":{"background-color":"var(--ast-global-color-5)","background-image":"","background-repeat":"repeat","background-position":"center center","background-size":"auto","background-attachment":"scroll","background-type":"","background-media":"","overlay-type":"","overlay-color":"","overlay-opacity":"","overlay-gradient":""}},"footnotes":""},"categories":[517],"tags":[],"class_list":["post-23991","post","type-post","status-publish","format-image","hentry","category-aconteceu","post_format-post-format-image"],"_links":{"self":[{"href":"https:\/\/noticiasnoface.com.br\/index.php\/wp-json\/wp\/v2\/posts\/23991","targetHints":{"allow":["GET"]}}],"collection":[{"href":"https:\/\/noticiasnoface.com.br\/index.php\/wp-json\/wp\/v2\/posts"}],"about":[{"href":"https:\/\/noticiasnoface.com.br\/index.php\/wp-json\/wp\/v2\/types\/post"}],"author":[{"embeddable":true,"href":"https:\/\/noticiasnoface.com.br\/index.php\/wp-json\/wp\/v2\/users\/1"}],"replies":[{"embeddable":true,"href":"https:\/\/noticiasnoface.com.br\/index.php\/wp-json\/wp\/v2\/comments?post=23991"}],"version-history":[{"count":1,"href":"https:\/\/noticiasnoface.com.br\/index.php\/wp-json\/wp\/v2\/posts\/23991\/revisions"}],"predecessor-version":[{"id":23992,"href":"https:\/\/noticiasnoface.com.br\/index.php\/wp-json\/wp\/v2\/posts\/23991\/revisions\/23992"}],"wp:attachment":[{"href":"https:\/\/noticiasnoface.com.br\/index.php\/wp-json\/wp\/v2\/media?parent=23991"}],"wp:term":[{"taxonomy":"category","embeddable":true,"href":"https:\/\/noticiasnoface.com.br\/index.php\/wp-json\/wp\/v2\/categories?post=23991"},{"taxonomy":"post_tag","embeddable":true,"href":"https:\/\/noticiasnoface.com.br\/index.php\/wp-json\/wp\/v2\/tags?post=23991"}],"curies":[{"name":"wp","href":"https:\/\/api.w.org\/{rel}","templated":true}]}}