{"id":24003,"date":"2024-05-15T13:03:11","date_gmt":"2024-05-15T16:03:11","guid":{"rendered":"https:\/\/noticiasnoface.com.br\/?p=24003"},"modified":"2024-05-15T13:03:12","modified_gmt":"2024-05-15T16:03:12","slug":"aposentadoria-sem-idade-minima-e-a-mais-nova-mudanca-do-inss-em-2024","status":"publish","type":"post","link":"https:\/\/noticiasnoface.com.br\/index.php\/2024\/05\/15\/aposentadoria-sem-idade-minima-e-a-mais-nova-mudanca-do-inss-em-2024\/","title":{"rendered":"Aposentadoria sem idade m\u00ednima \u00e9 a mais nova MUDAN\u00c7A do INSS em 2024"},"content":{"rendered":"\n<figure class=\"wp-block-image size-large\"><img data-opt-id=2079250360  fetchpriority=\"high\" decoding=\"async\" width=\"1024\" height=\"576\" src=\"https:\/\/mlbfrsat7ahr.i.optimole.com\/w:1024\/h:576\/q:mauto\/ig:avif\/https:\/\/noticiasnoface.com.br\/wp-content\/uploads\/2024\/05\/img_4918-1.jpg\" class=\"wp-image-24002\" srcset=\"https:\/\/mlbfrsat7ahr.i.optimole.com\/w:1024\/h:576\/q:mauto\/ig:avif\/https:\/\/noticiasnoface.com.br\/wp-content\/uploads\/2024\/05\/img_4918-1.jpg 1024w, https:\/\/mlbfrsat7ahr.i.optimole.com\/w:300\/h:169\/q:mauto\/ig:avif\/https:\/\/noticiasnoface.com.br\/wp-content\/uploads\/2024\/05\/img_4918-1.jpg 300w, https:\/\/mlbfrsat7ahr.i.optimole.com\/w:768\/h:432\/q:mauto\/ig:avif\/https:\/\/noticiasnoface.com.br\/wp-content\/uploads\/2024\/05\/img_4918-1.jpg 768w, https:\/\/mlbfrsat7ahr.i.optimole.com\/w:1200\/h:675\/q:mauto\/ig:avif\/https:\/\/noticiasnoface.com.br\/wp-content\/uploads\/2024\/05\/img_4918-1.jpg 1200w\" sizes=\"(max-width: 1000px) 100vw, 1000px\" \/><\/figure>\n\n\n\n<!--more-->\n\n\n\n<p>O INSS (Instituto Nacional do Seguro Social) implementou mudan\u00e7as importantes nas regras da aposentadoria e outros benef\u00edcios previdenci\u00e1rios, visando oferecer uma maior estabilidade financeira para aqueles que est\u00e3o pr\u00f3ximos da aposentadoria.<\/p>\n\n\n\n<h2 class=\"wp-block-heading\">Mudan\u00e7as em 2024<\/h2>\n\n\n\n<p>Uma das mudan\u00e7as mais significativas est\u00e1 relacionada aos requisitos para&nbsp;<a href=\"https:\/\/fdr.com.br\/2024\/05\/07\/aposentadoria-entre-50-e-55-anos-explicamos-a-novidade-aprovada-por-lula\/amp\/\" target=\"_blank\" rel=\"noopener\">aposentadoria<\/a>por tempo de contribui\u00e7\u00e3o. Agora, mulheres com pelo menos 30 anos de contribui\u00e7\u00e3o e homens com 35 anos podem solicitar a aposentadoria sem a necessidade de atingir uma idade m\u00ednima. Isso \u00e9 especialmente ben\u00e9fico para aqueles que come\u00e7aram a trabalhar bem jovens.<\/p>\n\n\n\n<h2 class=\"wp-block-heading clear\">Nova regra da aposentadoria<\/h2>\n\n\n\n<p>Substituindo o Fator Previdenci\u00e1rio, a F\u00f3rmula 86\/96 \u00e9 mais uma altera\u00e7\u00e3o importante. Esta nova f\u00f3rmula calcula a pontua\u00e7\u00e3o somando a idade do benefici\u00e1rio com o tempo de contribui\u00e7\u00e3o, exigindo que as mulheres alcancem 86 pontos e os homens 96 pontos para se qualificarem para a aposentadoria.<\/p>\n\n\n\n<p>Todas essas mudan\u00e7as t\u00eam como objetivo garantir a sustentabilidade do sistema previdenci\u00e1rio, ao mesmo tempo em que garantem prote\u00e7\u00e3o e seguran\u00e7a financeira aos futuros benefici\u00e1rios.<\/p>\n\n\n\n<h2 class=\"wp-block-heading\">Veja como solicitar aposentadoria <\/h2>\n\n\n\n<p>Para iniciar o processo, \u00e9 necess\u00e1rio reunir documentos como RG, CPF, comprovante de resid\u00eancia, carteira de trabalho, extrato do FGTS, al\u00e9m de outros documentos espec\u00edficos dependendo do tipo de aposentadoria solicitada.<\/p>\n\n\n\n<p>Ap\u00f3s reunir a documenta\u00e7\u00e3o, o trabalhador pode entrar em contato com o INSS atrav\u00e9s do site ou do aplicativo \u2018<a href=\"https:\/\/fdr.com.br\/2024\/04\/22\/passos-para-solicitar-aposentadoria-atraves-do-site-ou-aplicativo-meu-inss\/amp\/\" target=\"_blank\" rel=\"noopener\">Meu INSS<\/a>\u2018 para fazer a solicita\u00e7\u00e3o de aposentadoria.<\/p>\n\n\n\n<h2 class=\"wp-block-heading clear\">Tipos de aposentadoria do INSS<\/h2>\n\n\n\n<p>A aposentadoria do INSS pode ser concedida de diversas formas, como:<\/p>\n\n\n\n<ul class=\"wp-block-list\">\n<li>Aposentadoria por tempo de contribui\u00e7\u00e3o;<\/li>\n\n\n\n<li>Aposentadoria por tempo de contribui\u00e7\u00e3o dos professores;<\/li>\n\n\n\n<li>Aposentadoria por idade urbana;<\/li>\n\n\n\n<li>Aposentadoria por idade rural;<\/li>\n\n\n\n<li><a href=\"https:\/\/fdr.com.br\/2024\/05\/11\/aprenda-a-solicitar-a-aposentadoria-especial-atraves-do-site-e-app-meu-inss\/amp\/\" target=\"_blank\" rel=\"noopener\">Aposentadoria especial<\/a>;<\/li>\n\n\n\n<li>Aposentadoria por invalidez;<\/li>\n\n\n\n<li>Aposentadoria da pessoa com defici\u00eancia por idade;<\/li>\n\n\n\n<li>Aposentadoria da pessoa com defici\u00eancia por tempo de contribui\u00e7\u00e3o.<\/li>\n<\/ul>\n","protected":false},"excerpt":{"rendered":"","protected":false},"author":1,"featured_media":0,"comment_status":"open","ping_status":"open","sticky":false,"template":"","format":"image","meta":{"site-sidebar-layout":"default","site-content-layout":"","ast-site-content-layout":"default","site-content-style":"default","site-sidebar-style":"default","ast-global-header-display":"","ast-banner-title-visibility":"","ast-main-header-display":"","ast-hfb-above-header-display":"","ast-hfb-below-header-display":"","ast-hfb-mobile-header-display":"","site-post-title":"","ast-breadcrumbs-content":"","ast-featured-img":"","footer-sml-layout":"","ast-disable-related-posts":"","theme-transparent-header-meta":"","adv-header-id-meta":"","stick-header-meta":"","header-above-stick-meta":"","header-main-stick-meta":"","header-below-stick-meta":"","astra-migrate-meta-layouts":"default","ast-page-background-enabled":"default","ast-page-background-meta":{"desktop":{"background-color":"var(--ast-global-color-4)","background-image":"","background-repeat":"repeat","background-position":"center center","background-size":"auto","background-attachment":"scroll","background-type":"","background-media":"","overlay-type":"","overlay-color":"","overlay-opacity":"","overlay-gradient":""},"tablet":{"background-color":"","background-image":"","background-repeat":"repeat","background-position":"center center","background-size":"auto","background-attachment":"scroll","background-type":"","background-media":"","overlay-type":"","overlay-color":"","overlay-opacity":"","overlay-gradient":""},"mobile":{"background-color":"","background-image":"","background-repeat":"repeat","background-position":"center center","background-size":"auto","background-attachment":"scroll","background-type":"","background-media":"","overlay-type":"","overlay-color":"","overlay-opacity":"","overlay-gradient":""}},"ast-content-background-meta":{"desktop":{"background-color":"var(--ast-global-color-5)","background-image":"","background-repeat":"repeat","background-position":"center center","background-size":"auto","background-attachment":"scroll","background-type":"","background-media":"","overlay-type":"","overlay-color":"","overlay-opacity":"","overlay-gradient":""},"tablet":{"background-color":"var(--ast-global-color-5)","background-image":"","background-repeat":"repeat","background-position":"center center","background-size":"auto","background-attachment":"scroll","background-type":"","background-media":"","overlay-type":"","overlay-color":"","overlay-opacity":"","overlay-gradient":""},"mobile":{"background-color":"var(--ast-global-color-5)","background-image":"","background-repeat":"repeat","background-position":"center center","background-size":"auto","background-attachment":"scroll","background-type":"","background-media":"","overlay-type":"","overlay-color":"","overlay-opacity":"","overlay-gradient":""}},"footnotes":""},"categories":[517],"tags":[],"class_list":["post-24003","post","type-post","status-publish","format-image","hentry","category-aconteceu","post_format-post-format-image"],"_links":{"self":[{"href":"https:\/\/noticiasnoface.com.br\/index.php\/wp-json\/wp\/v2\/posts\/24003","targetHints":{"allow":["GET"]}}],"collection":[{"href":"https:\/\/noticiasnoface.com.br\/index.php\/wp-json\/wp\/v2\/posts"}],"about":[{"href":"https:\/\/noticiasnoface.com.br\/index.php\/wp-json\/wp\/v2\/types\/post"}],"author":[{"embeddable":true,"href":"https:\/\/noticiasnoface.com.br\/index.php\/wp-json\/wp\/v2\/users\/1"}],"replies":[{"embeddable":true,"href":"https:\/\/noticiasnoface.com.br\/index.php\/wp-json\/wp\/v2\/comments?post=24003"}],"version-history":[{"count":1,"href":"https:\/\/noticiasnoface.com.br\/index.php\/wp-json\/wp\/v2\/posts\/24003\/revisions"}],"predecessor-version":[{"id":24004,"href":"https:\/\/noticiasnoface.com.br\/index.php\/wp-json\/wp\/v2\/posts\/24003\/revisions\/24004"}],"wp:attachment":[{"href":"https:\/\/noticiasnoface.com.br\/index.php\/wp-json\/wp\/v2\/media?parent=24003"}],"wp:term":[{"taxonomy":"category","embeddable":true,"href":"https:\/\/noticiasnoface.com.br\/index.php\/wp-json\/wp\/v2\/categories?post=24003"},{"taxonomy":"post_tag","embeddable":true,"href":"https:\/\/noticiasnoface.com.br\/index.php\/wp-json\/wp\/v2\/tags?post=24003"}],"curies":[{"name":"wp","href":"https:\/\/api.w.org\/{rel}","templated":true}]}}