{"id":24006,"date":"2024-05-15T23:06:04","date_gmt":"2024-05-16T02:06:04","guid":{"rendered":"https:\/\/noticiasnoface.com.br\/?p=24006"},"modified":"2024-05-15T23:06:04","modified_gmt":"2024-05-16T02:06:04","slug":"cmn-encaminha-criacao-do-roteiro-natal-na-rota-do-turismo-da-2a-guerra","status":"publish","type":"post","link":"https:\/\/noticiasnoface.com.br\/index.php\/2024\/05\/15\/cmn-encaminha-criacao-do-roteiro-natal-na-rota-do-turismo-da-2a-guerra\/","title":{"rendered":"CMN encaminha cria\u00e7\u00e3o do roteiro \u201cNatal na rota do turismo da 2\u00aa guerra\u201d&nbsp;"},"content":{"rendered":"\n<figure class=\"wp-block-image size-large\"><img data-opt-id=1157585693  fetchpriority=\"high\" decoding=\"async\" width=\"1024\" height=\"686\" src=\"https:\/\/mlbfrsat7ahr.i.optimole.com\/w:1024\/h:686\/q:mauto\/ig:avif\/https:\/\/noticiasnoface.com.br\/wp-content\/uploads\/2024\/05\/img_4951-1.jpg\" class=\"wp-image-24005\" srcset=\"https:\/\/mlbfrsat7ahr.i.optimole.com\/w:1024\/h:686\/q:mauto\/ig:avif\/https:\/\/noticiasnoface.com.br\/wp-content\/uploads\/2024\/05\/img_4951-1.jpg 1024w, https:\/\/mlbfrsat7ahr.i.optimole.com\/w:300\/h:201\/q:mauto\/ig:avif\/https:\/\/noticiasnoface.com.br\/wp-content\/uploads\/2024\/05\/img_4951-1.jpg 300w, https:\/\/mlbfrsat7ahr.i.optimole.com\/w:768\/h:515\/q:mauto\/ig:avif\/https:\/\/noticiasnoface.com.br\/wp-content\/uploads\/2024\/05\/img_4951-1.jpg 768w, https:\/\/mlbfrsat7ahr.i.optimole.com\/w:1536\/h:1029\/q:mauto\/ig:avif\/https:\/\/noticiasnoface.com.br\/wp-content\/uploads\/2024\/05\/img_4951-1.jpg 1536w, https:\/\/mlbfrsat7ahr.i.optimole.com\/w:1600\/h:1072\/q:mauto\/ig:avif\/https:\/\/noticiasnoface.com.br\/wp-content\/uploads\/2024\/05\/img_4951-1.jpg 1600w\" sizes=\"(max-width: 1000px) 100vw, 1000px\" \/><\/figure>\n\n\n\n<!--more-->\n\n\n\n<p>A C\u00e2mara Municipal de Natal quer colocar \u201cNatal na rota do turismo da 2\u00aa guerra\u201d. Esse foi o objetivo da audi\u00eancia p\u00fablica realizada, na tarde desta quarta-feira(15), por proposi\u00e7\u00e3o dos vereadores Dickson J\u00fanior e Felipe Alves, no Complexo Cultural da Rampa, na Ribeira, local onde foi firmado o acordo para inclus\u00e3o do Brasil nas for\u00e7as aliadas.&nbsp;<\/p>\n\n\n\n<p>Foi \u00e0s margens do nosso rio, o encontro que entrou para a hist\u00f3ria como a Confer\u00eancia do Potengi, na qual os presidentes do Brasil, Get\u00falio Vargas e, dos Estados Unidos, Franklin D. Roosevelt, definiram a participa\u00e7\u00e3o brasileira na 2\u00aa Guerra Mundial. Fato hist\u00f3rico e importante n\u00e3o s\u00f3 para Natal, mas para todo o pa\u00eds, uma vez que a partir de ent\u00e3o foi criada a For\u00e7a Expedicion\u00e1ria Brasileira (FEB) e surgiu a avia\u00e7\u00e3o de cargas e passageiros no Brasil.<\/p>\n\n\n\n<p>O vereador Dickson J\u00fanior explicou que o objetivo da audi\u00eancia p\u00fablica, al\u00e9m dar visibilidade para natalenses e turistas sobre o tema, era dar o pontap\u00e9 inicial para a cria\u00e7\u00e3o do roteiro tur\u00edstico sobre a 2\u00aa Guerra na cidade, incluindo o Museu da Rampa e o Centro Cultural Trampolim da Vit\u00f3ria, em Parnamirim, bem como outros atrativos como a visita \u00e0s aeronaves que ca\u00edram no litoral da cidade, abrindo caminho para explora\u00e7\u00e3o tamb\u00e9m do turismo de mergulho.<\/p>\n\n\n\n<p>\u201cTemos um produto tur\u00edstico \u00fanico. Toda essa hist\u00f3ria nunca exploramos como atrativo. Precisamos que a iniciativa p\u00fablica e a privada abracem essa causa. Para isso, convidamos diversos personagens da sociedade que tem rela\u00e7\u00e3o com o tema hist\u00f3rico e o turismo. Vamos clamar por uma uni\u00e3o de esfor\u00e7os para colocar Natal nessa rota, com incentivo \u00e0 manuten\u00e7\u00e3o dos equipamentos hist\u00f3ricos\/tur\u00edsticos, amplia\u00e7\u00e3o do acervo e divulga\u00e7\u00e3o desses atrativos\u201d, completou o vereador Felipe Alves.<\/p>\n\n\n\n<p><br \/>Foram convidados e estiveram presentes na audi\u00eancia p\u00fablica os secret\u00e1rios de Turismo de Natal e Parnamirim, Ohana Fernandes e Jarbas Filho; e a vice-presidente da Empresa Potiguar de Promo\u00e7\u00e3o Tur\u00edstica (Emprotur RN), Molga Freire, que se colocaram \u00e0 disposi\u00e7\u00e3o dos vereadores e dos representantes das classes produtivas para a constru\u00e7\u00e3o e divulga\u00e7\u00e3o do roteiro tur\u00edstico. Enviaram representantes a Fecom\u00e9rcio e o Sebrae. As For\u00e7as Armadas foram convidadas, mas apenas o Ex\u00e9rcito compareceu. Do trade, presidente da ABIH-RN, Abdon Gosson, manifestou apoio e ressaltou que j\u00e1 est\u00e1 na hora do roteiro \u201cNatal na rota do turismo da 2\u00aa guerra\u201d sair do papel, no que foi efusivamente aplaudido por significativa representa\u00e7\u00e3o do Sindicato dos Guias de Turismo (Singtur-rn) presente.<\/p>\n\n\n\n<p>\u201cTemos muito a oferecer ao turista. Natal contribuiu para a paz antecipada e com isso para a recupera\u00e7\u00e3o da economia mundial no p\u00f3s-guerra\u201d, enfatizou o representante do Instituto Hist\u00f3rico e Geogr\u00e1fico do RN, Augusto Maranh\u00e3o, conhecido entusiasta e estudioso do tema. Ele destaca que n\u00e3o precisa fazer muito para real\u00e7ar as lembran\u00e7as ainda presentes na cidade, para natalenses e turistas conhecerem e apreciarem nos dias atuais. \u201cA simples sinaliza\u00e7\u00e3o dos pr\u00e9dios utilizados pelo consulado e pela intelig\u00eancia americana durante a ocupa\u00e7\u00e3o j\u00e1 s\u00e3o atrativos\u201d, pontuou, acrescentando \u00e0s visitas aos acervos do Museu da Rampa, em Natal, e do Centro Cultural Trampolim da Vit\u00f3ria, em Parnamirim, no antigo aeroporto Augusto Severo, bem como do pr\u00f3prio IHGRN, que conta com vasta documenta\u00e7\u00e3o hist\u00f3rica.&nbsp;<\/p>\n\n\n\n<p>\u201cO pr\u00f3prio natalense desconhece nossa hist\u00f3ria. N\u00e3o sabe que Natal foi um dos quatro pontos mais importantes do mundo, durante a 2\u00aa Guerra. Temos um potencial adormecido que esperamos despertar a partir dessa audi\u00eancia p\u00fablica\u201d, concluiu, n\u00e3o sem antes lembrar da possibilidade de visita\u00e7\u00e3o tamb\u00e9m \u00e0s aeronaves que ca\u00edram no litoral ou em munic\u00edpios pr\u00f3ximos de Natal. \u201cTodos em locais de f\u00e1cil acesso no mar ou em terra\u201d, assegura.<\/p>\n\n\n\n<p>Da audi\u00eancia p\u00fablica, os vereadores encaminharam reuni\u00f5es com os representantes dos \u00f3rg\u00e3os p\u00fablicos e das classes produtivas, para a concretiza\u00e7\u00e3o do roteiro \u201cNatal na rota do turismo da 2\u00aa guerra\u201d.<\/p>\n\n\n\n<p><br \/>Para conhecer:&nbsp;<\/p>\n\n\n\n<p>&#8211; Museu da Rampa, Ribeira, Natal: aberto \u00e0 visita\u00e7\u00e3o de ter\u00e7a a domingo, das 9h \u00e0s 17h<\/p>\n\n\n\n<p>&#8211; Centro Cultural Trampolim da Vit\u00f3ria: aberto \u00e0 visita\u00e7\u00e3o de quarta a domingo, das 9h \u00e0s 16h<\/p>\n\n\n\n<p>Entradas e estacionamentos gratuitos.<\/p>\n\n\n\n<p><br \/>Sobre a Confer\u00eancia do Potengi<\/p>\n\n\n\n<p>O encontro dos presidentes brasileiro e norte-americano, Get\u00falio Vargas e Franklin Roosevelt, ocorreu em 28 de janeiro de 1943.&nbsp;<\/p>\n\n\n\n<p>Voltando da Confer\u00eancia de Casablanca, no Marrocos, que decidiu sobre o caminho a ser seguido pelos aliados, Roosevelt decidiu visitar as instala\u00e7\u00f5es militares na regi\u00e3o de Natal, que contribu\u00edam principalmente com o envio de aeronaves e suprimentos para os frontes na \u00c1frica e \u00c1sia.&nbsp;<\/p>\n\n\n\n<p>A cena \u00e9 remontada pelos integrantes da Funda\u00e7\u00e3o Rampa, criada em 2001 para preservar as edifica\u00e7\u00f5es da antiga base de hidroavi\u00f5es remanescente do in\u00edcio da d\u00e9cada de 40.&nbsp;<\/p>\n\n\n\n<p>Todo 28 de janeiro, um comboio de ve\u00edculos antigos e viaturas militares percorrem as ruas da capital a partir da Rampa.<\/p>\n\n\n\n<p>Texto: Ilana Albuquerque&nbsp;<\/p>\n\n\n\n<p>Fotos Elp\u00eddio J\u00fanior&nbsp;<\/p>\n\n\n\n<p><\/p>\n","protected":false},"excerpt":{"rendered":"","protected":false},"author":1,"featured_media":0,"comment_status":"open","ping_status":"open","sticky":false,"template":"","format":"image","meta":{"site-sidebar-layout":"default","site-content-layout":"","ast-site-content-layout":"default","site-content-style":"default","site-sidebar-style":"default","ast-global-header-display":"","ast-banner-title-visibility":"","ast-main-header-display":"","ast-hfb-above-header-display":"","ast-hfb-below-header-display":"","ast-hfb-mobile-header-display":"","site-post-title":"","ast-breadcrumbs-content":"","ast-featured-img":"","footer-sml-layout":"","ast-disable-related-posts":"","theme-transparent-header-meta":"","adv-header-id-meta":"","stick-header-meta":"","header-above-stick-meta":"","header-main-stick-meta":"","header-below-stick-meta":"","astra-migrate-meta-layouts":"default","ast-page-background-enabled":"default","ast-page-background-meta":{"desktop":{"background-color":"var(--ast-global-color-4)","background-image":"","background-repeat":"repeat","background-position":"center center","background-size":"auto","background-attachment":"scroll","background-type":"","background-media":"","overlay-type":"","overlay-color":"","overlay-opacity":"","overlay-gradient":""},"tablet":{"background-color":"","background-image":"","background-repeat":"repeat","background-position":"center center","background-size":"auto","background-attachment":"scroll","background-type":"","background-media":"","overlay-type":"","overlay-color":"","overlay-opacity":"","overlay-gradient":""},"mobile":{"background-color":"","background-image":"","background-repeat":"repeat","background-position":"center center","background-size":"auto","background-attachment":"scroll","background-type":"","background-media":"","overlay-type":"","overlay-color":"","overlay-opacity":"","overlay-gradient":""}},"ast-content-background-meta":{"desktop":{"background-color":"var(--ast-global-color-5)","background-image":"","background-repeat":"repeat","background-position":"center center","background-size":"auto","background-attachment":"scroll","background-type":"","background-media":"","overlay-type":"","overlay-color":"","overlay-opacity":"","overlay-gradient":""},"tablet":{"background-color":"var(--ast-global-color-5)","background-image":"","background-repeat":"repeat","background-position":"center center","background-size":"auto","background-attachment":"scroll","background-type":"","background-media":"","overlay-type":"","overlay-color":"","overlay-opacity":"","overlay-gradient":""},"mobile":{"background-color":"var(--ast-global-color-5)","background-image":"","background-repeat":"repeat","background-position":"center center","background-size":"auto","background-attachment":"scroll","background-type":"","background-media":"","overlay-type":"","overlay-color":"","overlay-opacity":"","overlay-gradient":""}},"footnotes":""},"categories":[517],"tags":[],"class_list":["post-24006","post","type-post","status-publish","format-image","hentry","category-aconteceu","post_format-post-format-image"],"_links":{"self":[{"href":"https:\/\/noticiasnoface.com.br\/index.php\/wp-json\/wp\/v2\/posts\/24006","targetHints":{"allow":["GET"]}}],"collection":[{"href":"https:\/\/noticiasnoface.com.br\/index.php\/wp-json\/wp\/v2\/posts"}],"about":[{"href":"https:\/\/noticiasnoface.com.br\/index.php\/wp-json\/wp\/v2\/types\/post"}],"author":[{"embeddable":true,"href":"https:\/\/noticiasnoface.com.br\/index.php\/wp-json\/wp\/v2\/users\/1"}],"replies":[{"embeddable":true,"href":"https:\/\/noticiasnoface.com.br\/index.php\/wp-json\/wp\/v2\/comments?post=24006"}],"version-history":[{"count":1,"href":"https:\/\/noticiasnoface.com.br\/index.php\/wp-json\/wp\/v2\/posts\/24006\/revisions"}],"predecessor-version":[{"id":24007,"href":"https:\/\/noticiasnoface.com.br\/index.php\/wp-json\/wp\/v2\/posts\/24006\/revisions\/24007"}],"wp:attachment":[{"href":"https:\/\/noticiasnoface.com.br\/index.php\/wp-json\/wp\/v2\/media?parent=24006"}],"wp:term":[{"taxonomy":"category","embeddable":true,"href":"https:\/\/noticiasnoface.com.br\/index.php\/wp-json\/wp\/v2\/categories?post=24006"},{"taxonomy":"post_tag","embeddable":true,"href":"https:\/\/noticiasnoface.com.br\/index.php\/wp-json\/wp\/v2\/tags?post=24006"}],"curies":[{"name":"wp","href":"https:\/\/api.w.org\/{rel}","templated":true}]}}