{"id":24052,"date":"2024-05-17T06:33:14","date_gmt":"2024-05-17T09:33:14","guid":{"rendered":"https:\/\/noticiasnoface.com.br\/?p=24052"},"modified":"2024-05-17T06:33:16","modified_gmt":"2024-05-17T09:33:16","slug":"abono-salarial-de-r-118-a-r-1-412-sera-pago-a-r-7267-milhoes-em-maio-veja-se-voce-recebe","status":"publish","type":"post","link":"https:\/\/noticiasnoface.com.br\/index.php\/2024\/05\/17\/abono-salarial-de-r-118-a-r-1-412-sera-pago-a-r-7267-milhoes-em-maio-veja-se-voce-recebe\/","title":{"rendered":"Abono salarial de R$ 118 a R$ 1.412 ser\u00e1 pago a R$ 726,7 milh\u00f5es em maio; veja se voc\u00ea recebe"},"content":{"rendered":"\n<figure class=\"wp-block-image size-large\"><img data-opt-id=2115463396  fetchpriority=\"high\" decoding=\"async\" width=\"1024\" height=\"576\" src=\"https:\/\/mlbfrsat7ahr.i.optimole.com\/w:1024\/h:576\/q:mauto\/ig:avif\/https:\/\/noticiasnoface.com.br\/wp-content\/uploads\/2024\/05\/img_5052-1.jpg\" class=\"wp-image-24051\" srcset=\"https:\/\/mlbfrsat7ahr.i.optimole.com\/w:1024\/h:576\/q:mauto\/ig:avif\/https:\/\/noticiasnoface.com.br\/wp-content\/uploads\/2024\/05\/img_5052-1.jpg 1024w, https:\/\/mlbfrsat7ahr.i.optimole.com\/w:300\/h:169\/q:mauto\/ig:avif\/https:\/\/noticiasnoface.com.br\/wp-content\/uploads\/2024\/05\/img_5052-1.jpg 300w, https:\/\/mlbfrsat7ahr.i.optimole.com\/w:768\/h:432\/q:mauto\/ig:avif\/https:\/\/noticiasnoface.com.br\/wp-content\/uploads\/2024\/05\/img_5052-1.jpg 768w, https:\/\/mlbfrsat7ahr.i.optimole.com\/w:1536\/h:864\/q:mauto\/ig:avif\/https:\/\/noticiasnoface.com.br\/wp-content\/uploads\/2024\/05\/img_5052-1.jpg 1536w, https:\/\/mlbfrsat7ahr.i.optimole.com\/w:1920\/h:1080\/q:mauto\/ig:avif\/https:\/\/noticiasnoface.com.br\/wp-content\/uploads\/2024\/05\/img_5052-1.jpg 1920w\" sizes=\"(max-width: 1000px) 100vw, 1000px\" \/><\/figure>\n\n\n\n<!--more-->\n\n\n\n<p>Nesta quarta-feira, 15, ser\u00e1 liberado o pagamento do novo lote do&nbsp;<strong>abono salarial do PIS\/Pasep<\/strong>. Os benefici\u00e1rios deste m\u00eas s\u00e3o os nascidos em maio e junho. Al\u00e9m disso, haver\u00e1 antecipa\u00e7\u00e3o para trabalhadores ga\u00fachos em munic\u00edpios em situa\u00e7\u00e3o de calamidade.<\/p>\n\n\n\n<h2 class=\"wp-block-heading\">VEJA COMO RECEBER <\/h2>\n\n\n\n<p>A Caixa Econ\u00f4mica Federal (CEF) anunciou que aproximadamente&nbsp;<strong>4,4 milh\u00f5es&nbsp;<\/strong>de trabalhadores ser\u00e3o contemplados com o benef\u00edcio neste lote. Este m\u00eas, no&nbsp;<strong>Rio Grande do Sul<\/strong>, ser\u00e3o antecipados os cr\u00e9ditos do&nbsp;<a href=\"https:\/\/fdr.com.br\/2024\/05\/13\/caixa-e-bb-autorizam-pagamento-de-nova-rodada-do-pispasep-em-1505\/amp\/\" target=\"_blank\" rel=\"noopener\"><strong>abono salarial<\/strong><\/a>&nbsp;para os nascidos de julho a dezembro.&nbsp;<\/p>\n\n\n\n<p>\u00daltimas not\u00edcias<\/p>\n\n\n\n<p><a href=\"https:\/\/fdr.com.br\/2024\/05\/17\/salario-minimo-de-164000-fica-58-mais-alto-e-ja-tem-data-para-comecar-a-ser-pago\/?utm_source=internal&amp;utm_medium=related&amp;utm_campaign=related_posts&amp;utm_content=p3&amp;amp\" target=\"_blank\" rel=\"noopener\">Sal\u00e1rio m\u00ednimo de R$ 1640,00 fica 5,8% mais alto e j\u00e1 tem data para come\u00e7ar a ser pago<\/a><\/p>\n\n\n\n<p>Isso beneficiar\u00e1&nbsp;<strong>702 mil&nbsp;<\/strong>trabalhadores afetados pelas chuvas, totalizando&nbsp;<strong>R$ 726,7 milh\u00f5es<\/strong>. O pagamento ser\u00e1 al\u00e9m dos benef\u00edcios para os nascidos em maio e junho. O valor do<a href=\"https:\/\/fdr.com.br\/2024\/05\/02\/estimativa-aponta-liberacao-do-pispasep-para-258-milhoes-de-trabalhadores-em-2025\/amp\/\" target=\"_blank\" rel=\"noopener\"><strong>&nbsp;abono salarial<\/strong><\/a>&nbsp;pode oscilar entre<strong>&nbsp;R$ 118<\/strong>&nbsp;e&nbsp;<strong>R$ 1.412<\/strong>, dependendo dos meses trabalhados em 2022.<\/p>\n\n\n\n<p>O&nbsp;<a href=\"https:\/\/fdr.com.br\/2024\/05\/08\/descubra-novidades-abono-pispasep-sera-adiantado-pelo-governo\/amp\/\" target=\"_blank\" rel=\"noopener\"><strong>abono salarial de 2024&nbsp;<\/strong><\/a>unificou o calend\u00e1rio de pagamento para trabalhadores da iniciativa privada (PIS) e servidores p\u00fablicos (PASEP), baseado no m\u00eas de nascimento. Este ano,<strong>24.874.071&nbsp;<\/strong>profissionais t\u00eam direito ao benef\u00edcio.<\/p>\n\n\n\n<p>Desses,<strong>&nbsp;21.982.722<\/strong>&nbsp;s\u00e3o da iniciativa privada, pagos pela Caixa, e<strong>&nbsp;2.891.349&nbsp;<\/strong>s\u00e3o servidores p\u00fablicos, pagos pelo Banco do Brasil. As informa\u00e7\u00f5es sobre banco de recebimento, datas e valores est\u00e3o dispon\u00edveis no aplicativo Carteira de Trabalho Digital e no portal Gov.br, incluindo anos anteriores.<\/p>\n\n\n\n<p>Entender as regras de elegibilidade e os detalhes do calend\u00e1rio \u00e9 essencial para garantir acesso a esses recursos importantes. Continue acompanhando para descobrir como ter acesso ao<strong>&nbsp;<a href=\"https:\/\/fdr.com.br\/2024\/05\/06\/novo-calendario-do-pispasep-2024-passa-a-valer-neste-mes-confira-datas-de-pagamento\/amp\/\" target=\"_blank\" rel=\"noopener\">abono salarial<\/a><\/strong><a href=\"https:\/\/fdr.com.br\/2024\/05\/06\/novo-calendario-do-pispasep-2024-passa-a-valer-neste-mes-confira-datas-de-pagamento\/amp\/\" target=\"_blank\" rel=\"noopener\">.<\/a>&nbsp;Enquanto isso,&nbsp;<a href=\"https:\/\/fdr.com.br\/2024\/05\/07\/calendario-pispasep-2024-datas-de-pagamento-aniversariantes-maio-e-junho\/amp\/\" target=\"_blank\" rel=\"noopener\">clicando neste link,<\/a>&nbsp;eu te ensino a consultar o pagamento do PIS\/PASEP 2024. Confira!&nbsp;<\/p>\n\n\n\n<h2 class=\"wp-block-heading clear\">Quem pode receber o abono salarial em 2024?<\/h2>\n\n\n\n<p>Para receber o PIS\/PASEP, o trabalhador precisa constatar o direito ao abono salarial no ano de refer\u00eancia, neste caso, 2022. Em todo o caso, as regras de elegibilidade n\u00e3o foram alteradas nos \u00faltimos anos. Sendo assim, \u00e9 preciso estar de acordo com os seguintes crit\u00e9rios:<\/p>\n\n\n\n<ul class=\"wp-block-list\">\n<li>Estar inscrito nos programas do PIS\/PASEP h\u00e1, pelo menos, cinco anos;\u00a0<\/li>\n\n\n\n<li>Ter trabalhado com carteira assinada por, pelo menos, 30 dias consecutivos ou n\u00e3o;\u00a0<\/li>\n\n\n\n<li>Ter recebido at\u00e9 dois sal\u00e1rios m\u00ednimos;<\/li>\n\n\n\n<li>Ter os dados trabalhistas devidamente informados e atualizados na Rela\u00e7\u00e3o Anual de Informa\u00e7\u00f5es Sociais (Rais).\u00a0<\/li>\n<\/ul>\n\n\n\n<h2 class=\"wp-block-heading\">CALEND\u00c1RIO DO ABONO <\/h2>\n\n\n\n<h3 class=\"wp-block-heading clear\">PIS<\/h3>\n\n\n\n<ul class=\"wp-block-list\">\n<li>Janeiro \u2013 15 de fevereiro de 2024;<\/li>\n\n\n\n<li>Fevereiro \u2013 15 de mar\u00e7o de 2024;<\/li>\n\n\n\n<li>Mar\u00e7o \u2013 14 de abril de 2024;<\/li>\n\n\n\n<li>Abril \u2013 15 de abril de 2024;<\/li>\n\n\n\n<li>Maio \u2013 15 de maio de 2024;<\/li>\n\n\n\n<li>Junho \u2013 15 de maio de 2024;<\/li>\n\n\n\n<li>Julho \u2013 15 de junho de 2024;<\/li>\n\n\n\n<li>Agosto \u2013 15 de junho de 2024;<\/li>\n\n\n\n<li>Setembro \u2013 15 de julho de 2024;<\/li>\n\n\n\n<li>Outubro \u2013 15 de julho de 2024;<\/li>\n\n\n\n<li>Novembro \u2013 15 de agosto de 2024;<\/li>\n\n\n\n<li>Dezembro \u2013 15 de agosto de 2024.<\/li>\n<\/ul>\n\n\n\n<h3 class=\"wp-block-heading clear\">PASEP<\/h3>\n\n\n\n<ul class=\"wp-block-list\">\n<li>Inscri\u00e7\u00e3o final 0 \u2013 15 de fevereiro de 2024;<\/li>\n\n\n\n<li>Inscri\u00e7\u00e3o final 1 \u2013 15 de mar\u00e7o de 2024;<\/li>\n\n\n\n<li>Inscri\u00e7\u00e3o final 2 \u2013 15 de abril de 2024;<\/li>\n\n\n\n<li>Inscri\u00e7\u00e3o final 3 \u2013 15 de abril de 2024;<\/li>\n\n\n\n<li>Inscri\u00e7\u00e3o final 4 \u2013 15 de maio de 2024;<\/li>\n\n\n\n<li>Inscri\u00e7\u00e3o final 5 \u2013 15 de maio de 2024;<\/li>\n\n\n\n<li>Inscri\u00e7\u00e3o final 6 \u2013 17 de junho de 2024;<\/li>\n\n\n\n<li>Inscri\u00e7\u00e3o final 7 \u2013 17 de junho de 2024;<\/li>\n\n\n\n<li>Inscri\u00e7\u00e3o final 8 \u2013 15 de julho de 2024;<\/li>\n\n\n\n<li>Inscri\u00e7\u00e3o final 9 \u2013 15 de agosto de 2024.<\/li>\n<\/ul>\n\n\n\n<h2 class=\"wp-block-heading clear\">Valores do abono salarial em 2024<\/h2>\n\n\n\n<ul class=\"wp-block-list\">\n<li>1 m\u00eas trabalhado \u2013 R$ 117,67;<\/li>\n\n\n\n<li>2 meses trabalhados \u2013 R$ 235,33;<\/li>\n\n\n\n<li>3 meses trabalhados \u2013 R$ 353,00;<\/li>\n\n\n\n<li>4 meses trabalhados \u2013 R$ 470,65;<\/li>\n\n\n\n<li>5 meses trabalhados \u2013 R$ 588,32;<\/li>\n\n\n\n<li>6 meses trabalhados \u2013 R$ 706,00;<\/li>\n\n\n\n<li>7 meses trabalhados \u2013 R$ 823,66;<\/li>\n\n\n\n<li>8 meses trabalhados \u2013 R$ 941,33;<\/li>\n\n\n\n<li>9 meses trabalhados \u2013 R$ 1.059,00;<\/li>\n\n\n\n<li>10 meses trabalhados \u2013 R$ 1.176,68;<\/li>\n\n\n\n<li>11 meses trabalhados \u2013 R$ 1.294,34;<\/li>\n\n\n\n<li>12 meses trabalhados \u2013 R$ 1.412,00.<\/li>\n<\/ul>\n\n\n\n<h2 class=\"wp-block-heading clear\">Consulta ao abono salarial em 2024<\/h2>\n\n\n\n<p>Para descobrir o n\u00famero do PIS, voc\u00ea pode utilizar diferentes canais:<\/p>\n\n\n\n<ol class=\"wp-block-list\">\n<li>Consultar a carteira de trabalho f\u00edsica;<\/li>\n\n\n\n<li>Verificar o extrato do Fundo de Garantia por Tempo de Servi\u00e7o (FGTS);<\/li>\n\n\n\n<li>Acessar o Cart\u00e3o Cidad\u00e3o;<\/li>\n\n\n\n<li>Consultar o n\u00famero do PIS pelo CPF ligando para a Previd\u00eancia Social (135) ou para a Caixa Econ\u00f4mica Federal (<a href=\"tel:0800-7260207\">0800-7260207<\/a>);<\/li>\n\n\n\n<li>Utilizar o aplicativo da Carteira de Trabalho Digital ou o aplicativo Caixa Trabalhador;<\/li>\n\n\n\n<li>Consultar o n\u00famero do PIS pelo site do Cadastro Nacional de Informa\u00e7\u00f5es Sociais (Cnis).<\/li>\n<\/ol>\n\n\n\n<p>Quando se trata de emitir o comprovante do PIS, h\u00e1 diversas op\u00e7\u00f5es dispon\u00edveis. Voc\u00ea pode solicitar em uma ag\u00eancia da Caixa Econ\u00f4mica Federal, pelo aplicativo Caixa Trabalhador ou no site da Caixa PIS.&nbsp;<\/p>\n\n\n\n<p>Al\u00e9m disso, para verificar se voc\u00ea tem direito ao PIS e conferir as datas de pagamento, \u00e9 recomend\u00e1vel consultar os canais oficiais do Governo e da Caixa Econ\u00f4mica Federal, como o aplicativo Carteira Digital de Trabalho, o app Gov.br ou o App Caixa Tem, caso tenha conta na Caixa. Com essas ferramentas digitais, \u00e9 mais f\u00e1cil verificar os requisitos para o abono salarial e consultar o saldo dispon\u00edvel no fundo.<\/p>\n","protected":false},"excerpt":{"rendered":"","protected":false},"author":1,"featured_media":0,"comment_status":"open","ping_status":"open","sticky":false,"template":"","format":"image","meta":{"site-sidebar-layout":"default","site-content-layout":"","ast-site-content-layout":"default","site-content-style":"default","site-sidebar-style":"default","ast-global-header-display":"","ast-banner-title-visibility":"","ast-main-header-display":"","ast-hfb-above-header-display":"","ast-hfb-below-header-display":"","ast-hfb-mobile-header-display":"","site-post-title":"","ast-breadcrumbs-content":"","ast-featured-img":"","footer-sml-layout":"","ast-disable-related-posts":"","theme-transparent-header-meta":"","adv-header-id-meta":"","stick-header-meta":"","header-above-stick-meta":"","header-main-stick-meta":"","header-below-stick-meta":"","astra-migrate-meta-layouts":"default","ast-page-background-enabled":"default","ast-page-background-meta":{"desktop":{"background-color":"var(--ast-global-color-4)","background-image":"","background-repeat":"repeat","background-position":"center center","background-size":"auto","background-attachment":"scroll","background-type":"","background-media":"","overlay-type":"","overlay-color":"","overlay-opacity":"","overlay-gradient":""},"tablet":{"background-color":"","background-image":"","background-repeat":"repeat","background-position":"center center","background-size":"auto","background-attachment":"scroll","background-type":"","background-media":"","overlay-type":"","overlay-color":"","overlay-opacity":"","overlay-gradient":""},"mobile":{"background-color":"","background-image":"","background-repeat":"repeat","background-position":"center center","background-size":"auto","background-attachment":"scroll","background-type":"","background-media":"","overlay-type":"","overlay-color":"","overlay-opacity":"","overlay-gradient":""}},"ast-content-background-meta":{"desktop":{"background-color":"var(--ast-global-color-5)","background-image":"","background-repeat":"repeat","background-position":"center center","background-size":"auto","background-attachment":"scroll","background-type":"","background-media":"","overlay-type":"","overlay-color":"","overlay-opacity":"","overlay-gradient":""},"tablet":{"background-color":"var(--ast-global-color-5)","background-image":"","background-repeat":"repeat","background-position":"center center","background-size":"auto","background-attachment":"scroll","background-type":"","background-media":"","overlay-type":"","overlay-color":"","overlay-opacity":"","overlay-gradient":""},"mobile":{"background-color":"var(--ast-global-color-5)","background-image":"","background-repeat":"repeat","background-position":"center center","background-size":"auto","background-attachment":"scroll","background-type":"","background-media":"","overlay-type":"","overlay-color":"","overlay-opacity":"","overlay-gradient":""}},"footnotes":""},"categories":[517],"tags":[],"class_list":["post-24052","post","type-post","status-publish","format-image","hentry","category-aconteceu","post_format-post-format-image"],"_links":{"self":[{"href":"https:\/\/noticiasnoface.com.br\/index.php\/wp-json\/wp\/v2\/posts\/24052","targetHints":{"allow":["GET"]}}],"collection":[{"href":"https:\/\/noticiasnoface.com.br\/index.php\/wp-json\/wp\/v2\/posts"}],"about":[{"href":"https:\/\/noticiasnoface.com.br\/index.php\/wp-json\/wp\/v2\/types\/post"}],"author":[{"embeddable":true,"href":"https:\/\/noticiasnoface.com.br\/index.php\/wp-json\/wp\/v2\/users\/1"}],"replies":[{"embeddable":true,"href":"https:\/\/noticiasnoface.com.br\/index.php\/wp-json\/wp\/v2\/comments?post=24052"}],"version-history":[{"count":1,"href":"https:\/\/noticiasnoface.com.br\/index.php\/wp-json\/wp\/v2\/posts\/24052\/revisions"}],"predecessor-version":[{"id":24053,"href":"https:\/\/noticiasnoface.com.br\/index.php\/wp-json\/wp\/v2\/posts\/24052\/revisions\/24053"}],"wp:attachment":[{"href":"https:\/\/noticiasnoface.com.br\/index.php\/wp-json\/wp\/v2\/media?parent=24052"}],"wp:term":[{"taxonomy":"category","embeddable":true,"href":"https:\/\/noticiasnoface.com.br\/index.php\/wp-json\/wp\/v2\/categories?post=24052"},{"taxonomy":"post_tag","embeddable":true,"href":"https:\/\/noticiasnoface.com.br\/index.php\/wp-json\/wp\/v2\/tags?post=24052"}],"curies":[{"name":"wp","href":"https:\/\/api.w.org\/{rel}","templated":true}]}}