{"id":24081,"date":"2024-05-20T10:10:30","date_gmt":"2024-05-20T13:10:30","guid":{"rendered":"https:\/\/noticiasnoface.com.br\/?p=24081"},"modified":"2024-05-20T10:11:01","modified_gmt":"2024-05-20T13:11:01","slug":"wolney-franca-decide-concorrer-a-reeleicao-e-deve-ser-um-dos-mais-votados","status":"publish","type":"post","link":"https:\/\/noticiasnoface.com.br\/index.php\/2024\/05\/20\/wolney-franca-decide-concorrer-a-reeleicao-e-deve-ser-um-dos-mais-votados\/","title":{"rendered":"Wolney Fran\u00e7a decide concorrer a reelei\u00e7\u00e3o e deve ser um dos mais votados em Parnamirim"},"content":{"rendered":"\n<figure class=\"wp-block-image size-large\"><img data-opt-id=1235837754  fetchpriority=\"high\" decoding=\"async\" width=\"1024\" height=\"651\" src=\"https:\/\/mlbfrsat7ahr.i.optimole.com\/w:1024\/h:651\/q:mauto\/ig:avif\/https:\/\/noticiasnoface.com.br\/wp-content\/uploads\/2024\/05\/img_5202-1.jpg\" alt=\"\" class=\"wp-image-24080\" srcset=\"https:\/\/mlbfrsat7ahr.i.optimole.com\/w:1024\/h:651\/q:mauto\/ig:avif\/https:\/\/noticiasnoface.com.br\/wp-content\/uploads\/2024\/05\/img_5202-1.jpg 1024w, https:\/\/mlbfrsat7ahr.i.optimole.com\/w:300\/h:191\/q:mauto\/ig:avif\/https:\/\/noticiasnoface.com.br\/wp-content\/uploads\/2024\/05\/img_5202-1.jpg 300w, https:\/\/mlbfrsat7ahr.i.optimole.com\/w:768\/h:489\/q:mauto\/ig:avif\/https:\/\/noticiasnoface.com.br\/wp-content\/uploads\/2024\/05\/img_5202-1.jpg 768w, https:\/\/mlbfrsat7ahr.i.optimole.com\/w:1135\/h:722\/q:mauto\/ig:avif\/https:\/\/noticiasnoface.com.br\/wp-content\/uploads\/2024\/05\/img_5202-1.jpg 1135w\" sizes=\"(max-width: 1000px) 100vw, 1000px\" \/><\/figure>\n\n\n\n<!--more-->\n\n\n\n<p>Atual presidente da C\u00e2mara Municipal disputar\u00e1 pelo PSDB e ficar\u00e1 na base de apoio ao prefeito Taveira<\/p>\n\n\n\n<p>O&nbsp; vereador Wolney Fran\u00e7a decidiu colocar mais uma vez seu nome como pr\u00e9-candidato \u00e0 reelei\u00e7\u00e3o em Parnamirim, que hoje conta com mais de 140 mil eleitores. \u201cTenho uma hist\u00f3ria de 20 anos ao lado de Taveira, e n\u00e3o poderia deixar de seguir o seu projeto. Me coloco novamente a disposi\u00e7\u00e3o do povo da minha cidade, como pr\u00e9-candidato a reelei\u00e7\u00e3o, e lutar para mais uma vez, ser o vereador mais votado de Parnamirim, afirmou.<\/p>\n\n\n\n<p>Em 2020, Wolney Fran\u00e7a concorreu pela primeira vez a vereador e chegou aos 2.800 votos, sendo o campe\u00e3o para a C\u00e2mara Municipal de Parnamirim. Conhecido por sua seriedade, e por ser leal e de palavra, Wolney decidiu acompanhar a decis\u00e3o do PSDB e vai concorrer na alian\u00e7a do prefeito Rossano Taveira (Republicanos). Wolney foi at\u00e9 abril, presidente da Federa\u00e7\u00e3o das C\u00e2maras Municipais do Rio Grande do Norte (Fecam\/RN). Tamb\u00e9m foi secret\u00e1rio chefe de Gabinete de Parnamirim, na primeira gest\u00e3o Taveira.<\/p>\n","protected":false},"excerpt":{"rendered":"","protected":false},"author":1,"featured_media":0,"comment_status":"open","ping_status":"open","sticky":false,"template":"","format":"image","meta":{"site-sidebar-layout":"default","site-content-layout":"","ast-site-content-layout":"default","site-content-style":"default","site-sidebar-style":"default","ast-global-header-display":"","ast-banner-title-visibility":"","ast-main-header-display":"","ast-hfb-above-header-display":"","ast-hfb-below-header-display":"","ast-hfb-mobile-header-display":"","site-post-title":"","ast-breadcrumbs-content":"","ast-featured-img":"","footer-sml-layout":"","ast-disable-related-posts":"","theme-transparent-header-meta":"","adv-header-id-meta":"","stick-header-meta":"","header-above-stick-meta":"","header-main-stick-meta":"","header-below-stick-meta":"","astra-migrate-meta-layouts":"default","ast-page-background-enabled":"default","ast-page-background-meta":{"desktop":{"background-color":"var(--ast-global-color-4)","background-image":"","background-repeat":"repeat","background-position":"center center","background-size":"auto","background-attachment":"scroll","background-type":"","background-media":"","overlay-type":"","overlay-color":"","overlay-opacity":"","overlay-gradient":""},"tablet":{"background-color":"","background-image":"","background-repeat":"repeat","background-position":"center center","background-size":"auto","background-attachment":"scroll","background-type":"","background-media":"","overlay-type":"","overlay-color":"","overlay-opacity":"","overlay-gradient":""},"mobile":{"background-color":"","background-image":"","background-repeat":"repeat","background-position":"center center","background-size":"auto","background-attachment":"scroll","background-type":"","background-media":"","overlay-type":"","overlay-color":"","overlay-opacity":"","overlay-gradient":""}},"ast-content-background-meta":{"desktop":{"background-color":"var(--ast-global-color-5)","background-image":"","background-repeat":"repeat","background-position":"center center","background-size":"auto","background-attachment":"scroll","background-type":"","background-media":"","overlay-type":"","overlay-color":"","overlay-opacity":"","overlay-gradient":""},"tablet":{"background-color":"var(--ast-global-color-5)","background-image":"","background-repeat":"repeat","background-position":"center center","background-size":"auto","background-attachment":"scroll","background-type":"","background-media":"","overlay-type":"","overlay-color":"","overlay-opacity":"","overlay-gradient":""},"mobile":{"background-color":"var(--ast-global-color-5)","background-image":"","background-repeat":"repeat","background-position":"center center","background-size":"auto","background-attachment":"scroll","background-type":"","background-media":"","overlay-type":"","overlay-color":"","overlay-opacity":"","overlay-gradient":""}},"footnotes":""},"categories":[517],"tags":[],"class_list":["post-24081","post","type-post","status-publish","format-image","hentry","category-aconteceu","post_format-post-format-image"],"_links":{"self":[{"href":"https:\/\/noticiasnoface.com.br\/index.php\/wp-json\/wp\/v2\/posts\/24081","targetHints":{"allow":["GET"]}}],"collection":[{"href":"https:\/\/noticiasnoface.com.br\/index.php\/wp-json\/wp\/v2\/posts"}],"about":[{"href":"https:\/\/noticiasnoface.com.br\/index.php\/wp-json\/wp\/v2\/types\/post"}],"author":[{"embeddable":true,"href":"https:\/\/noticiasnoface.com.br\/index.php\/wp-json\/wp\/v2\/users\/1"}],"replies":[{"embeddable":true,"href":"https:\/\/noticiasnoface.com.br\/index.php\/wp-json\/wp\/v2\/comments?post=24081"}],"version-history":[{"count":2,"href":"https:\/\/noticiasnoface.com.br\/index.php\/wp-json\/wp\/v2\/posts\/24081\/revisions"}],"predecessor-version":[{"id":24083,"href":"https:\/\/noticiasnoface.com.br\/index.php\/wp-json\/wp\/v2\/posts\/24081\/revisions\/24083"}],"wp:attachment":[{"href":"https:\/\/noticiasnoface.com.br\/index.php\/wp-json\/wp\/v2\/media?parent=24081"}],"wp:term":[{"taxonomy":"category","embeddable":true,"href":"https:\/\/noticiasnoface.com.br\/index.php\/wp-json\/wp\/v2\/categories?post=24081"},{"taxonomy":"post_tag","embeddable":true,"href":"https:\/\/noticiasnoface.com.br\/index.php\/wp-json\/wp\/v2\/tags?post=24081"}],"curies":[{"name":"wp","href":"https:\/\/api.w.org\/{rel}","templated":true}]}}