{"id":24092,"date":"2024-05-21T05:56:42","date_gmt":"2024-05-21T08:56:42","guid":{"rendered":"https:\/\/noticiasnoface.com.br\/?p=24092"},"modified":"2024-05-21T05:56:42","modified_gmt":"2024-05-21T08:56:42","slug":"homem-e-resgatado-na-casa-de-vizinho-apos-26-anos-desaparecido-briga-por-heranca-motivou-denuncia","status":"publish","type":"post","link":"https:\/\/noticiasnoface.com.br\/index.php\/2024\/05\/21\/homem-e-resgatado-na-casa-de-vizinho-apos-26-anos-desaparecido-briga-por-heranca-motivou-denuncia\/","title":{"rendered":"Homem \u00e9 resgatado na casa de vizinho ap\u00f3s 26 anos desaparecido; briga por heran\u00e7a motivou den\u00fancia"},"content":{"rendered":"\n<figure class=\"wp-block-image size-large\"><img data-opt-id=852260516  fetchpriority=\"high\" decoding=\"async\" width=\"1024\" height=\"683\" src=\"https:\/\/mlbfrsat7ahr.i.optimole.com\/w:1024\/h:683\/q:mauto\/ig:avif\/https:\/\/noticiasnoface.com.br\/wp-content\/uploads\/2024\/05\/img_5247.jpg\" class=\"wp-image-24091\" srcset=\"https:\/\/mlbfrsat7ahr.i.optimole.com\/w:1024\/h:683\/q:mauto\/ig:avif\/https:\/\/noticiasnoface.com.br\/wp-content\/uploads\/2024\/05\/img_5247.jpg 1024w, https:\/\/mlbfrsat7ahr.i.optimole.com\/w:300\/h:200\/q:mauto\/ig:avif\/https:\/\/noticiasnoface.com.br\/wp-content\/uploads\/2024\/05\/img_5247.jpg 300w, https:\/\/mlbfrsat7ahr.i.optimole.com\/w:768\/h:512\/q:mauto\/ig:avif\/https:\/\/noticiasnoface.com.br\/wp-content\/uploads\/2024\/05\/img_5247.jpg 768w, https:\/\/mlbfrsat7ahr.i.optimole.com\/w:1200\/h:800\/q:mauto\/ig:avif\/https:\/\/noticiasnoface.com.br\/wp-content\/uploads\/2024\/05\/img_5247.jpg 1200w\" sizes=\"(max-width: 1000px) 100vw, 1000px\" \/><\/figure>\n\n\n\n<!--more-->\n\n\n\n<p>Um caso estarrecedor ocorrido na Arg\u00e9lia deixou a comunidade local em estado de choque: Omar Bin Omran, um homem de 45 anos que estava desaparecido desde a adolesc\u00eancia, foi finalmente encontrado 26 anos depois. O local de seu cativeiro? A casa de um vizinho, situada a meros 200 metros de sua pr\u00f3pria resid\u00eancia.<\/p>\n\n\n\n<p>Omar foi descoberto em condi\u00e7\u00f5es deplor\u00e1veis na prov\u00edncia de Djelfa, situada a cerca de tr\u00eas horas da capital, Argel. De acordo com o \u2018Daily Mail\u2019, ele estava preso em um buraco no ch\u00e3o, coberto por feno, que era utilizado como por\u00e3o pelo sequestrador, um homem de 61 anos cuja identidade n\u00e3o foi revelada.<\/p>\n\n\n\n<h2 class=\"wp-block-heading\">Anos de Cativeiro<\/h2>\n\n\n\n<p>Durante todos esses anos, a comunidade local e a fam\u00edlia de Omar nunca suspeitaram do crime. A fam\u00edlia de Omar lembrou de um comportamento estranho de seu cachorro, que sempre latia ao passar pela casa do sequestrador. Para evitar qualquer suspeita, o criminoso chegou a envenenar o animal. Esse detalhe sinistro s\u00f3 veio \u00e0 tona ap\u00f3s a descoberta do cativeiro.<\/p>\n\n\n\n<p>A descoberta de Omar s\u00f3 foi poss\u00edvel gra\u00e7as a uma den\u00fancia feita nas redes sociais por um irm\u00e3o do criminoso, que decidiu expor o sequestro ap\u00f3s um desentendimento em uma disputa de heran\u00e7a. Este conflito familiar desencadeou a revela\u00e7\u00e3o do segredo macabro que havia sido mantido por d\u00e9cadas.<\/p>\n\n\n\n<h2 class=\"wp-block-heading\">Justi\u00e7a e Repercuss\u00f5es<\/h2>\n\n\n\n<p>Ap\u00f3s a den\u00fancia, o sequestrador tentou fugir, mas foi capturado pelas autoridades. Ele agora enfrentar\u00e1 julgamento e, segundo as autoridades argelinas, ser\u00e1 punido com o m\u00e1ximo rigor da lei. Al\u00e9m disso, familiares do sequestrador que sabiam do crime tamb\u00e9m podem ser julgados, conforme indicaram as autoridades locais.<\/p>\n\n\n\n<p>A hist\u00f3ria de Omar Bin Omran n\u00e3o apenas chocou a comunidade de Djelfa, mas tamb\u00e9m levantou quest\u00f5es sobre como um crime t\u00e3o horrendo p\u00f4de passar despercebido por tanto tempo. A fam\u00edlia de Omar e os moradores locais nunca imaginaram que ele estivesse t\u00e3o pr\u00f3ximo, vivendo em condi\u00e7\u00f5es t\u00e3o inumanas.<\/p>\n\n\n\n<p>Este caso trouxe um misto de al\u00edvio e tristeza para a fam\u00edlia de Omar. O reencontro, embora marcado pela dor dos anos perdidos e pelos traumas sofridos, representa tamb\u00e9m um momento de esperan\u00e7a e justi\u00e7a. A comunidade, perplexa com a revela\u00e7\u00e3o, agora espera que Omar possa receber o tratamento e o apoio necess\u00e1rios para sua recupera\u00e7\u00e3o.<\/p>\n\n\n\n<p>O caso de Omar Bin Omran \u00e9 um lembrete perturbador das realidades sombrias que podem estar ocultas \u00e0 vista de todos. A coragem do irm\u00e3o do sequestrador em denunciar o crime, apesar do motivo pessoal, acabou sendo crucial para a liberta\u00e7\u00e3o de Omar e para que a justi\u00e7a comece a ser feita.<\/p>\n","protected":false},"excerpt":{"rendered":"","protected":false},"author":1,"featured_media":0,"comment_status":"open","ping_status":"open","sticky":false,"template":"","format":"image","meta":{"site-sidebar-layout":"default","site-content-layout":"","ast-site-content-layout":"default","site-content-style":"default","site-sidebar-style":"default","ast-global-header-display":"","ast-banner-title-visibility":"","ast-main-header-display":"","ast-hfb-above-header-display":"","ast-hfb-below-header-display":"","ast-hfb-mobile-header-display":"","site-post-title":"","ast-breadcrumbs-content":"","ast-featured-img":"","footer-sml-layout":"","ast-disable-related-posts":"","theme-transparent-header-meta":"","adv-header-id-meta":"","stick-header-meta":"","header-above-stick-meta":"","header-main-stick-meta":"","header-below-stick-meta":"","astra-migrate-meta-layouts":"default","ast-page-background-enabled":"default","ast-page-background-meta":{"desktop":{"background-color":"var(--ast-global-color-4)","background-image":"","background-repeat":"repeat","background-position":"center center","background-size":"auto","background-attachment":"scroll","background-type":"","background-media":"","overlay-type":"","overlay-color":"","overlay-opacity":"","overlay-gradient":""},"tablet":{"background-color":"","background-image":"","background-repeat":"repeat","background-position":"center center","background-size":"auto","background-attachment":"scroll","background-type":"","background-media":"","overlay-type":"","overlay-color":"","overlay-opacity":"","overlay-gradient":""},"mobile":{"background-color":"","background-image":"","background-repeat":"repeat","background-position":"center center","background-size":"auto","background-attachment":"scroll","background-type":"","background-media":"","overlay-type":"","overlay-color":"","overlay-opacity":"","overlay-gradient":""}},"ast-content-background-meta":{"desktop":{"background-color":"var(--ast-global-color-5)","background-image":"","background-repeat":"repeat","background-position":"center center","background-size":"auto","background-attachment":"scroll","background-type":"","background-media":"","overlay-type":"","overlay-color":"","overlay-opacity":"","overlay-gradient":""},"tablet":{"background-color":"var(--ast-global-color-5)","background-image":"","background-repeat":"repeat","background-position":"center center","background-size":"auto","background-attachment":"scroll","background-type":"","background-media":"","overlay-type":"","overlay-color":"","overlay-opacity":"","overlay-gradient":""},"mobile":{"background-color":"var(--ast-global-color-5)","background-image":"","background-repeat":"repeat","background-position":"center center","background-size":"auto","background-attachment":"scroll","background-type":"","background-media":"","overlay-type":"","overlay-color":"","overlay-opacity":"","overlay-gradient":""}},"footnotes":""},"categories":[517],"tags":[],"class_list":["post-24092","post","type-post","status-publish","format-image","hentry","category-aconteceu","post_format-post-format-image"],"_links":{"self":[{"href":"https:\/\/noticiasnoface.com.br\/index.php\/wp-json\/wp\/v2\/posts\/24092","targetHints":{"allow":["GET"]}}],"collection":[{"href":"https:\/\/noticiasnoface.com.br\/index.php\/wp-json\/wp\/v2\/posts"}],"about":[{"href":"https:\/\/noticiasnoface.com.br\/index.php\/wp-json\/wp\/v2\/types\/post"}],"author":[{"embeddable":true,"href":"https:\/\/noticiasnoface.com.br\/index.php\/wp-json\/wp\/v2\/users\/1"}],"replies":[{"embeddable":true,"href":"https:\/\/noticiasnoface.com.br\/index.php\/wp-json\/wp\/v2\/comments?post=24092"}],"version-history":[{"count":1,"href":"https:\/\/noticiasnoface.com.br\/index.php\/wp-json\/wp\/v2\/posts\/24092\/revisions"}],"predecessor-version":[{"id":24093,"href":"https:\/\/noticiasnoface.com.br\/index.php\/wp-json\/wp\/v2\/posts\/24092\/revisions\/24093"}],"wp:attachment":[{"href":"https:\/\/noticiasnoface.com.br\/index.php\/wp-json\/wp\/v2\/media?parent=24092"}],"wp:term":[{"taxonomy":"category","embeddable":true,"href":"https:\/\/noticiasnoface.com.br\/index.php\/wp-json\/wp\/v2\/categories?post=24092"},{"taxonomy":"post_tag","embeddable":true,"href":"https:\/\/noticiasnoface.com.br\/index.php\/wp-json\/wp\/v2\/tags?post=24092"}],"curies":[{"name":"wp","href":"https:\/\/api.w.org\/{rel}","templated":true}]}}