{"id":24098,"date":"2024-05-21T22:36:13","date_gmt":"2024-05-22T01:36:13","guid":{"rendered":"https:\/\/noticiasnoface.com.br\/?p=24098"},"modified":"2024-05-21T22:36:13","modified_gmt":"2024-05-22T01:36:13","slug":"pl-cria-programa-de-desenvolvimento-da-saude-mental-e-inteligencia-emocional","status":"publish","type":"post","link":"https:\/\/noticiasnoface.com.br\/index.php\/2024\/05\/21\/pl-cria-programa-de-desenvolvimento-da-saude-mental-e-inteligencia-emocional\/","title":{"rendered":"PL cria Programa de Desenvolvimento da Sa\u00fade Mental e Intelig\u00eancia Emocional"},"content":{"rendered":"\n<figure class=\"wp-block-image size-large\"><img data-opt-id=28638943  fetchpriority=\"high\" decoding=\"async\" width=\"1024\" height=\"676\" src=\"https:\/\/mlbfrsat7ahr.i.optimole.com\/w:1024\/h:676\/q:mauto\/ig:avif\/https:\/\/noticiasnoface.com.br\/wp-content\/uploads\/2024\/05\/img_5309-1.jpg\" class=\"wp-image-24097\" srcset=\"https:\/\/mlbfrsat7ahr.i.optimole.com\/w:1024\/h:676\/q:mauto\/ig:avif\/https:\/\/noticiasnoface.com.br\/wp-content\/uploads\/2024\/05\/img_5309-1.jpg 1024w, https:\/\/mlbfrsat7ahr.i.optimole.com\/w:300\/h:198\/q:mauto\/ig:avif\/https:\/\/noticiasnoface.com.br\/wp-content\/uploads\/2024\/05\/img_5309-1.jpg 300w, https:\/\/mlbfrsat7ahr.i.optimole.com\/w:768\/h:507\/q:mauto\/ig:avif\/https:\/\/noticiasnoface.com.br\/wp-content\/uploads\/2024\/05\/img_5309-1.jpg 768w, https:\/\/mlbfrsat7ahr.i.optimole.com\/w:1536\/h:1014\/q:mauto\/ig:avif\/https:\/\/noticiasnoface.com.br\/wp-content\/uploads\/2024\/05\/img_5309-1.jpg 1536w, https:\/\/mlbfrsat7ahr.i.optimole.com\/w:1600\/h:1056\/q:mauto\/ig:avif\/https:\/\/noticiasnoface.com.br\/wp-content\/uploads\/2024\/05\/img_5309-1.jpg 1600w\" sizes=\"(max-width: 1000px) 100vw, 1000px\" \/><\/figure>\n\n\n\n<!--more-->\n\n\n\n<p>Durante a reuni\u00e3o da Comiss\u00e3o de Educa\u00e7\u00e3o, Cultura, Ci\u00eancia, Tecnologia e Inova\u00e7\u00e3o da C\u00e2mara Municipal de Natal, desta ter\u00e7a-feira (21), os vereadores Daniel Valen\u00e7a (PT), Bispo Francisco de Assis (Republicanos) e Professor Rob\u00e9rio Paulino (PSOL) aprovaram o Projeto de Lei n\u00b0 310\/2023 que autoriza a Prefeitura a instituir o Programa de Desenvolvimento da Sa\u00fade Mental e Intelig\u00eancia Emocional nas escolas da rede municipal de ensino da capital potiguar.<\/p>\n\n\n\n<p>Proposto pelo vereador Rob\u00e9rio Paulino, o projeto visa primordialmente aprimorar o processo educativo nas escolas por meio do desenvolvimento da intelig\u00eancia emocional de professores a alunos, promover a melhoria da aten\u00e7\u00e3o, da concentra\u00e7\u00e3o e do desempenho cognitivo, afetivo e emocional, reduzir os n\u00edveis de ansiedade, estresse, fobias, medos, a incid\u00eancia de viol\u00eancia, bullying e os \u00edndices de evas\u00e3o escolar e promover a melhoria da qualidade de vida de professores a alunos.&nbsp;<\/p>\n\n\n\n<p>&#8220;A mat\u00e9ria se justifica em raz\u00e3o da crise da sa\u00fade mental na atualidade. Segundo dados da Organiza\u00e7\u00e3o Mundial da Sa\u00fade, atualmente o Brasil lidera o ranking mundial de transtornos mentais, tendo 18 milh\u00f5es de pessoas com ansiedade e 12 milh\u00f5es com depress\u00e3o, o que corresponde respectivamente a 9,3% e a 5,8% da popula\u00e7\u00e3o total. Em Natal n\u00e3o \u00e9 diferente. Portanto, \u00e9 dever do poder municipal destinar programas preventivos aos estudantes do ensino fundamental, haja vista que a escola \u00e9 o maior centro de conviv\u00eancia e troca de experi\u00eancias de crian\u00e7as e jovens&#8221;, defendeu Rob\u00e9rio.<\/p>\n\n\n\n<p>A Comiss\u00e3o de Educa\u00e7\u00e3o tamb\u00e9m aprovou o PL 139\/2023, do vereador Milklei Leite (PV), que institui a Campanha Permanente de Valoriza\u00e7\u00e3o das Meninas e Preven\u00e7\u00e3o ao Machismo nas escolas municipais. Para a efetiva\u00e7\u00e3o da Campanha, cada unidade escolar criar\u00e1 uma equipe multidisciplinar, com o objetivo de orientar e conscientizar os alunos acerca dos direitos das mulheres, assim como fomentar o combate ao machismo.&nbsp;<\/p>\n\n\n\n<p>Outros destaques foram os pareceres favor\u00e1veis aos PLs 568\/2023, da vereadora J\u00falia Arruda (PCdoB), que disp\u00f5e sobre a institui\u00e7\u00e3o do Centro de Mem\u00f3ria Popular da Cidade de Natal e 5740\/2023, do vereador Hermes C\u00e2mara (PSDB), sobre a cria\u00e7\u00e3o do Programa de Li\u00e7\u00f5es de \u00c9tica e Cidadania na Rede P\u00fablica e Privada de Ensino do Munic\u00edpio.<\/p>\n\n\n\n<p>&#8220;Tivemos mais uma reuni\u00e3o proveitosa e propositiva, com projetos analisados, debatidos e votados de forma criteriosa, al\u00e9m de outros tantos encaminhados para as devidas relatorias. Ent\u00e3o, posso avaliar como positivo o encontro e dizer que vamos continuar cumprindo o nosso dever de fiscalizar os servi\u00e7os de educa\u00e7\u00e3o ofertados na cidade, debater assuntos de interesse p\u00fablico e votar mat\u00e9rias importantes para a popula\u00e7\u00e3o&#8221;, concluiu o presidente do colegiado, vereador Daniel Valen\u00e7a.<\/p>\n\n\n\n<p><strong><em>Texto: Junior Martins<br>Fotos: Elp\u00eddio J\u00fanior<\/em><\/strong><\/p>\n","protected":false},"excerpt":{"rendered":"","protected":false},"author":1,"featured_media":0,"comment_status":"open","ping_status":"open","sticky":false,"template":"","format":"image","meta":{"site-sidebar-layout":"default","site-content-layout":"","ast-site-content-layout":"default","site-content-style":"default","site-sidebar-style":"default","ast-global-header-display":"","ast-banner-title-visibility":"","ast-main-header-display":"","ast-hfb-above-header-display":"","ast-hfb-below-header-display":"","ast-hfb-mobile-header-display":"","site-post-title":"","ast-breadcrumbs-content":"","ast-featured-img":"","footer-sml-layout":"","ast-disable-related-posts":"","theme-transparent-header-meta":"","adv-header-id-meta":"","stick-header-meta":"","header-above-stick-meta":"","header-main-stick-meta":"","header-below-stick-meta":"","astra-migrate-meta-layouts":"default","ast-page-background-enabled":"default","ast-page-background-meta":{"desktop":{"background-color":"var(--ast-global-color-4)","background-image":"","background-repeat":"repeat","background-position":"center center","background-size":"auto","background-attachment":"scroll","background-type":"","background-media":"","overlay-type":"","overlay-color":"","overlay-opacity":"","overlay-gradient":""},"tablet":{"background-color":"","background-image":"","background-repeat":"repeat","background-position":"center center","background-size":"auto","background-attachment":"scroll","background-type":"","background-media":"","overlay-type":"","overlay-color":"","overlay-opacity":"","overlay-gradient":""},"mobile":{"background-color":"","background-image":"","background-repeat":"repeat","background-position":"center center","background-size":"auto","background-attachment":"scroll","background-type":"","background-media":"","overlay-type":"","overlay-color":"","overlay-opacity":"","overlay-gradient":""}},"ast-content-background-meta":{"desktop":{"background-color":"var(--ast-global-color-5)","background-image":"","background-repeat":"repeat","background-position":"center center","background-size":"auto","background-attachment":"scroll","background-type":"","background-media":"","overlay-type":"","overlay-color":"","overlay-opacity":"","overlay-gradient":""},"tablet":{"background-color":"var(--ast-global-color-5)","background-image":"","background-repeat":"repeat","background-position":"center center","background-size":"auto","background-attachment":"scroll","background-type":"","background-media":"","overlay-type":"","overlay-color":"","overlay-opacity":"","overlay-gradient":""},"mobile":{"background-color":"var(--ast-global-color-5)","background-image":"","background-repeat":"repeat","background-position":"center center","background-size":"auto","background-attachment":"scroll","background-type":"","background-media":"","overlay-type":"","overlay-color":"","overlay-opacity":"","overlay-gradient":""}},"footnotes":""},"categories":[517],"tags":[],"class_list":["post-24098","post","type-post","status-publish","format-image","hentry","category-aconteceu","post_format-post-format-image"],"_links":{"self":[{"href":"https:\/\/noticiasnoface.com.br\/index.php\/wp-json\/wp\/v2\/posts\/24098","targetHints":{"allow":["GET"]}}],"collection":[{"href":"https:\/\/noticiasnoface.com.br\/index.php\/wp-json\/wp\/v2\/posts"}],"about":[{"href":"https:\/\/noticiasnoface.com.br\/index.php\/wp-json\/wp\/v2\/types\/post"}],"author":[{"embeddable":true,"href":"https:\/\/noticiasnoface.com.br\/index.php\/wp-json\/wp\/v2\/users\/1"}],"replies":[{"embeddable":true,"href":"https:\/\/noticiasnoface.com.br\/index.php\/wp-json\/wp\/v2\/comments?post=24098"}],"version-history":[{"count":1,"href":"https:\/\/noticiasnoface.com.br\/index.php\/wp-json\/wp\/v2\/posts\/24098\/revisions"}],"predecessor-version":[{"id":24099,"href":"https:\/\/noticiasnoface.com.br\/index.php\/wp-json\/wp\/v2\/posts\/24098\/revisions\/24099"}],"wp:attachment":[{"href":"https:\/\/noticiasnoface.com.br\/index.php\/wp-json\/wp\/v2\/media?parent=24098"}],"wp:term":[{"taxonomy":"category","embeddable":true,"href":"https:\/\/noticiasnoface.com.br\/index.php\/wp-json\/wp\/v2\/categories?post=24098"},{"taxonomy":"post_tag","embeddable":true,"href":"https:\/\/noticiasnoface.com.br\/index.php\/wp-json\/wp\/v2\/tags?post=24098"}],"curies":[{"name":"wp","href":"https:\/\/api.w.org\/{rel}","templated":true}]}}