{"id":24103,"date":"2024-05-22T06:47:14","date_gmt":"2024-05-22T09:47:14","guid":{"rendered":"https:\/\/noticiasnoface.com.br\/?p=24103"},"modified":"2024-05-22T06:47:15","modified_gmt":"2024-05-22T09:47:15","slug":"ainda-bem-que-a-boeing-teve-um-desastre-e-nao-quis-mais-a-embraer-afirmou-lula","status":"publish","type":"post","link":"https:\/\/noticiasnoface.com.br\/index.php\/2024\/05\/22\/ainda-bem-que-a-boeing-teve-um-desastre-e-nao-quis-mais-a-embraer-afirmou-lula\/","title":{"rendered":"\u201cAinda bem que a Boeing teve um desastre e n\u00e3o quis mais a Embraer\u201d, afirmou Lula"},"content":{"rendered":"\n<figure class=\"wp-block-image size-large\"><img data-opt-id=431624660  fetchpriority=\"high\" decoding=\"async\" width=\"420\" height=\"240\" src=\"https:\/\/mlbfrsat7ahr.i.optimole.com\/w:auto\/h:auto\/q:mauto\/ig:avif\/https:\/\/noticiasnoface.com.br\/wp-content\/uploads\/2024\/05\/img_5319.jpg\" class=\"wp-image-24102\" srcset=\"https:\/\/mlbfrsat7ahr.i.optimole.com\/w:420\/h:240\/q:mauto\/ig:avif\/https:\/\/noticiasnoface.com.br\/wp-content\/uploads\/2024\/05\/img_5319.jpg 420w, https:\/\/mlbfrsat7ahr.i.optimole.com\/w:300\/h:171\/q:mauto\/ig:avif\/https:\/\/noticiasnoface.com.br\/wp-content\/uploads\/2024\/05\/img_5319.jpg 300w\" sizes=\"(max-width: 420px) 100vw, 420px\" \/><\/figure>\n\n\n\n<!--more-->\n\n\n\n<p>Declara\u00e7\u00e3o aconteceu nesta segunda-feira (20) durante reuni\u00e3o para an\u00fancios referentes ao setor da ind\u00fastria do a\u00e7o&nbsp;Ricardo Stuckert \/ PR<\/p>\n\n\n\n<h2 class=\"wp-block-heading\">Declara\u00e7\u00e3o Infeliz <\/h2>\n\n\n\n<p>O presidente Luiz In\u00e1cio Lula da Silva (PT) comemorou o fato de a empresa norte-americana Boeing ter desistido de comprar a brasileira Embraer. \u201cAinda bem que a Boeing teve um desastre e n\u00e3o quis mais a Embraer\u201d, disse Lula.<\/p>\n\n\n\n<p>A declara\u00e7\u00e3o aconteceu nesta segunda-feira (20) durante reuni\u00e3o para an\u00fancios referentes ao setor da ind\u00fastria do a\u00e7o, no Pal\u00e1cio do Planalto.<\/p>\n\n\n\n<p>\u201cOutro dia, a Embraer era uma empresa quase quebrada, foi vendida para a Boeing. Ainda bem que a Boeing teve um desastre e n\u00e3o quis mais a Infraero [Embraer]. Ela agora voltou a ser coqueluche no mundo da avia\u00e7\u00e3o\u201d, afirmou o presidente.<\/p>\n\n\n\n<p>Em 2018 e 2019, dois avi\u00f5es da Boeing ca\u00edram. O primeiro acidente a\u00e9reo aconteceu na Indon\u00e9sia e deixou 189 mortos, o avi\u00e3o caiu no mar de Java poucos minutos depois de decolar do Aeroporto de Jacarta.<\/p>\n\n\n\n<p>O segundo acidente ocorreu na Eti\u00f3pia e matou 157 pessoas. A aeronave voava da capital da Eti\u00f3pia, Adis Abeba, para Nair\u00f3bi, no Qu\u00eania.<\/p>\n\n\n\n<p>Em 2020, a empresa norte-americana&nbsp;<a href=\"https:\/\/www.cnnbrasil.com.br\/economia\/boeing-pode-desistir-de-acordo-com-embraer-diz-jornal\/\" target=\"_blank\" rel=\"noreferrer noopener\">desistiu do acordo<\/a>&nbsp;para comprar o neg\u00f3cio de jatos regionais da Embraer. No comunicado, a Boeing afirmou que rescindiu seu Contrato Principal de Transa\u00e7\u00e3o (MTA, em ingl\u00eas) com a Embraer, sob o qual as duas empresas estabeleceriam um novo n\u00edvel de parceria estrat\u00e9gica.<\/p>\n\n\n\n<p>Na \u00e9poca, o mundo vivia uma crise econ\u00f4mica provocada pela Covid-19 e a Boeing passava por fracassos internos, como a paralisa\u00e7\u00e3o das vendas de seu modelo Boeing 737 \u2014 modelo das aeronaves que ca\u00edram nos acidentes a\u00e9reos de 2018 e 2019.<\/p>\n\n\n\n<p>Os termos e condi\u00e7\u00f5es aprovados em 17 de dezembro de 2018 definiram a cria\u00e7\u00e3o de uma joint venture (Boeing Brasil Commercial) contemplando ativos do segmento de Avia\u00e7\u00e3o Comercial da Embraer e servi\u00e7os relacionados (segmento de Servi\u00e7os &amp; Suporte) com 80% de participa\u00e7\u00e3o da Boeing e 20% da Embraer.<\/p>\n","protected":false},"excerpt":{"rendered":"","protected":false},"author":1,"featured_media":0,"comment_status":"open","ping_status":"open","sticky":false,"template":"","format":"image","meta":{"site-sidebar-layout":"default","site-content-layout":"","ast-site-content-layout":"default","site-content-style":"default","site-sidebar-style":"default","ast-global-header-display":"","ast-banner-title-visibility":"","ast-main-header-display":"","ast-hfb-above-header-display":"","ast-hfb-below-header-display":"","ast-hfb-mobile-header-display":"","site-post-title":"","ast-breadcrumbs-content":"","ast-featured-img":"","footer-sml-layout":"","ast-disable-related-posts":"","theme-transparent-header-meta":"","adv-header-id-meta":"","stick-header-meta":"","header-above-stick-meta":"","header-main-stick-meta":"","header-below-stick-meta":"","astra-migrate-meta-layouts":"default","ast-page-background-enabled":"default","ast-page-background-meta":{"desktop":{"background-color":"var(--ast-global-color-4)","background-image":"","background-repeat":"repeat","background-position":"center center","background-size":"auto","background-attachment":"scroll","background-type":"","background-media":"","overlay-type":"","overlay-color":"","overlay-opacity":"","overlay-gradient":""},"tablet":{"background-color":"","background-image":"","background-repeat":"repeat","background-position":"center center","background-size":"auto","background-attachment":"scroll","background-type":"","background-media":"","overlay-type":"","overlay-color":"","overlay-opacity":"","overlay-gradient":""},"mobile":{"background-color":"","background-image":"","background-repeat":"repeat","background-position":"center center","background-size":"auto","background-attachment":"scroll","background-type":"","background-media":"","overlay-type":"","overlay-color":"","overlay-opacity":"","overlay-gradient":""}},"ast-content-background-meta":{"desktop":{"background-color":"var(--ast-global-color-5)","background-image":"","background-repeat":"repeat","background-position":"center center","background-size":"auto","background-attachment":"scroll","background-type":"","background-media":"","overlay-type":"","overlay-color":"","overlay-opacity":"","overlay-gradient":""},"tablet":{"background-color":"var(--ast-global-color-5)","background-image":"","background-repeat":"repeat","background-position":"center center","background-size":"auto","background-attachment":"scroll","background-type":"","background-media":"","overlay-type":"","overlay-color":"","overlay-opacity":"","overlay-gradient":""},"mobile":{"background-color":"var(--ast-global-color-5)","background-image":"","background-repeat":"repeat","background-position":"center center","background-size":"auto","background-attachment":"scroll","background-type":"","background-media":"","overlay-type":"","overlay-color":"","overlay-opacity":"","overlay-gradient":""}},"footnotes":""},"categories":[517],"tags":[],"class_list":["post-24103","post","type-post","status-publish","format-image","hentry","category-aconteceu","post_format-post-format-image"],"_links":{"self":[{"href":"https:\/\/noticiasnoface.com.br\/index.php\/wp-json\/wp\/v2\/posts\/24103","targetHints":{"allow":["GET"]}}],"collection":[{"href":"https:\/\/noticiasnoface.com.br\/index.php\/wp-json\/wp\/v2\/posts"}],"about":[{"href":"https:\/\/noticiasnoface.com.br\/index.php\/wp-json\/wp\/v2\/types\/post"}],"author":[{"embeddable":true,"href":"https:\/\/noticiasnoface.com.br\/index.php\/wp-json\/wp\/v2\/users\/1"}],"replies":[{"embeddable":true,"href":"https:\/\/noticiasnoface.com.br\/index.php\/wp-json\/wp\/v2\/comments?post=24103"}],"version-history":[{"count":1,"href":"https:\/\/noticiasnoface.com.br\/index.php\/wp-json\/wp\/v2\/posts\/24103\/revisions"}],"predecessor-version":[{"id":24104,"href":"https:\/\/noticiasnoface.com.br\/index.php\/wp-json\/wp\/v2\/posts\/24103\/revisions\/24104"}],"wp:attachment":[{"href":"https:\/\/noticiasnoface.com.br\/index.php\/wp-json\/wp\/v2\/media?parent=24103"}],"wp:term":[{"taxonomy":"category","embeddable":true,"href":"https:\/\/noticiasnoface.com.br\/index.php\/wp-json\/wp\/v2\/categories?post=24103"},{"taxonomy":"post_tag","embeddable":true,"href":"https:\/\/noticiasnoface.com.br\/index.php\/wp-json\/wp\/v2\/tags?post=24103"}],"curies":[{"name":"wp","href":"https:\/\/api.w.org\/{rel}","templated":true}]}}