{"id":24110,"date":"2024-05-22T10:42:24","date_gmt":"2024-05-22T13:42:24","guid":{"rendered":"https:\/\/noticiasnoface.com.br\/?p=24110"},"modified":"2024-05-22T10:42:25","modified_gmt":"2024-05-22T13:42:25","slug":"risco-de-caos-por-que-a-marquise-comprou-o-aterro-de-natal-a-beira-do-colapso-gestao-de-residuos-da-capital-em-iminencia-de-crise","status":"publish","type":"post","link":"https:\/\/noticiasnoface.com.br\/index.php\/2024\/05\/22\/risco-de-caos-por-que-a-marquise-comprou-o-aterro-de-natal-a-beira-do-colapso-gestao-de-residuos-da-capital-em-iminencia-de-crise\/","title":{"rendered":"Risco de Caos: Por Que a Marquise Comprou o Aterro de Natal \u00e0 Beira do Colapso? Gest\u00e3o de Res\u00edduos da Capital em Imin\u00eancia de Crise"},"content":{"rendered":"\n<figure class=\"wp-block-image size-large\"><img data-opt-id=1136141439  fetchpriority=\"high\" decoding=\"async\" width=\"600\" height=\"400\" src=\"https:\/\/mlbfrsat7ahr.i.optimole.com\/w:auto\/h:auto\/q:mauto\/ig:avif\/https:\/\/noticiasnoface.com.br\/wp-content\/uploads\/2024\/05\/img_5345-1.jpg\" class=\"wp-image-24108\" srcset=\"https:\/\/mlbfrsat7ahr.i.optimole.com\/w:600\/h:400\/q:mauto\/ig:avif\/https:\/\/noticiasnoface.com.br\/wp-content\/uploads\/2024\/05\/img_5345-1.jpg 600w, https:\/\/mlbfrsat7ahr.i.optimole.com\/w:300\/h:200\/q:mauto\/ig:avif\/https:\/\/noticiasnoface.com.br\/wp-content\/uploads\/2024\/05\/img_5345-1.jpg 300w\" sizes=\"(max-width: 600px) 100vw, 600px\" \/><\/figure>\n\n\n\n<!--more-->\n\n\n\n<p>O prazo do contrato da concess\u00e3o p\u00fablica do aterro utilizado para a destina\u00e7\u00e3o e tratamento de res\u00edduos s\u00f3lidos da cidade do Natal, localizado em Cear\u00e1-Mirim, termina no pr\u00f3ximo m\u00eas. At\u00e9 agora, n\u00e3o houve qualquer an\u00fancio oficial por parte da gest\u00e3o municipal sobre o que vai ser feito com o lixo da capital potiguar.<\/p>\n\n\n\n<figure class=\"wp-block-image size-large\"><img data-opt-id=305283384  fetchpriority=\"high\" decoding=\"async\" width=\"640\" height=\"425\" src=\"https:\/\/mlbfrsat7ahr.i.optimole.com\/w:auto\/h:auto\/q:mauto\/ig:avif\/https:\/\/noticiasnoface.com.br\/wp-content\/uploads\/2024\/05\/img_5346-1.jpg\" class=\"wp-image-24109\" srcset=\"https:\/\/mlbfrsat7ahr.i.optimole.com\/w:640\/h:425\/q:mauto\/ig:avif\/https:\/\/noticiasnoface.com.br\/wp-content\/uploads\/2024\/05\/img_5346-1.jpg 640w, https:\/\/mlbfrsat7ahr.i.optimole.com\/w:300\/h:199\/q:mauto\/ig:avif\/https:\/\/noticiasnoface.com.br\/wp-content\/uploads\/2024\/05\/img_5346-1.jpg 300w\" sizes=\"(max-width: 640px) 100vw, 640px\" \/><figcaption class=\"wp-element-caption\"><br>Blog do Dina recebeu a informa\u00e7\u00e3o de que a concess\u00e3o do aterro de Natal seria renovada. Diante da aus\u00eancia de consulta p\u00fablica, resolvemos questionar o munic\u00edpio de Natal. A resposta que recebemos foi \u201ca Prefeitura n\u00e3o deve renovar\u201d. O processo ainda estaria em an\u00e1lise da Procuradoria, mas a tend\u00eancia seria de n\u00e3o renova\u00e7\u00e3o.<br>Em 2023, a Marquise adquiriu a concess\u00e3o da Braseco, que detinha os direitos de explora\u00e7\u00e3o do aterro desde 2004, mesmo faltando apenas um ano para o t\u00e9rmino do contrato.<br>A transa\u00e7\u00e3o para a explora\u00e7\u00e3o do aterro, considerado \u201co fil\u00e9\u201d dentro da cadeia de destina\u00e7\u00e3o de res\u00edduos, foi inicialmente passada para a Braseco em 2004, com dura\u00e7\u00e3o de 10 anos.<br>Em 2014, o contrato foi renovado por uma d\u00e9cada. O acordo original estipulava que, ao fim da concess\u00e3o, todos os bens adquiridos pela concession\u00e1ria deveriam ser revertidos para a Prefeitura de Natal, conforme abordado anteriormente pelo Blog do Dina. No entanto, a renova\u00e7\u00e3o realizada em 2014 n\u00e3o descontou os valores j\u00e1 pagos \u00e0 Braseco atrav\u00e9s da tarifa de lixo, que inclu\u00edam os investimentos e a remunera\u00e7\u00e3o da empresa.<br>O encerramento do prazo em junho pr\u00f3ximo tamb\u00e9m coincide com o fim da vida \u00fatil do aterro, que j\u00e1 recebeu aproximadamente seis milh\u00f5es e quinhentas mil toneladas de res\u00edduos. Al\u00e9m disso, a impossibilidade de renova\u00e7\u00e3o tamb\u00e9m est\u00e1 ligada \u00e0 localiza\u00e7\u00e3o do aterro em uma \u00e1rea de seguran\u00e7a aeroportu\u00e1ria, a menos de 10 km do aeroporto de S\u00e3o Gon\u00e7alo. Quando a concess\u00e3o foi renovada em 2014, o aeroporto Aluizio Alves estava sendo inaugurado, e n\u00e3o havia outras op\u00e7\u00f5es de locais para o aterro. Hoje, a \u00e1rea \u00e9 considerada ilegal e representa riscos significativos de seguran\u00e7a para o aeroporto e de acidentes a\u00e9reos.<br>&#8212;<br>O Blog do Dina continuar\u00e1 acompanhando de perto essa situa\u00e7\u00e3o e trar\u00e1 atualiza\u00e7\u00f5es assim que houver novos desdobramentos<\/figcaption><\/figure>\n","protected":false},"excerpt":{"rendered":"","protected":false},"author":1,"featured_media":0,"comment_status":"open","ping_status":"open","sticky":false,"template":"","format":"image","meta":{"site-sidebar-layout":"default","site-content-layout":"","ast-site-content-layout":"default","site-content-style":"default","site-sidebar-style":"default","ast-global-header-display":"","ast-banner-title-visibility":"","ast-main-header-display":"","ast-hfb-above-header-display":"","ast-hfb-below-header-display":"","ast-hfb-mobile-header-display":"","site-post-title":"","ast-breadcrumbs-content":"","ast-featured-img":"","footer-sml-layout":"","ast-disable-related-posts":"","theme-transparent-header-meta":"","adv-header-id-meta":"","stick-header-meta":"","header-above-stick-meta":"","header-main-stick-meta":"","header-below-stick-meta":"","astra-migrate-meta-layouts":"default","ast-page-background-enabled":"default","ast-page-background-meta":{"desktop":{"background-color":"var(--ast-global-color-4)","background-image":"","background-repeat":"repeat","background-position":"center center","background-size":"auto","background-attachment":"scroll","background-type":"","background-media":"","overlay-type":"","overlay-color":"","overlay-opacity":"","overlay-gradient":""},"tablet":{"background-color":"","background-image":"","background-repeat":"repeat","background-position":"center center","background-size":"auto","background-attachment":"scroll","background-type":"","background-media":"","overlay-type":"","overlay-color":"","overlay-opacity":"","overlay-gradient":""},"mobile":{"background-color":"","background-image":"","background-repeat":"repeat","background-position":"center center","background-size":"auto","background-attachment":"scroll","background-type":"","background-media":"","overlay-type":"","overlay-color":"","overlay-opacity":"","overlay-gradient":""}},"ast-content-background-meta":{"desktop":{"background-color":"var(--ast-global-color-5)","background-image":"","background-repeat":"repeat","background-position":"center center","background-size":"auto","background-attachment":"scroll","background-type":"","background-media":"","overlay-type":"","overlay-color":"","overlay-opacity":"","overlay-gradient":""},"tablet":{"background-color":"var(--ast-global-color-5)","background-image":"","background-repeat":"repeat","background-position":"center center","background-size":"auto","background-attachment":"scroll","background-type":"","background-media":"","overlay-type":"","overlay-color":"","overlay-opacity":"","overlay-gradient":""},"mobile":{"background-color":"var(--ast-global-color-5)","background-image":"","background-repeat":"repeat","background-position":"center center","background-size":"auto","background-attachment":"scroll","background-type":"","background-media":"","overlay-type":"","overlay-color":"","overlay-opacity":"","overlay-gradient":""}},"footnotes":""},"categories":[517],"tags":[],"class_list":["post-24110","post","type-post","status-publish","format-image","hentry","category-aconteceu","post_format-post-format-image"],"_links":{"self":[{"href":"https:\/\/noticiasnoface.com.br\/index.php\/wp-json\/wp\/v2\/posts\/24110","targetHints":{"allow":["GET"]}}],"collection":[{"href":"https:\/\/noticiasnoface.com.br\/index.php\/wp-json\/wp\/v2\/posts"}],"about":[{"href":"https:\/\/noticiasnoface.com.br\/index.php\/wp-json\/wp\/v2\/types\/post"}],"author":[{"embeddable":true,"href":"https:\/\/noticiasnoface.com.br\/index.php\/wp-json\/wp\/v2\/users\/1"}],"replies":[{"embeddable":true,"href":"https:\/\/noticiasnoface.com.br\/index.php\/wp-json\/wp\/v2\/comments?post=24110"}],"version-history":[{"count":1,"href":"https:\/\/noticiasnoface.com.br\/index.php\/wp-json\/wp\/v2\/posts\/24110\/revisions"}],"predecessor-version":[{"id":24111,"href":"https:\/\/noticiasnoface.com.br\/index.php\/wp-json\/wp\/v2\/posts\/24110\/revisions\/24111"}],"wp:attachment":[{"href":"https:\/\/noticiasnoface.com.br\/index.php\/wp-json\/wp\/v2\/media?parent=24110"}],"wp:term":[{"taxonomy":"category","embeddable":true,"href":"https:\/\/noticiasnoface.com.br\/index.php\/wp-json\/wp\/v2\/categories?post=24110"},{"taxonomy":"post_tag","embeddable":true,"href":"https:\/\/noticiasnoface.com.br\/index.php\/wp-json\/wp\/v2\/tags?post=24110"}],"curies":[{"name":"wp","href":"https:\/\/api.w.org\/{rel}","templated":true}]}}