{"id":24129,"date":"2024-05-24T10:16:23","date_gmt":"2024-05-24T13:16:23","guid":{"rendered":"https:\/\/noticiasnoface.com.br\/?p=24129"},"modified":"2024-05-24T10:16:24","modified_gmt":"2024-05-24T13:16:24","slug":"13o-antecipado-comeca-a-ser-pago-pelo-inss-nesta-6a-feira","status":"publish","type":"post","link":"https:\/\/noticiasnoface.com.br\/index.php\/2024\/05\/24\/13o-antecipado-comeca-a-ser-pago-pelo-inss-nesta-6a-feira\/","title":{"rendered":"13\u00ba antecipado come\u00e7a a ser pago pelo INSS nesta 6\u00aa feira&#8230;"},"content":{"rendered":"\n<figure class=\"wp-block-image size-large\"><img data-opt-id=694793438  fetchpriority=\"high\" decoding=\"async\" width=\"848\" height=\"477\" src=\"https:\/\/mlbfrsat7ahr.i.optimole.com\/w:auto\/h:auto\/q:mauto\/ig:avif\/https:\/\/noticiasnoface.com.br\/wp-content\/uploads\/2024\/05\/img_5473-1.jpg\" class=\"wp-image-24126\" srcset=\"https:\/\/mlbfrsat7ahr.i.optimole.com\/w:848\/h:477\/q:mauto\/ig:avif\/https:\/\/noticiasnoface.com.br\/wp-content\/uploads\/2024\/05\/img_5473-1.jpg 848w, https:\/\/mlbfrsat7ahr.i.optimole.com\/w:300\/h:169\/q:mauto\/ig:avif\/https:\/\/noticiasnoface.com.br\/wp-content\/uploads\/2024\/05\/img_5473-1.jpg 300w, https:\/\/mlbfrsat7ahr.i.optimole.com\/w:768\/h:432\/q:mauto\/ig:avif\/https:\/\/noticiasnoface.com.br\/wp-content\/uploads\/2024\/05\/img_5473-1.jpg 768w\" sizes=\"(max-width: 848px) 100vw, 848px\" \/><\/figure>\n\n\n\n<!--more-->\n\n\n\n<p>Os aposentados e pensionistas do INSS (Instituto Nacional do Seguro Social) come\u00e7am a receber nesta 6\u00aa feira (24.mai.2024) a 2\u00aa parcela do 13\u00ba. At\u00e9 7 de junho, mais de 33,6 milh\u00f5es de segurados receber\u00e3o o dinheiro, que ser\u00e1 pago conforme o d\u00edgito final do NIS (N\u00famero de Inscri\u00e7\u00e3o Social).<\/p>\n\n\n\n<p>O pagamento da 2\u00aa parcela come\u00e7a pelos segurados que ganham o sal\u00e1rio m\u00ednimo. Quem recebe mais que o m\u00ednimo come\u00e7a a receber em 3 de junho.<\/p>\n\n\n\n<p>O extrato com os valores e as datas de pagamento do 13\u00ba est\u00e1 dispon\u00edvel desde abril. A consulta pode ser feita tanto pelo aplicativo Meu INSS, dispon\u00edvel para celulares e tablets, como pelo site&nbsp;<a href=\"http:\/\/gov.br\/meuinss\" target=\"_blank\" rel=\"noopener\">gov.br\/meuinss<\/a>.<\/p>\n\n\n\n<p>Quem n\u00e3o tiver acesso \u00e0 internet pode consultar a libera\u00e7\u00e3o do 13\u00ba pelo telefone 135. Nesse caso, \u00e9 necess\u00e1rio informar o n\u00famero do CPF (Cadastro de Pessoas F\u00edsicas) e confirmar alguns dados ao atendente antes de fazer a consulta. O atendimento telef\u00f4nico est\u00e1 dispon\u00edvel de 2\u00aa feira a s\u00e1bado, das 7h \u00e0s 22h.<\/p>\n\n\n\n<figure class=\"wp-block-image size-large\"><img data-opt-id=629030974  fetchpriority=\"high\" decoding=\"async\" width=\"704\" height=\"1024\" src=\"https:\/\/mlbfrsat7ahr.i.optimole.com\/w:704\/h:1024\/q:mauto\/ig:avif\/https:\/\/noticiasnoface.com.br\/wp-content\/uploads\/2024\/05\/img_5474-1.png\" class=\"wp-image-24127\" srcset=\"https:\/\/mlbfrsat7ahr.i.optimole.com\/w:704\/h:1024\/q:mauto\/ig:avif\/https:\/\/noticiasnoface.com.br\/wp-content\/uploads\/2024\/05\/img_5474-1.png 704w, https:\/\/mlbfrsat7ahr.i.optimole.com\/w:206\/h:300\/q:mauto\/ig:avif\/https:\/\/noticiasnoface.com.br\/wp-content\/uploads\/2024\/05\/img_5474-1.png 206w, https:\/\/mlbfrsat7ahr.i.optimole.com\/w:742\/h:1080\/q:mauto\/ig:avif\/https:\/\/noticiasnoface.com.br\/wp-content\/uploads\/2024\/05\/img_5474-1.png 768w, https:\/\/mlbfrsat7ahr.i.optimole.com\/w:742\/h:1080\/q:mauto\/ig:avif\/https:\/\/noticiasnoface.com.br\/wp-content\/uploads\/2024\/05\/img_5474-1.png 1056w, https:\/\/mlbfrsat7ahr.i.optimole.com\/w:742\/h:1080\/q:mauto\/ig:avif\/https:\/\/noticiasnoface.com.br\/wp-content\/uploads\/2024\/05\/img_5474-1.png 1080w\" sizes=\"(max-width: 704px) 100vw, 704px\" \/><\/figure>\n\n\n\n<figure class=\"wp-block-image size-large\"><img data-opt-id=2052678941  data-opt-src=\"https:\/\/mlbfrsat7ahr.i.optimole.com\/w:926\/h:1024\/q:mauto\/ig:avif\/https:\/\/noticiasnoface.com.br\/wp-content\/uploads\/2024\/05\/img_5475-1.png\"  decoding=\"async\" width=\"926\" height=\"1024\" src=\"data:image/svg+xml,%3Csvg%20viewBox%3D%220%200%20926%201024%22%20width%3D%22926%22%20height%3D%221024%22%20xmlns%3D%22http%3A%2F%2Fwww.w3.org%2F2000%2Fsvg%22%3E%3Crect%20width%3D%22926%22%20height%3D%221024%22%20fill%3D%22transparent%22%2F%3E%3C%2Fsvg%3E\" class=\"wp-image-24128\" old-srcset=\"https:\/\/mlbfrsat7ahr.i.optimole.com\/w:926\/h:1024\/q:mauto\/ig:avif\/https:\/\/noticiasnoface.com.br\/wp-content\/uploads\/2024\/05\/img_5475-1.png 926w, https:\/\/mlbfrsat7ahr.i.optimole.com\/w:271\/h:300\/q:mauto\/ig:avif\/https:\/\/noticiasnoface.com.br\/wp-content\/uploads\/2024\/05\/img_5475-1.png 271w, https:\/\/mlbfrsat7ahr.i.optimole.com\/w:768\/h:849\/q:mauto\/ig:avif\/https:\/\/noticiasnoface.com.br\/wp-content\/uploads\/2024\/05\/img_5475-1.png 768w, https:\/\/mlbfrsat7ahr.i.optimole.com\/w:976\/h:1080\/q:mauto\/ig:avif\/https:\/\/noticiasnoface.com.br\/wp-content\/uploads\/2024\/05\/img_5475-1.png 1080w\" \/><figcaption class=\"wp-element-caption\"><br>O decreto com a&nbsp;<a href=\"https:\/\/www.poder360.com.br\/brasil\/governo-antecipa-13o-de-aposentados-e-pensionistas-do-inss\/\" target=\"_blank\" rel=\"noopener\">antecipa\u00e7\u00e3o<\/a>&nbsp;do 13\u00ba foi assinado em mar\u00e7o. Este \u00e9 o 5\u00ba ano seguido em que os segurados do INSS recebem o 13\u00ba antes das datas tradicionais, em agosto e em dezembro. Em 2020 e 2021, o pagamento ocorreu mais cedo por causa da pandemia de covid. Em 2022 e 2023, as parcelas foram pagas em maio e junho.<br>Segundo o Minist\u00e9rio da Previd\u00eancia, o pagamento do 13\u00ba antecipa a inje\u00e7\u00e3o de R$ 67,6 bilh\u00f5es na economia. Desse total, R$ 33,92 bilh\u00f5es correspondem \u00e0 2\u00aa parcela, referente \u00e0 compet\u00eancia de maio e que ser\u00e1 paga entre o fim deste m\u00eas e o in\u00edcio de junho. O restante corresponde \u00e0 1\u00aa parcela, da compet\u00eancia de abril, paga no fim de abril e in\u00edcio de maio.<br>A maioria dos aposentados e pensionistas receber\u00e1 50% do 13\u00ba na 2\u00aa parcela. A exce\u00e7\u00e3o \u00e9 para quem passou a receber o benef\u00edcio depois de janeiro e ter\u00e1 o valor calculado proporcionalmente.<br>O Minist\u00e9rio da Previd\u00eancia esclarece que os segurados que recebem benef\u00edcio por incapacidade tempor\u00e1ria (antigo aux\u00edlio-doen\u00e7a) tamb\u00e9m t\u00eam direito a uma parcela menor do 13\u00ba, calculada de acordo com a dura\u00e7\u00e3o do benef\u00edcio. Por lei, os segurados que recebem benef\u00edcios assistenciais, como o Bolsa Fam\u00edlia, n\u00e3o t\u00eam direito ao 13\u00ba sal\u00e1rio.<\/figcaption><\/figure>\n","protected":false},"excerpt":{"rendered":"","protected":false},"author":1,"featured_media":0,"comment_status":"open","ping_status":"open","sticky":false,"template":"","format":"image","meta":{"site-sidebar-layout":"default","site-content-layout":"","ast-site-content-layout":"default","site-content-style":"default","site-sidebar-style":"default","ast-global-header-display":"","ast-banner-title-visibility":"","ast-main-header-display":"","ast-hfb-above-header-display":"","ast-hfb-below-header-display":"","ast-hfb-mobile-header-display":"","site-post-title":"","ast-breadcrumbs-content":"","ast-featured-img":"","footer-sml-layout":"","ast-disable-related-posts":"","theme-transparent-header-meta":"","adv-header-id-meta":"","stick-header-meta":"","header-above-stick-meta":"","header-main-stick-meta":"","header-below-stick-meta":"","astra-migrate-meta-layouts":"default","ast-page-background-enabled":"default","ast-page-background-meta":{"desktop":{"background-color":"var(--ast-global-color-4)","background-image":"","background-repeat":"repeat","background-position":"center center","background-size":"auto","background-attachment":"scroll","background-type":"","background-media":"","overlay-type":"","overlay-color":"","overlay-opacity":"","overlay-gradient":""},"tablet":{"background-color":"","background-image":"","background-repeat":"repeat","background-position":"center center","background-size":"auto","background-attachment":"scroll","background-type":"","background-media":"","overlay-type":"","overlay-color":"","overlay-opacity":"","overlay-gradient":""},"mobile":{"background-color":"","background-image":"","background-repeat":"repeat","background-position":"center center","background-size":"auto","background-attachment":"scroll","background-type":"","background-media":"","overlay-type":"","overlay-color":"","overlay-opacity":"","overlay-gradient":""}},"ast-content-background-meta":{"desktop":{"background-color":"var(--ast-global-color-5)","background-image":"","background-repeat":"repeat","background-position":"center center","background-size":"auto","background-attachment":"scroll","background-type":"","background-media":"","overlay-type":"","overlay-color":"","overlay-opacity":"","overlay-gradient":""},"tablet":{"background-color":"var(--ast-global-color-5)","background-image":"","background-repeat":"repeat","background-position":"center center","background-size":"auto","background-attachment":"scroll","background-type":"","background-media":"","overlay-type":"","overlay-color":"","overlay-opacity":"","overlay-gradient":""},"mobile":{"background-color":"var(--ast-global-color-5)","background-image":"","background-repeat":"repeat","background-position":"center center","background-size":"auto","background-attachment":"scroll","background-type":"","background-media":"","overlay-type":"","overlay-color":"","overlay-opacity":"","overlay-gradient":""}},"footnotes":""},"categories":[517],"tags":[],"class_list":["post-24129","post","type-post","status-publish","format-image","hentry","category-aconteceu","post_format-post-format-image"],"_links":{"self":[{"href":"https:\/\/noticiasnoface.com.br\/index.php\/wp-json\/wp\/v2\/posts\/24129","targetHints":{"allow":["GET"]}}],"collection":[{"href":"https:\/\/noticiasnoface.com.br\/index.php\/wp-json\/wp\/v2\/posts"}],"about":[{"href":"https:\/\/noticiasnoface.com.br\/index.php\/wp-json\/wp\/v2\/types\/post"}],"author":[{"embeddable":true,"href":"https:\/\/noticiasnoface.com.br\/index.php\/wp-json\/wp\/v2\/users\/1"}],"replies":[{"embeddable":true,"href":"https:\/\/noticiasnoface.com.br\/index.php\/wp-json\/wp\/v2\/comments?post=24129"}],"version-history":[{"count":1,"href":"https:\/\/noticiasnoface.com.br\/index.php\/wp-json\/wp\/v2\/posts\/24129\/revisions"}],"predecessor-version":[{"id":24130,"href":"https:\/\/noticiasnoface.com.br\/index.php\/wp-json\/wp\/v2\/posts\/24129\/revisions\/24130"}],"wp:attachment":[{"href":"https:\/\/noticiasnoface.com.br\/index.php\/wp-json\/wp\/v2\/media?parent=24129"}],"wp:term":[{"taxonomy":"category","embeddable":true,"href":"https:\/\/noticiasnoface.com.br\/index.php\/wp-json\/wp\/v2\/categories?post=24129"},{"taxonomy":"post_tag","embeddable":true,"href":"https:\/\/noticiasnoface.com.br\/index.php\/wp-json\/wp\/v2\/tags?post=24129"}],"curies":[{"name":"wp","href":"https:\/\/api.w.org\/{rel}","templated":true}]}}