{"id":24150,"date":"2024-05-26T07:38:57","date_gmt":"2024-05-26T10:38:57","guid":{"rendered":"https:\/\/noticiasnoface.com.br\/?p=24150"},"modified":"2024-05-26T07:38:59","modified_gmt":"2024-05-26T10:38:59","slug":"imagem-do-governo-lula-piora-apos-tragedia-no-rs","status":"publish","type":"post","link":"https:\/\/noticiasnoface.com.br\/index.php\/2024\/05\/26\/imagem-do-governo-lula-piora-apos-tragedia-no-rs\/","title":{"rendered":"Imagem do Governo Lula piora ap\u00f3s trag\u00e9dia no RS"},"content":{"rendered":"\n<figure class=\"wp-block-image size-full\"><img data-opt-id=1393541357  fetchpriority=\"high\" decoding=\"async\" width=\"713\" height=\"397\" src=\"https:\/\/mlbfrsat7ahr.i.optimole.com\/w:auto\/h:auto\/q:mauto\/ig:avif\/https:\/\/noticiasnoface.com.br\/wp-content\/uploads\/2024\/05\/img_5533.jpg\" alt=\"\" class=\"wp-image-24149\" srcset=\"https:\/\/mlbfrsat7ahr.i.optimole.com\/w:713\/h:397\/q:mauto\/ig:avif\/https:\/\/noticiasnoface.com.br\/wp-content\/uploads\/2024\/05\/img_5533.jpg 713w, https:\/\/mlbfrsat7ahr.i.optimole.com\/w:300\/h:167\/q:mauto\/ig:avif\/https:\/\/noticiasnoface.com.br\/wp-content\/uploads\/2024\/05\/img_5533.jpg 300w\" sizes=\"(max-width: 713px) 100vw, 713px\" \/><\/figure>\n\n\n\n<!--more-->\n\n\n\n<p>Os desdobramentos das enchentes no Rio Grande do Sul fizeram de maio o pior m\u00eas para a imagem do governo Lula (PT) neste terceiro mandato do presidente. \u00c9 o que mostram pesquisas internas do Planalto.<\/p>\n\n\n\n<p><strong>O que aconteceu<\/strong><\/p>\n\n\n\n<p>Pesquisas encomendadas pela pr\u00f3pria gest\u00e3o mostram que o governo sai arranhado da trag\u00e9dia. Entre os principais motivos est\u00e3o as fake news espalhadas contra o governo, um entendimento de que os \u00f3rg\u00e3os p\u00fablicos demoraram a agir e as gafes do presidente Lula e da primeira-dama, Janja da Silva.<\/p>\n\n\n\n<p>Falas de Lula e Janja tiveram repercuss\u00e3o negativa nas redes e at\u00e9 entre a bancada. Aliados e pessoas ligadas ao governo citam os casos da declara\u00e7\u00e3o de Lula sobre n\u00e3o saber que havia tantos negros no RS, o destaque dado por Janja ao resgate do cavalo Caramelo e a foto da primeira-dama com cestas de alimentos no avi\u00e3o da FAB (For\u00e7a A\u00e9rea Brasileira).<\/p>\n\n\n\n<p>A Secom (Secretaria de Comunica\u00e7\u00e3o Social) evita o assunto e o Planalto insiste nos feitos do governo. Segundo a presid\u00eancia, j\u00e1 foram destinados mais de R$ 62 bilh\u00f5es em resposta \u00e0 trag\u00e9dia.<\/p>\n\n\n\n<p><strong>UOL<\/strong><\/p>\n","protected":false},"excerpt":{"rendered":"","protected":false},"author":1,"featured_media":0,"comment_status":"open","ping_status":"open","sticky":false,"template":"","format":"image","meta":{"site-sidebar-layout":"default","site-content-layout":"","ast-site-content-layout":"default","site-content-style":"default","site-sidebar-style":"default","ast-global-header-display":"","ast-banner-title-visibility":"","ast-main-header-display":"","ast-hfb-above-header-display":"","ast-hfb-below-header-display":"","ast-hfb-mobile-header-display":"","site-post-title":"","ast-breadcrumbs-content":"","ast-featured-img":"","footer-sml-layout":"","ast-disable-related-posts":"","theme-transparent-header-meta":"","adv-header-id-meta":"","stick-header-meta":"","header-above-stick-meta":"","header-main-stick-meta":"","header-below-stick-meta":"","astra-migrate-meta-layouts":"default","ast-page-background-enabled":"default","ast-page-background-meta":{"desktop":{"background-color":"var(--ast-global-color-4)","background-image":"","background-repeat":"repeat","background-position":"center center","background-size":"auto","background-attachment":"scroll","background-type":"","background-media":"","overlay-type":"","overlay-color":"","overlay-opacity":"","overlay-gradient":""},"tablet":{"background-color":"","background-image":"","background-repeat":"repeat","background-position":"center center","background-size":"auto","background-attachment":"scroll","background-type":"","background-media":"","overlay-type":"","overlay-color":"","overlay-opacity":"","overlay-gradient":""},"mobile":{"background-color":"","background-image":"","background-repeat":"repeat","background-position":"center center","background-size":"auto","background-attachment":"scroll","background-type":"","background-media":"","overlay-type":"","overlay-color":"","overlay-opacity":"","overlay-gradient":""}},"ast-content-background-meta":{"desktop":{"background-color":"var(--ast-global-color-5)","background-image":"","background-repeat":"repeat","background-position":"center center","background-size":"auto","background-attachment":"scroll","background-type":"","background-media":"","overlay-type":"","overlay-color":"","overlay-opacity":"","overlay-gradient":""},"tablet":{"background-color":"var(--ast-global-color-5)","background-image":"","background-repeat":"repeat","background-position":"center center","background-size":"auto","background-attachment":"scroll","background-type":"","background-media":"","overlay-type":"","overlay-color":"","overlay-opacity":"","overlay-gradient":""},"mobile":{"background-color":"var(--ast-global-color-5)","background-image":"","background-repeat":"repeat","background-position":"center center","background-size":"auto","background-attachment":"scroll","background-type":"","background-media":"","overlay-type":"","overlay-color":"","overlay-opacity":"","overlay-gradient":""}},"footnotes":""},"categories":[517],"tags":[2281,3219,70],"class_list":["post-24150","post","type-post","status-publish","format-image","hentry","category-aconteceu","tag-governo-lula","tag-rio-grande-do-sul","tag-tragedia","post_format-post-format-image"],"_links":{"self":[{"href":"https:\/\/noticiasnoface.com.br\/index.php\/wp-json\/wp\/v2\/posts\/24150","targetHints":{"allow":["GET"]}}],"collection":[{"href":"https:\/\/noticiasnoface.com.br\/index.php\/wp-json\/wp\/v2\/posts"}],"about":[{"href":"https:\/\/noticiasnoface.com.br\/index.php\/wp-json\/wp\/v2\/types\/post"}],"author":[{"embeddable":true,"href":"https:\/\/noticiasnoface.com.br\/index.php\/wp-json\/wp\/v2\/users\/1"}],"replies":[{"embeddable":true,"href":"https:\/\/noticiasnoface.com.br\/index.php\/wp-json\/wp\/v2\/comments?post=24150"}],"version-history":[{"count":1,"href":"https:\/\/noticiasnoface.com.br\/index.php\/wp-json\/wp\/v2\/posts\/24150\/revisions"}],"predecessor-version":[{"id":24152,"href":"https:\/\/noticiasnoface.com.br\/index.php\/wp-json\/wp\/v2\/posts\/24150\/revisions\/24152"}],"wp:attachment":[{"href":"https:\/\/noticiasnoface.com.br\/index.php\/wp-json\/wp\/v2\/media?parent=24150"}],"wp:term":[{"taxonomy":"category","embeddable":true,"href":"https:\/\/noticiasnoface.com.br\/index.php\/wp-json\/wp\/v2\/categories?post=24150"},{"taxonomy":"post_tag","embeddable":true,"href":"https:\/\/noticiasnoface.com.br\/index.php\/wp-json\/wp\/v2\/tags?post=24150"}],"curies":[{"name":"wp","href":"https:\/\/api.w.org\/{rel}","templated":true}]}}