{"id":24154,"date":"2024-05-26T08:23:57","date_gmt":"2024-05-26T11:23:57","guid":{"rendered":"https:\/\/noticiasnoface.com.br\/?p=24154"},"modified":"2024-05-26T08:23:59","modified_gmt":"2024-05-26T11:23:59","slug":"ministro-de-lula-vai-contratar-motoristas-criativos-por-meio-milhao","status":"publish","type":"post","link":"https:\/\/noticiasnoface.com.br\/index.php\/2024\/05\/26\/ministro-de-lula-vai-contratar-motoristas-criativos-por-meio-milhao\/","title":{"rendered":"Ministro de Lula vai contratar motoristas \u201ccriativos\u201d por MEIO MILH\u00c3O"},"content":{"rendered":"\n<figure class=\"wp-block-image size-full\"><img data-opt-id=625930582  fetchpriority=\"high\" decoding=\"async\" width=\"888\" height=\"592\" src=\"https:\/\/mlbfrsat7ahr.i.optimole.com\/w:auto\/h:auto\/q:mauto\/ig:avif\/https:\/\/noticiasnoface.com.br\/wp-content\/uploads\/2024\/05\/IMG_5538.jpeg\" alt=\"\" class=\"wp-image-24155\" srcset=\"https:\/\/mlbfrsat7ahr.i.optimole.com\/w:888\/h:592\/q:mauto\/ig:avif\/https:\/\/noticiasnoface.com.br\/wp-content\/uploads\/2024\/05\/IMG_5538.jpeg 888w, https:\/\/mlbfrsat7ahr.i.optimole.com\/w:300\/h:200\/q:mauto\/ig:avif\/https:\/\/noticiasnoface.com.br\/wp-content\/uploads\/2024\/05\/IMG_5538.jpeg 300w, https:\/\/mlbfrsat7ahr.i.optimole.com\/w:768\/h:512\/q:mauto\/ig:avif\/https:\/\/noticiasnoface.com.br\/wp-content\/uploads\/2024\/05\/IMG_5538.jpeg 768w\" sizes=\"(max-width: 888px) 100vw, 888px\" \/><\/figure>\n\n\n\n<p>Mais um esc\u00e2ndalo envolvendo o ministro das comunica\u00e7\u00f5es, agora envolvendo contrata\u00e7\u00e3o de \u201cMOTORISTAS CRIATIVOS\u201d<\/p>\n\n\n\n<!--more-->\n\n\n\n<p>O Minist\u00e9rio das Comunica\u00e7\u00f5es lan\u00e7ou na semana passada um edital para a contrata\u00e7\u00e3o de cinco motoristas &#8220;para atender sua autoridade m\u00e1xima&#8221; (assim consta no documento), o ministro<strong>&nbsp;<\/strong><a href=\"https:\/\/oglobo.globo.com\/tudo-sobre\/politico\/juscelino-filho\" target=\"_blank\" rel=\"noopener\"><strong>Juscelino Filho<\/strong><\/a>, e outros servidores. Vai pagar R$ 580 mil por um per\u00edodo de 12 meses.&nbsp;<\/p>\n\n\n\n<p>Dos motoristas, exige-se &#8220;criatividade&#8221;, &#8220;altru\u00edsmo&#8221;, capacidade de &#8220;negocia\u00e7\u00e3o&#8221; e de &#8220;elaborar textos com clareza, objetividade e precis\u00e3o&#8221;. Ah, e tamb\u00e9m &#8220;palet\u00f3 social preto, com ombreiras, forrado internamente, inclusive na manga&#8221; e &#8220;camisa social de manga longa e gola com entretela&#8221;. Das candidatas mulheres, \u00e9 obrigat\u00f3rio &#8220;meia cal\u00e7a fina fio 15&#8221;.<\/p>\n\n\n\n<p>VIA LAURO JARDIM (O GLOBO)<\/p>\n","protected":false},"excerpt":{"rendered":"<p>Mais um esc\u00e2ndalo envolvendo o ministro das comunica\u00e7\u00f5es, agora envolvendo contrata\u00e7\u00e3o de \u201cMOTORISTAS CRIATIVOS\u201d<\/p>\n","protected":false},"author":1,"featured_media":0,"comment_status":"open","ping_status":"open","sticky":false,"template":"","format":"image","meta":{"site-sidebar-layout":"default","site-content-layout":"","ast-site-content-layout":"default","site-content-style":"default","site-sidebar-style":"default","ast-global-header-display":"","ast-banner-title-visibility":"","ast-main-header-display":"","ast-hfb-above-header-display":"","ast-hfb-below-header-display":"","ast-hfb-mobile-header-display":"","site-post-title":"","ast-breadcrumbs-content":"","ast-featured-img":"","footer-sml-layout":"","ast-disable-related-posts":"","theme-transparent-header-meta":"","adv-header-id-meta":"","stick-header-meta":"","header-above-stick-meta":"","header-main-stick-meta":"","header-below-stick-meta":"","astra-migrate-meta-layouts":"default","ast-page-background-enabled":"default","ast-page-background-meta":{"desktop":{"background-color":"var(--ast-global-color-4)","background-image":"","background-repeat":"repeat","background-position":"center center","background-size":"auto","background-attachment":"scroll","background-type":"","background-media":"","overlay-type":"","overlay-color":"","overlay-opacity":"","overlay-gradient":""},"tablet":{"background-color":"","background-image":"","background-repeat":"repeat","background-position":"center center","background-size":"auto","background-attachment":"scroll","background-type":"","background-media":"","overlay-type":"","overlay-color":"","overlay-opacity":"","overlay-gradient":""},"mobile":{"background-color":"","background-image":"","background-repeat":"repeat","background-position":"center center","background-size":"auto","background-attachment":"scroll","background-type":"","background-media":"","overlay-type":"","overlay-color":"","overlay-opacity":"","overlay-gradient":""}},"ast-content-background-meta":{"desktop":{"background-color":"var(--ast-global-color-5)","background-image":"","background-repeat":"repeat","background-position":"center center","background-size":"auto","background-attachment":"scroll","background-type":"","background-media":"","overlay-type":"","overlay-color":"","overlay-opacity":"","overlay-gradient":""},"tablet":{"background-color":"var(--ast-global-color-5)","background-image":"","background-repeat":"repeat","background-position":"center center","background-size":"auto","background-attachment":"scroll","background-type":"","background-media":"","overlay-type":"","overlay-color":"","overlay-opacity":"","overlay-gradient":""},"mobile":{"background-color":"var(--ast-global-color-5)","background-image":"","background-repeat":"repeat","background-position":"center center","background-size":"auto","background-attachment":"scroll","background-type":"","background-media":"","overlay-type":"","overlay-color":"","overlay-opacity":"","overlay-gradient":""}},"footnotes":""},"categories":[517],"tags":[],"class_list":["post-24154","post","type-post","status-publish","format-image","hentry","category-aconteceu","post_format-post-format-image"],"_links":{"self":[{"href":"https:\/\/noticiasnoface.com.br\/index.php\/wp-json\/wp\/v2\/posts\/24154","targetHints":{"allow":["GET"]}}],"collection":[{"href":"https:\/\/noticiasnoface.com.br\/index.php\/wp-json\/wp\/v2\/posts"}],"about":[{"href":"https:\/\/noticiasnoface.com.br\/index.php\/wp-json\/wp\/v2\/types\/post"}],"author":[{"embeddable":true,"href":"https:\/\/noticiasnoface.com.br\/index.php\/wp-json\/wp\/v2\/users\/1"}],"replies":[{"embeddable":true,"href":"https:\/\/noticiasnoface.com.br\/index.php\/wp-json\/wp\/v2\/comments?post=24154"}],"version-history":[{"count":1,"href":"https:\/\/noticiasnoface.com.br\/index.php\/wp-json\/wp\/v2\/posts\/24154\/revisions"}],"predecessor-version":[{"id":24157,"href":"https:\/\/noticiasnoface.com.br\/index.php\/wp-json\/wp\/v2\/posts\/24154\/revisions\/24157"}],"wp:attachment":[{"href":"https:\/\/noticiasnoface.com.br\/index.php\/wp-json\/wp\/v2\/media?parent=24154"}],"wp:term":[{"taxonomy":"category","embeddable":true,"href":"https:\/\/noticiasnoface.com.br\/index.php\/wp-json\/wp\/v2\/categories?post=24154"},{"taxonomy":"post_tag","embeddable":true,"href":"https:\/\/noticiasnoface.com.br\/index.php\/wp-json\/wp\/v2\/tags?post=24154"}],"curies":[{"name":"wp","href":"https:\/\/api.w.org\/{rel}","templated":true}]}}