{"id":24167,"date":"2024-05-27T14:28:12","date_gmt":"2024-05-27T17:28:12","guid":{"rendered":"https:\/\/noticiasnoface.com.br\/?p=24167"},"modified":"2024-05-27T14:28:13","modified_gmt":"2024-05-27T17:28:13","slug":"adocao-e-tema-de-audiencia-publica-na-camara-de-parnamirim","status":"publish","type":"post","link":"https:\/\/noticiasnoface.com.br\/index.php\/2024\/05\/27\/adocao-e-tema-de-audiencia-publica-na-camara-de-parnamirim\/","title":{"rendered":"Ado\u00e7\u00e3o \u00e9 tema de audi\u00eancia p\u00fablica na C\u00e2mara de Parnamirim"},"content":{"rendered":"\n<figure class=\"wp-block-image size-large\"><img data-opt-id=1049612372  fetchpriority=\"high\" decoding=\"async\" width=\"1024\" height=\"1024\" src=\"https:\/\/mlbfrsat7ahr.i.optimole.com\/w:1024\/h:1024\/q:mauto\/ig:avif\/https:\/\/noticiasnoface.com.br\/wp-content\/uploads\/2024\/05\/8ec9ad53-e9f7-4129-aed4-52c3032de1b4-1.jpg\" class=\"wp-image-24166\" srcset=\"https:\/\/mlbfrsat7ahr.i.optimole.com\/w:1024\/h:1024\/q:mauto\/ig:avif\/https:\/\/noticiasnoface.com.br\/wp-content\/uploads\/2024\/05\/8ec9ad53-e9f7-4129-aed4-52c3032de1b4-1.jpg 1024w, https:\/\/mlbfrsat7ahr.i.optimole.com\/w:300\/h:300\/q:mauto\/ig:avif\/https:\/\/noticiasnoface.com.br\/wp-content\/uploads\/2024\/05\/8ec9ad53-e9f7-4129-aed4-52c3032de1b4-1.jpg 300w, https:\/\/mlbfrsat7ahr.i.optimole.com\/w:150\/h:150\/q:mauto\/ig:avif\/https:\/\/noticiasnoface.com.br\/wp-content\/uploads\/2024\/05\/8ec9ad53-e9f7-4129-aed4-52c3032de1b4-1.jpg 150w, https:\/\/mlbfrsat7ahr.i.optimole.com\/w:768\/h:768\/q:mauto\/ig:avif\/https:\/\/noticiasnoface.com.br\/wp-content\/uploads\/2024\/05\/8ec9ad53-e9f7-4129-aed4-52c3032de1b4-1.jpg 768w, https:\/\/mlbfrsat7ahr.i.optimole.com\/w:1080\/h:1080\/q:mauto\/ig:avif\/https:\/\/noticiasnoface.com.br\/wp-content\/uploads\/2024\/05\/8ec9ad53-e9f7-4129-aed4-52c3032de1b4-1.jpg 1080w\" sizes=\"(max-width: 1000px) 100vw, 1000px\" \/><\/figure>\n\n\n\n<!--more-->\n\n\n\n<p><em>Ado\u00e7\u00e3o \u00e9 tema de audi\u00eancia p\u00fablica na C\u00e2mara de Parnamirim<\/em><\/p>\n\n\n\n<p>A C\u00e2mara de Parnamirim ir\u00e1 realizar uma audi\u00eancia p\u00fablica sobre o \u201cDia Municipal da Ado\u00e7\u00e3o\u201d, na pr\u00f3xima ter\u00e7a-feira (28), \u00e0s 14h, no Plen\u00e1rio Dr. M\u00e1rio Medeiros. De proposi\u00e7\u00e3o do vereador Thiago Fernandes, a oportunidade proporcionar\u00e1 o debate sobre o assunto com a sociedade, gerando reflex\u00e3o e conscientiza\u00e7\u00e3o.<\/p>\n\n\n\n<p>O parlamentar explica que, em Parnamirim, a data foi institu\u00edda pela Lei n\u00ba 1.814, em 20 de maio de 2017. &#8220;Essa tem\u00e1tica da ado\u00e7\u00e3o de crian\u00e7as e adolescentes no \u00e2mbito do munic\u00edpio, tem como objetivo conscientizar e estimular a reflex\u00e3o, bem como a naturaliza\u00e7\u00e3o do ato de adotar, al\u00e9m de ressaltar a import\u00e2ncia do n\u00facleo familiar no desenvolvimento das crian\u00e7as e jovens&#8221;, explicou.<\/p>\n\n\n\n<p><em>Servi\u00e7o<\/em><\/p>\n\n\n\n<p>O que: Audi\u00eancia P\u00fablica sobre o \u201cDia Municipal da Ado\u00e7\u00e3o\u201d<br \/>Quando: Ter\u00e7a-feira, 28\/05\/2024<br \/>Hor\u00e1rio: 14h<br \/>Onde: Plen\u00e1rio Dr. M\u00e1rio Medeiros &#8211; C\u00e2mara de Parnamirim<\/p>\n\n\n\n<p>Assessor de Comunica\u00e7\u00e3o | Canind\u00e9 Pereira | 84 99628-4679<\/p>\n","protected":false},"excerpt":{"rendered":"","protected":false},"author":1,"featured_media":0,"comment_status":"open","ping_status":"open","sticky":false,"template":"","format":"image","meta":{"site-sidebar-layout":"default","site-content-layout":"","ast-site-content-layout":"default","site-content-style":"default","site-sidebar-style":"default","ast-global-header-display":"","ast-banner-title-visibility":"","ast-main-header-display":"","ast-hfb-above-header-display":"","ast-hfb-below-header-display":"","ast-hfb-mobile-header-display":"","site-post-title":"","ast-breadcrumbs-content":"","ast-featured-img":"","footer-sml-layout":"","ast-disable-related-posts":"","theme-transparent-header-meta":"","adv-header-id-meta":"","stick-header-meta":"","header-above-stick-meta":"","header-main-stick-meta":"","header-below-stick-meta":"","astra-migrate-meta-layouts":"default","ast-page-background-enabled":"default","ast-page-background-meta":{"desktop":{"background-color":"var(--ast-global-color-4)","background-image":"","background-repeat":"repeat","background-position":"center center","background-size":"auto","background-attachment":"scroll","background-type":"","background-media":"","overlay-type":"","overlay-color":"","overlay-opacity":"","overlay-gradient":""},"tablet":{"background-color":"","background-image":"","background-repeat":"repeat","background-position":"center center","background-size":"auto","background-attachment":"scroll","background-type":"","background-media":"","overlay-type":"","overlay-color":"","overlay-opacity":"","overlay-gradient":""},"mobile":{"background-color":"","background-image":"","background-repeat":"repeat","background-position":"center center","background-size":"auto","background-attachment":"scroll","background-type":"","background-media":"","overlay-type":"","overlay-color":"","overlay-opacity":"","overlay-gradient":""}},"ast-content-background-meta":{"desktop":{"background-color":"var(--ast-global-color-5)","background-image":"","background-repeat":"repeat","background-position":"center center","background-size":"auto","background-attachment":"scroll","background-type":"","background-media":"","overlay-type":"","overlay-color":"","overlay-opacity":"","overlay-gradient":""},"tablet":{"background-color":"var(--ast-global-color-5)","background-image":"","background-repeat":"repeat","background-position":"center center","background-size":"auto","background-attachment":"scroll","background-type":"","background-media":"","overlay-type":"","overlay-color":"","overlay-opacity":"","overlay-gradient":""},"mobile":{"background-color":"var(--ast-global-color-5)","background-image":"","background-repeat":"repeat","background-position":"center center","background-size":"auto","background-attachment":"scroll","background-type":"","background-media":"","overlay-type":"","overlay-color":"","overlay-opacity":"","overlay-gradient":""}},"footnotes":""},"categories":[517],"tags":[],"class_list":["post-24167","post","type-post","status-publish","format-image","hentry","category-aconteceu","post_format-post-format-image"],"_links":{"self":[{"href":"https:\/\/noticiasnoface.com.br\/index.php\/wp-json\/wp\/v2\/posts\/24167","targetHints":{"allow":["GET"]}}],"collection":[{"href":"https:\/\/noticiasnoface.com.br\/index.php\/wp-json\/wp\/v2\/posts"}],"about":[{"href":"https:\/\/noticiasnoface.com.br\/index.php\/wp-json\/wp\/v2\/types\/post"}],"author":[{"embeddable":true,"href":"https:\/\/noticiasnoface.com.br\/index.php\/wp-json\/wp\/v2\/users\/1"}],"replies":[{"embeddable":true,"href":"https:\/\/noticiasnoface.com.br\/index.php\/wp-json\/wp\/v2\/comments?post=24167"}],"version-history":[{"count":1,"href":"https:\/\/noticiasnoface.com.br\/index.php\/wp-json\/wp\/v2\/posts\/24167\/revisions"}],"predecessor-version":[{"id":24168,"href":"https:\/\/noticiasnoface.com.br\/index.php\/wp-json\/wp\/v2\/posts\/24167\/revisions\/24168"}],"wp:attachment":[{"href":"https:\/\/noticiasnoface.com.br\/index.php\/wp-json\/wp\/v2\/media?parent=24167"}],"wp:term":[{"taxonomy":"category","embeddable":true,"href":"https:\/\/noticiasnoface.com.br\/index.php\/wp-json\/wp\/v2\/categories?post=24167"},{"taxonomy":"post_tag","embeddable":true,"href":"https:\/\/noticiasnoface.com.br\/index.php\/wp-json\/wp\/v2\/tags?post=24167"}],"curies":[{"name":"wp","href":"https:\/\/api.w.org\/{rel}","templated":true}]}}