{"id":24192,"date":"2024-05-28T23:40:34","date_gmt":"2024-05-29T02:40:34","guid":{"rendered":"https:\/\/noticiasnoface.com.br\/?p=24192"},"modified":"2024-05-28T23:40:35","modified_gmt":"2024-05-29T02:40:35","slug":"vereadores-de-natal-concluem-votacao-do-novo-regimento-interno-da-camara","status":"publish","type":"post","link":"https:\/\/noticiasnoface.com.br\/index.php\/2024\/05\/28\/vereadores-de-natal-concluem-votacao-do-novo-regimento-interno-da-camara\/","title":{"rendered":"Vereadores de Natal concluem vota\u00e7\u00e3o do novo regimento interno da C\u00e2mara"},"content":{"rendered":"\n<figure class=\"wp-block-image size-large\"><img data-opt-id=875414442  fetchpriority=\"high\" decoding=\"async\" width=\"1024\" height=\"682\" src=\"https:\/\/mlbfrsat7ahr.i.optimole.com\/w:1024\/h:682\/q:mauto\/ig:avif\/https:\/\/noticiasnoface.com.br\/wp-content\/uploads\/2024\/05\/img_5692-1.jpg\" class=\"wp-image-24191\" srcset=\"https:\/\/mlbfrsat7ahr.i.optimole.com\/w:1024\/h:682\/q:mauto\/ig:avif\/https:\/\/noticiasnoface.com.br\/wp-content\/uploads\/2024\/05\/img_5692-1.jpg 1024w, https:\/\/mlbfrsat7ahr.i.optimole.com\/w:300\/h:200\/q:mauto\/ig:avif\/https:\/\/noticiasnoface.com.br\/wp-content\/uploads\/2024\/05\/img_5692-1.jpg 300w, https:\/\/mlbfrsat7ahr.i.optimole.com\/w:768\/h:512\/q:mauto\/ig:avif\/https:\/\/noticiasnoface.com.br\/wp-content\/uploads\/2024\/05\/img_5692-1.jpg 768w, https:\/\/mlbfrsat7ahr.i.optimole.com\/w:1536\/h:1023\/q:mauto\/ig:avif\/https:\/\/noticiasnoface.com.br\/wp-content\/uploads\/2024\/05\/img_5692-1.jpg 1536w, https:\/\/mlbfrsat7ahr.i.optimole.com\/w:1600\/h:1066\/q:mauto\/ig:avif\/https:\/\/noticiasnoface.com.br\/wp-content\/uploads\/2024\/05\/img_5692-1.jpg 1600w\" sizes=\"(max-width: 1000px) 100vw, 1000px\" \/><\/figure>\n\n\n\n<!--more-->\n\n\n\n<p>Os vereadores de Natal conclu\u00edram nesta ter\u00e7a-feira (28) a vota\u00e7\u00e3o do Projeto de Resolu\u00e7\u00e3o n\u00ba 35\/2023, de autoria da Mesa Diretora, que atualiza o Regimento Interno da C\u00e2mara Municipal. As emendas que prop\u00f5em mudan\u00e7as no estatuto come\u00e7aram a ser votadas na \u00faltima ter\u00e7a-feira (21).<\/p>\n\n\n\n<p>S\u00e3o altera\u00e7\u00f5es que reorganizam hor\u00e1rios e tempo de sess\u00f5es, audi\u00eancias, ritos de procedimentos, prazos e composi\u00e7\u00f5es de colegiados e da Mesa Diretora, entre outras. A vereadora Nina Souza (Uni\u00e3o Brasil) explicou que as altera\u00e7\u00f5es dar\u00e3o mais celeridade e transpar\u00eancia aos trabalhos. &#8220;Encerramos as discuss\u00f5es por completo e amanh\u00e3 teremos a delibera\u00e7\u00e3o final apenas do texto. Esse regimento precisava de fato ser reestruturado para que os processos tramitem com celeridade e transpar\u00eancia&#8221;, declarou.<\/p>\n\n\n\n<p>O Regimento \u00e9 o instrumento que rege as atribui\u00e7\u00f5es do Poder Legislativo, contemplando as fun\u00e7\u00f5es legislativas, fiscalizadoras e administrativas da Casa. \u00c9 a primeira grande reformula\u00e7\u00e3o que C\u00e2mara de Natal realiza desde 2006.<\/p>\n\n\n\n<p>&#8220;\u00c9 a nossa lei maior que rege todos os procedimentos legislativos. \u00c9 muito importante para essa legislatura estar promovendo um trabalho que iniciou em 2017, com uma comiss\u00e3o especial formada por mulheres. Precisamos agora revisar a Lei org\u00e2nica do Munic\u00edpio que ser\u00e1 outro marco para o poder Legislativo&#8221;, destacou o vereador Raniere Barbosa (Uni\u00e3o Brasil).<\/p>\n\n\n\n<p>Texto: Cl\u00e1udio Oliveira<\/p>\n\n\n\n<p>Fotos: Francisco de Assis<\/p>\n","protected":false},"excerpt":{"rendered":"","protected":false},"author":1,"featured_media":0,"comment_status":"open","ping_status":"open","sticky":false,"template":"","format":"image","meta":{"site-sidebar-layout":"default","site-content-layout":"","ast-site-content-layout":"default","site-content-style":"default","site-sidebar-style":"default","ast-global-header-display":"","ast-banner-title-visibility":"","ast-main-header-display":"","ast-hfb-above-header-display":"","ast-hfb-below-header-display":"","ast-hfb-mobile-header-display":"","site-post-title":"","ast-breadcrumbs-content":"","ast-featured-img":"","footer-sml-layout":"","ast-disable-related-posts":"","theme-transparent-header-meta":"","adv-header-id-meta":"","stick-header-meta":"","header-above-stick-meta":"","header-main-stick-meta":"","header-below-stick-meta":"","astra-migrate-meta-layouts":"default","ast-page-background-enabled":"default","ast-page-background-meta":{"desktop":{"background-color":"var(--ast-global-color-4)","background-image":"","background-repeat":"repeat","background-position":"center center","background-size":"auto","background-attachment":"scroll","background-type":"","background-media":"","overlay-type":"","overlay-color":"","overlay-opacity":"","overlay-gradient":""},"tablet":{"background-color":"","background-image":"","background-repeat":"repeat","background-position":"center center","background-size":"auto","background-attachment":"scroll","background-type":"","background-media":"","overlay-type":"","overlay-color":"","overlay-opacity":"","overlay-gradient":""},"mobile":{"background-color":"","background-image":"","background-repeat":"repeat","background-position":"center center","background-size":"auto","background-attachment":"scroll","background-type":"","background-media":"","overlay-type":"","overlay-color":"","overlay-opacity":"","overlay-gradient":""}},"ast-content-background-meta":{"desktop":{"background-color":"var(--ast-global-color-5)","background-image":"","background-repeat":"repeat","background-position":"center center","background-size":"auto","background-attachment":"scroll","background-type":"","background-media":"","overlay-type":"","overlay-color":"","overlay-opacity":"","overlay-gradient":""},"tablet":{"background-color":"var(--ast-global-color-5)","background-image":"","background-repeat":"repeat","background-position":"center center","background-size":"auto","background-attachment":"scroll","background-type":"","background-media":"","overlay-type":"","overlay-color":"","overlay-opacity":"","overlay-gradient":""},"mobile":{"background-color":"var(--ast-global-color-5)","background-image":"","background-repeat":"repeat","background-position":"center center","background-size":"auto","background-attachment":"scroll","background-type":"","background-media":"","overlay-type":"","overlay-color":"","overlay-opacity":"","overlay-gradient":""}},"footnotes":""},"categories":[517],"tags":[2469,2471,3762],"class_list":["post-24192","post","type-post","status-publish","format-image","hentry","category-aconteceu","tag-camara-municipal-de-natal","tag-eriko-jacome","tag-minuto-da-camara","post_format-post-format-image"],"_links":{"self":[{"href":"https:\/\/noticiasnoface.com.br\/index.php\/wp-json\/wp\/v2\/posts\/24192","targetHints":{"allow":["GET"]}}],"collection":[{"href":"https:\/\/noticiasnoface.com.br\/index.php\/wp-json\/wp\/v2\/posts"}],"about":[{"href":"https:\/\/noticiasnoface.com.br\/index.php\/wp-json\/wp\/v2\/types\/post"}],"author":[{"embeddable":true,"href":"https:\/\/noticiasnoface.com.br\/index.php\/wp-json\/wp\/v2\/users\/1"}],"replies":[{"embeddable":true,"href":"https:\/\/noticiasnoface.com.br\/index.php\/wp-json\/wp\/v2\/comments?post=24192"}],"version-history":[{"count":1,"href":"https:\/\/noticiasnoface.com.br\/index.php\/wp-json\/wp\/v2\/posts\/24192\/revisions"}],"predecessor-version":[{"id":24193,"href":"https:\/\/noticiasnoface.com.br\/index.php\/wp-json\/wp\/v2\/posts\/24192\/revisions\/24193"}],"wp:attachment":[{"href":"https:\/\/noticiasnoface.com.br\/index.php\/wp-json\/wp\/v2\/media?parent=24192"}],"wp:term":[{"taxonomy":"category","embeddable":true,"href":"https:\/\/noticiasnoface.com.br\/index.php\/wp-json\/wp\/v2\/categories?post=24192"},{"taxonomy":"post_tag","embeddable":true,"href":"https:\/\/noticiasnoface.com.br\/index.php\/wp-json\/wp\/v2\/tags?post=24192"}],"curies":[{"name":"wp","href":"https:\/\/api.w.org\/{rel}","templated":true}]}}