{"id":24200,"date":"2024-05-29T07:47:26","date_gmt":"2024-05-29T10:47:26","guid":{"rendered":"https:\/\/noticiasnoface.com.br\/?p=24200"},"modified":"2024-05-29T07:47:27","modified_gmt":"2024-05-29T10:47:27","slug":"idosos-60-saiba-como-garantir-isencao-de-contas-de-luz-iptu-e-imposto-de-renda","status":"publish","type":"post","link":"https:\/\/noticiasnoface.com.br\/index.php\/2024\/05\/29\/idosos-60-saiba-como-garantir-isencao-de-contas-de-luz-iptu-e-imposto-de-renda\/","title":{"rendered":"Idosos 60+: saiba como garantir isen\u00e7\u00e3o de contas de luz, IPTU e Imposto de Renda"},"content":{"rendered":"\n<figure class=\"wp-block-image size-large\"><img data-opt-id=2053463354  fetchpriority=\"high\" decoding=\"async\" width=\"1024\" height=\"576\" src=\"https:\/\/mlbfrsat7ahr.i.optimole.com\/w:1024\/h:576\/q:mauto\/ig:avif\/https:\/\/noticiasnoface.com.br\/wp-content\/uploads\/2024\/05\/img_5706-1.jpg\" class=\"wp-image-24199\" srcset=\"https:\/\/mlbfrsat7ahr.i.optimole.com\/w:1024\/h:576\/q:mauto\/ig:avif\/https:\/\/noticiasnoface.com.br\/wp-content\/uploads\/2024\/05\/img_5706-1.jpg 1024w, https:\/\/mlbfrsat7ahr.i.optimole.com\/w:300\/h:169\/q:mauto\/ig:avif\/https:\/\/noticiasnoface.com.br\/wp-content\/uploads\/2024\/05\/img_5706-1.jpg 300w, https:\/\/mlbfrsat7ahr.i.optimole.com\/w:768\/h:432\/q:mauto\/ig:avif\/https:\/\/noticiasnoface.com.br\/wp-content\/uploads\/2024\/05\/img_5706-1.jpg 768w, https:\/\/mlbfrsat7ahr.i.optimole.com\/w:1536\/h:864\/q:mauto\/ig:avif\/https:\/\/noticiasnoface.com.br\/wp-content\/uploads\/2024\/05\/img_5706-1.jpg 1536w, https:\/\/mlbfrsat7ahr.i.optimole.com\/w:1920\/h:1080\/q:mauto\/ig:avif\/https:\/\/noticiasnoface.com.br\/wp-content\/uploads\/2024\/05\/img_5706-1.jpg 1920w\" sizes=\"(max-width: 1000px) 100vw, 1000px\" \/><\/figure>\n\n\n\n<!--more-->\n\n\n\n<p>Cidad\u00e3os brasileiros com&nbsp;<strong>60 anos<\/strong>&nbsp;ou mais t\u00eam direito a diversos benef\u00edcios legais. Em seguida, eu destaco para voc\u00ea, a&nbsp;<strong>isen\u00e7\u00e3o para idosos 60+<\/strong>&nbsp;em tr\u00eas contas importantes. Poucos sabem que esses benef\u00edcios incluem isen\u00e7\u00f5es nas&nbsp;<strong>contas de luz, IPTU e Imposto de Renda<\/strong>.<\/p>\n\n\n\n<figure class=\"wp-block-image\"><img data-opt-id=2123212439  fetchpriority=\"high\" decoding=\"async\" src=\"https:\/\/fdr.com.br\/wp-content\/uploads\/2024\/04\/3_inss-beneficiario-homem-idoso-fila-de-espera-previdencia-social-atendimento-aplicativo-agencia-fdr-financas-direitos-renda-1.jpg\" alt=\"\"\/><figcaption class=\"wp-element-caption\">Idosos 60+: saiba como garantir isen\u00e7\u00e3o de contas de luz, IPTU e Imposto de Renda. Imagem: FDR<\/figcaption><\/figure>\n\n\n\n<p>No Brasil,<a href=\"https:\/\/fdr.com.br\/2024\/05\/21\/idosos-com-mais-de-60-anos-ganham-isencao-em-4-tipos-de-dividas-com-nova-legislacao\/\" target=\"_blank\" rel=\"noopener\"><strong>&nbsp;idosos 60+<\/strong><\/a>&nbsp;t\u00eam acesso a servi\u00e7os gratuitos, atendimento priorit\u00e1rio e outros aux\u00edlios para melhorar sua qualidade de vida. Os benef\u00edcios mais comuns incluem isen\u00e7\u00f5es ou gratuidades em&nbsp;<strong><a href=\"https:\/\/fdr.com.br\/2024\/05\/23\/gratuidade-para-idosos-veja-as-contas-que-dao-direito-a-isencao-total-e-parcial\/\" target=\"_blank\" rel=\"noopener\">contas de luz, IPTU, Imposto de Renda<\/a>,<\/strong>&nbsp;entre outros.<\/p>\n\n\n\n<p>\u00daltimas not\u00edcias<\/p>\n\n\n\n<p><a href=\"https:\/\/fdr.com.br\/2024\/05\/29\/funcionario-que-trabalha-meio-periodo-pode-ganhar-meio-salario-minimo-descubra\/?utm_source=internal&amp;utm_medium=related&amp;utm_campaign=related_posts&amp;utm_content=p3\" target=\"_blank\" rel=\"noopener\">Funcion\u00e1rio que trabalha meio per\u00edodo pode ganhar meio sal\u00e1rio m\u00ednimo? Descubra<\/a><\/p>\n\n\n\n<p>Continue acompanhando para conferir a lista completa de<a href=\"https:\/\/fdr.com.br\/2024\/02\/14\/isencao-para-idosos-veja-cinco-direitos-garantidos-para-quem-tem-60\/\" target=\"_blank\" rel=\"noopener\"><strong>&nbsp;isen\u00e7\u00e3o para idosos 60+<\/strong>.<\/a>Enquanto isso,<a href=\"https:\/\/fdr.com.br\/2024\/03\/28\/isencao-para-idosos-passa-a-ser-obrigatoria-servicos\/\" target=\"_blank\" rel=\"noopener\">&nbsp;clicando neste link<\/a>, eu te ensino a solicitar a carteirinha de gratuidade voltada a este p\u00fablico. Confira&nbsp;<\/p>\n\n\n\n<h2 class=\"wp-block-heading clear\">Lista de isen\u00e7\u00f5es para idosos 60+<\/h2>\n\n\n\n<h3 class=\"wp-block-heading clear\">Contas de luz<\/h3>\n\n\n\n<p>No dia 26 de abril de 2022, o Governo Federal lan\u00e7ou o Programa Tarifa Social de Energia El\u00e9trica (TSEE). A isen\u00e7\u00e3o para idosos 60+ tamb\u00e9m pode ser obtida atrav\u00e9s desse programa, que visa ajudar consumidores de baixa renda.<\/p>\n\n\n\n<p>O programa oferece descontos significativos para evitar o endividamento de inscritos no Cadastro \u00danico e idosos. Segundo informa\u00e7\u00f5es do G1, idosos com 65 anos ou mais, ou pessoas com defici\u00eancia que recebem o BPC, podem garantir estes descontos:<\/p>\n\n\n\n<p>Fam\u00edlias ind\u00edgenas e quilombolas cadastradas no Cad\u00danico t\u00eam condi\u00e7\u00f5es espec\u00edficas. Para consumo de at\u00e9 50 kWh\/m\u00eas, h\u00e1 100% de desconto na conta de energia. Entre 51 kWh e 100 kWh\/m\u00eas, o desconto \u00e9 de 40%.<\/p>\n\n\n\n<p>Os descontos da Tarifa Social de Energia El\u00e9trica j\u00e1 est\u00e3o refletidos na conta de luz. Isso beneficia diretamente essas comunidades, garantindo acesso \u00e0 energia el\u00e9trica de forma mais acess\u00edvel.<\/p>\n\n\n\n<p>Idosos com 60 anos ou mais t\u00eam direito a isen\u00e7\u00f5es especiais. Os descontos da Tarifa Social de Energia El\u00e9trica j\u00e1 s\u00e3o aplicados automaticamente na conta de luz, sem necessidade de inscri\u00e7\u00e3o no TSEE.<\/p>\n\n\n\n<p>Segundo informa\u00e7\u00f5es do UOL, na descri\u00e7\u00e3o \u201cClasse\u201d da conta de luz, deve constar a indica\u00e7\u00e3o de \u201cTarifa Social\u201d. Se n\u00e3o houver essa indica\u00e7\u00e3o e o benefici\u00e1rio se encaixar nos requisitos, \u00e9 necess\u00e1rio atualizar o Cad\u00danico para garantir o benef\u00edcio.<\/p>\n\n\n\n<p>Desde o ano de 2022, uma nova lei do Governo Federal estabeleceu um protocolo de parceria entre a Ag\u00eancia Nacional de Energia El\u00e9trica (Aneel) e o antigo Minist\u00e9rio da Cidadania, hoje substitu\u00eddo pelo Minist\u00e9rio do Desenvolvimento Social (MDS), que retira a necessidade de solicita\u00e7\u00e3o do benef\u00edcio.<\/p>\n\n\n\n<p>Basta estar inscrito no Cad\u00danico e cumprir as regras de elegibilidade do programa e aguardar a identifica\u00e7\u00e3o e inser\u00e7\u00e3o na Tarifa Social pelo Governo Federal. Para fazer parte do banco de dados, \u00e9 preciso buscar o Centro de Refer\u00eancia em Assist\u00eancia Social (CRAS) mais pr\u00f3ximas e apresentar a seguinte documenta\u00e7\u00e3o:<\/p>\n\n\n\n<ul class=\"wp-block-list\">\n<li>RG;<\/li>\n\n\n\n<li>CPF;<\/li>\n\n\n\n<li>T\u00edtulo de Eleitor;<\/li>\n\n\n\n<li>Certid\u00e3o de Nascimento;<\/li>\n\n\n\n<li>Certid\u00e3o de Casamento (se tiver);<\/li>\n\n\n\n<li>Carteira de Trabalho;<\/li>\n\n\n\n<li>Comprovante de resid\u00eancia \u2013 conta de \u00e1gua ou luz referente aos \u00faltimos tr\u00eas meses.\u00a0<\/li>\n<\/ul>\n\n\n\n<h3 class=\"wp-block-heading clear\">IPTU<\/h3>\n\n\n\n<p>A isen\u00e7\u00e3o do IPTU para idosos \u00e9 um benef\u00edcio importante que pode proporcionar um al\u00edvio financeiro significativo. Para muitos brasileiros com 60 anos ou mais, h\u00e1 a possibilidade de solicitar isen\u00e7\u00e3o do IPTU 2024. Embora algumas informa\u00e7\u00f5es na internet sugiram que todos nessa faixa et\u00e1ria t\u00eam direito, a realidade pode ser diferente, exigindo aten\u00e7\u00e3o.<\/p>\n\n\n\n<p><a href=\"https:\/\/api.whatsapp.com\/send\/?text=%2AIdosos+60%2B%3A+saiba+como+garantir+isen%C3%A7%C3%A3o+de+contas+de+luz%2C+IPTU+e+Imposto+de+Renda%2A%3A+https%3A%2F%2Ffdr.com.br%2F2024%2F05%2F29%2Fidosos-60-saiba-como-garantir-isencao-de-contas-de-luz-iptu-e-imposto-de-renda%2F%3Futm_source%3Dwhatsapp%26utm_medium%3Dshare-engagement\" target=\"_blank\" rel=\"noreferrer noopener\">\u2022&nbsp;Compartilhe no WhatsApp<\/a><\/p>\n\n\n\n<p>\u00c9 essencial entender os crit\u00e9rios espec\u00edficos estabelecidos para garantir a isen\u00e7\u00e3o do IPTU. A elegibilidade pode variar de acordo com diferentes fatores, e \u00e9 importante estar bem informado para aproveitar esse benef\u00edcio.<\/p>\n\n\n\n<p>Nem todo idoso tem automaticamente direito \u00e0 isen\u00e7\u00e3o do IPTU. Esse imposto \u00e9 gerido pelas prefeituras municipais, o que implica que as regras podem diferir entre cidades. N\u00e3o h\u00e1 uma lei federal que garanta isen\u00e7\u00e3o para pessoas com mais de 60 anos.<\/p>\n\n\n\n<p>Cada munic\u00edpio pode estabelecer seus crit\u00e9rios para o IPTU Social. Portanto, \u00e9 fundamental verificar diretamente com a prefeitura local quais s\u00e3o os requisitos e procedimentos necess\u00e1rios para solicitar a isen\u00e7\u00e3o do imposto para idosos.<\/p>\n\n\n\n<p>A isen\u00e7\u00e3o do IPTU para idosos varia de acordo com as regras estabelecidas por cada munic\u00edpio. Geralmente, a isen\u00e7\u00e3o \u00e9 aplic\u00e1vel apenas aos im\u00f3veis registrados em nome da pessoa idosa e que s\u00e3o utilizados como resid\u00eancia.<\/p>\n\n\n\n<p>Para solicitar a isen\u00e7\u00e3o, \u00e9 necess\u00e1rio entrar em contato com o \u00f3rg\u00e3o respons\u00e1vel pelo IPTU na sua cidade. \u00c9 importante ressaltar que im\u00f3veis alugados para terceiros, mesmo estando registrados em nome do idoso, geralmente n\u00e3o s\u00e3o eleg\u00edveis para a isen\u00e7\u00e3o do imposto.<\/p>\n\n\n\n<h3 class=\"wp-block-heading clear\">Regras da isen\u00e7\u00e3o do IPTU 2024 para idosos<\/h3>\n\n\n\n<ul class=\"wp-block-list\">\n<li>\u00a0N\u00e3o possuir outro im\u00f3vel no munic\u00edpio;<\/li>\n\n\n\n<li>Utilizar o seu \u00fanico im\u00f3vel como resid\u00eancia;<\/li>\n\n\n\n<li>Rendimento mensal que n\u00e3o ultrapasse 3 (tr\u00eas) sal\u00e1rios m\u00ednimos no exerc\u00edcio a que se refere o pedido, para isen\u00e7\u00e3o total;<\/li>\n\n\n\n<li>Rendimento mensal entre 3 (tr\u00eas) e 5 (cinco) sal\u00e1rios m\u00ednimos no exerc\u00edcio a que se refere o pedido, para isen\u00e7\u00e3o parcial;<\/li>\n\n\n\n<li>O im\u00f3vel deve fazer parte do patrim\u00f4nio do solicitante;<\/li>\n\n\n\n<li>O valor venal do im\u00f3vel de at\u00e9 R$ 1.256.424,00.<\/li>\n<\/ul>\n\n\n\n<h3 class=\"wp-block-heading clear\">Modelos de isen\u00e7\u00e3o do IPTU para idosos<\/h3>\n\n\n\n<p>Antes de ser aprovado, o pedido do cidad\u00e3o passar\u00e1 por uma an\u00e1lise que permitir\u00e1 a isen\u00e7\u00e3o total ou parcial do tributo. A decis\u00e3o ir\u00e1 depender da renda apresentada pelo segurado.&nbsp;<\/p>\n\n\n\n<ul class=\"wp-block-list\">\n<li>Isen\u00e7\u00e3o total: ser\u00e1 concedida caso o valor da renda, sem descontos, for de at\u00e9 tr\u00eas sal\u00e1rios m\u00ednimos (R$ 3.117,00 em janeiro e R$ 3.135,00 a partir de fevereiro);<\/li>\n\n\n\n<li>Desconto de 50%: caso o valor da renda, sem descontos, for de tr\u00eas a quatro sal\u00e1rios m\u00ednimos (entre R$ 3.117,00 a R$ 4.146,00 em janeira de 2020, ou R$ 3.135,01 a R$ 4.180,00 a partir de fevereiro);<\/li>\n\n\n\n<li>Desconto de 30%: se o valor da renda sem descontos, equivaler de quatro a cinco sal\u00e1rios m\u00ednimos (entre R$ 4.156,011 a R$ 5.195,00);\u00a0<\/li>\n<\/ul>\n\n\n\n<h3 class=\"wp-block-heading clear\">Como solicitar a isen\u00e7\u00e3o do IPTU para idosos<\/h3>\n\n\n\n<p>Se voc\u00ea se encaixa nos requisitos apresentados acima e deseja solicitar a isen\u00e7\u00e3o do imposto, precisa saber que o processo \u00e9 realizado na prefeitura do munic\u00edpio onde o im\u00f3vel est\u00e1 localizado. Para solicitar a isen\u00e7\u00e3o, \u00e9 preciso levar os seguintes documentos:&nbsp;<\/p>\n\n\n\n<ul class=\"wp-block-list\">\n<li>C\u00f3pia do documento de identidade;<\/li>\n\n\n\n<li>C\u00f3pia do CPF;<\/li>\n\n\n\n<li>C\u00f3pia do comprovante de renda;<\/li>\n\n\n\n<li>C\u00f3pia do comprovante de resid\u00eancia;<\/li>\n\n\n\n<li>Certid\u00e3o de valor venal do im\u00f3vel.<\/li>\n<\/ul>\n\n\n\n<h3 class=\"wp-block-heading clear\">Imposto de Renda<\/h3>\n\n\n\n<p>O Imposto de Renda 2024 poder\u00e1 passar por altera\u00e7\u00f5es significativas com o Projeto de Lei (PL) 4425\/23, que busca a isen\u00e7\u00e3o total do IR para idosos com comorbidades. O Minist\u00e9rio da Sa\u00fade ser\u00e1 respons\u00e1vel por definir quais condi\u00e7\u00f5es de sa\u00fade se qualificam para a isen\u00e7\u00e3o, estabelecendo crit\u00e9rios por meio de regulamenta\u00e7\u00e3o.&nbsp;<\/p>\n\n\n\n<p>Atualmente, o projeto aguarda an\u00e1lise e delibera\u00e7\u00e3o na C\u00e2mara dos Deputados. Caso aprovado, o PL 4425\/23 representar\u00e1 uma modifica\u00e7\u00e3o na Lei 7.713\/88, que j\u00e1 concede isen\u00e7\u00e3o do Imposto de Renda 2024 a pessoas com diversas condi\u00e7\u00f5es.&nbsp;<\/p>\n\n\n\n<p>A proposta de isen\u00e7\u00e3o do Imposto de Renda 2024 destaca a import\u00e2ncia de proporcionar benef\u00edcios fiscais espec\u00edficos para os idosos que enfrentam desafios adicionais devido a comorbidades.<\/p>\n\n\n\n<p>A partir dos 65 anos, idosos conseguem isen\u00e7\u00e3o do Imposto de Renda se o somat\u00f3rio do rendimento proveniente da aposentadoria for de at\u00e9 R$ 24.751,74 anual. Ultrapassando esse valor, o excedente \u00e9 tribut\u00e1vel.<\/p>\n\n\n\n<p>Lembrando que o aposentado fica isento de pagar imposto e n\u00e3o de declarar. Se corresponder aos crit\u00e9rios estabelecidos pela Receita Federal que obrigam a declarar, mesmo isento do Imposto de Renda, o contribuinte precisa enviar a declara\u00e7\u00e3o anual.<\/p>\n","protected":false},"excerpt":{"rendered":"","protected":false},"author":1,"featured_media":0,"comment_status":"open","ping_status":"open","sticky":false,"template":"","format":"image","meta":{"site-sidebar-layout":"default","site-content-layout":"","ast-site-content-layout":"default","site-content-style":"default","site-sidebar-style":"default","ast-global-header-display":"","ast-banner-title-visibility":"","ast-main-header-display":"","ast-hfb-above-header-display":"","ast-hfb-below-header-display":"","ast-hfb-mobile-header-display":"","site-post-title":"","ast-breadcrumbs-content":"","ast-featured-img":"","footer-sml-layout":"","ast-disable-related-posts":"","theme-transparent-header-meta":"","adv-header-id-meta":"","stick-header-meta":"","header-above-stick-meta":"","header-main-stick-meta":"","header-below-stick-meta":"","astra-migrate-meta-layouts":"default","ast-page-background-enabled":"default","ast-page-background-meta":{"desktop":{"background-color":"var(--ast-global-color-4)","background-image":"","background-repeat":"repeat","background-position":"center center","background-size":"auto","background-attachment":"scroll","background-type":"","background-media":"","overlay-type":"","overlay-color":"","overlay-opacity":"","overlay-gradient":""},"tablet":{"background-color":"","background-image":"","background-repeat":"repeat","background-position":"center center","background-size":"auto","background-attachment":"scroll","background-type":"","background-media":"","overlay-type":"","overlay-color":"","overlay-opacity":"","overlay-gradient":""},"mobile":{"background-color":"","background-image":"","background-repeat":"repeat","background-position":"center center","background-size":"auto","background-attachment":"scroll","background-type":"","background-media":"","overlay-type":"","overlay-color":"","overlay-opacity":"","overlay-gradient":""}},"ast-content-background-meta":{"desktop":{"background-color":"var(--ast-global-color-5)","background-image":"","background-repeat":"repeat","background-position":"center center","background-size":"auto","background-attachment":"scroll","background-type":"","background-media":"","overlay-type":"","overlay-color":"","overlay-opacity":"","overlay-gradient":""},"tablet":{"background-color":"var(--ast-global-color-5)","background-image":"","background-repeat":"repeat","background-position":"center center","background-size":"auto","background-attachment":"scroll","background-type":"","background-media":"","overlay-type":"","overlay-color":"","overlay-opacity":"","overlay-gradient":""},"mobile":{"background-color":"var(--ast-global-color-5)","background-image":"","background-repeat":"repeat","background-position":"center center","background-size":"auto","background-attachment":"scroll","background-type":"","background-media":"","overlay-type":"","overlay-color":"","overlay-opacity":"","overlay-gradient":""}},"footnotes":""},"categories":[517],"tags":[1770,3763,22,2760],"class_list":["post-24200","post","type-post","status-publish","format-image","hentry","category-aconteceu","tag-dinheiro","tag-idosos","tag-noticias-no-face","tag-saque","post_format-post-format-image"],"_links":{"self":[{"href":"https:\/\/noticiasnoface.com.br\/index.php\/wp-json\/wp\/v2\/posts\/24200","targetHints":{"allow":["GET"]}}],"collection":[{"href":"https:\/\/noticiasnoface.com.br\/index.php\/wp-json\/wp\/v2\/posts"}],"about":[{"href":"https:\/\/noticiasnoface.com.br\/index.php\/wp-json\/wp\/v2\/types\/post"}],"author":[{"embeddable":true,"href":"https:\/\/noticiasnoface.com.br\/index.php\/wp-json\/wp\/v2\/users\/1"}],"replies":[{"embeddable":true,"href":"https:\/\/noticiasnoface.com.br\/index.php\/wp-json\/wp\/v2\/comments?post=24200"}],"version-history":[{"count":1,"href":"https:\/\/noticiasnoface.com.br\/index.php\/wp-json\/wp\/v2\/posts\/24200\/revisions"}],"predecessor-version":[{"id":24201,"href":"https:\/\/noticiasnoface.com.br\/index.php\/wp-json\/wp\/v2\/posts\/24200\/revisions\/24201"}],"wp:attachment":[{"href":"https:\/\/noticiasnoface.com.br\/index.php\/wp-json\/wp\/v2\/media?parent=24200"}],"wp:term":[{"taxonomy":"category","embeddable":true,"href":"https:\/\/noticiasnoface.com.br\/index.php\/wp-json\/wp\/v2\/categories?post=24200"},{"taxonomy":"post_tag","embeddable":true,"href":"https:\/\/noticiasnoface.com.br\/index.php\/wp-json\/wp\/v2\/tags?post=24200"}],"curies":[{"name":"wp","href":"https:\/\/api.w.org\/{rel}","templated":true}]}}