{"id":24223,"date":"2024-05-29T21:57:25","date_gmt":"2024-05-30T00:57:25","guid":{"rendered":"https:\/\/noticiasnoface.com.br\/?p=24223"},"modified":"2024-05-29T21:57:26","modified_gmt":"2024-05-30T00:57:26","slug":"apresentador-e-ex-vereador-luiz-almir-desiste-de-eleicao-para-apoiar-pre-candidatura-do-vereador-eriko-jacome","status":"publish","type":"post","link":"https:\/\/noticiasnoface.com.br\/index.php\/2024\/05\/29\/apresentador-e-ex-vereador-luiz-almir-desiste-de-eleicao-para-apoiar-pre-candidatura-do-vereador-eriko-jacome\/","title":{"rendered":"Apresentador e ex-vereador Luiz Almir desiste de elei\u00e7\u00e3o para apoiar pr\u00e9-candidatura do vereador Eriko J\u00e1come"},"content":{"rendered":"\n<figure class=\"wp-block-image size-large\"><img data-opt-id=1470736523  fetchpriority=\"high\" decoding=\"async\" width=\"400\" height=\"301\" src=\"https:\/\/mlbfrsat7ahr.i.optimole.com\/w:auto\/h:auto\/q:mauto\/ig:avif\/https:\/\/noticiasnoface.com.br\/wp-content\/uploads\/2024\/05\/img_5774-1.jpg\" class=\"wp-image-24222\" srcset=\"https:\/\/mlbfrsat7ahr.i.optimole.com\/w:400\/h:301\/q:mauto\/ig:avif\/https:\/\/noticiasnoface.com.br\/wp-content\/uploads\/2024\/05\/img_5774-1.jpg 400w, https:\/\/mlbfrsat7ahr.i.optimole.com\/w:300\/h:226\/q:mauto\/ig:avif\/https:\/\/noticiasnoface.com.br\/wp-content\/uploads\/2024\/05\/img_5774-1.jpg 300w\" sizes=\"(max-width: 400px) 100vw, 400px\" \/><\/figure>\n\n\n\n<!--more-->\n\n\n\n<p>O comunicador e ex-vereador Luiz Almir anunciou que desistiu de sua pr\u00e9-candidatura para apoiar o vereador e atual presidente da C\u00e2mara Municipal de Natal, Eriko J\u00e1come. Luiz Almir, conhecido pelo seu trabalho como apresentador de TV e pela atua\u00e7\u00e3o pol\u00edtica na zona norte de Natal, declarou seu apoio a Eriko J\u00e1come, destacando a confian\u00e7a na capacidade e compromisso do vereador.<\/p>\n\n\n\n<p>&#8220;Eu confio em Eriko. Trabalhamos juntos na C\u00e2mara e sei da sua capacidade. Ele honra tudo o que diz que vai fazer&#8221;, afirmou Luiz Almir. Ele acredita que Eriko J\u00e1come ser\u00e1 um representante eficaz para a zona norte, trabalhando com a mesma dedica\u00e7\u00e3o que ele sempre demonstrou em sua carreira pol\u00edtica.<\/p>\n\n\n\n<p>A decis\u00e3o de Luiz Almir chega para fortalecer ainda mais a pr\u00e9-campanha de Eriko J\u00e1come, que j\u00e1 vem ganhando espa\u00e7o em toda Natal.<\/p>\n","protected":false},"excerpt":{"rendered":"","protected":false},"author":1,"featured_media":0,"comment_status":"open","ping_status":"open","sticky":false,"template":"","format":"image","meta":{"site-sidebar-layout":"default","site-content-layout":"","ast-site-content-layout":"default","site-content-style":"default","site-sidebar-style":"default","ast-global-header-display":"","ast-banner-title-visibility":"","ast-main-header-display":"","ast-hfb-above-header-display":"","ast-hfb-below-header-display":"","ast-hfb-mobile-header-display":"","site-post-title":"","ast-breadcrumbs-content":"","ast-featured-img":"","footer-sml-layout":"","ast-disable-related-posts":"","theme-transparent-header-meta":"","adv-header-id-meta":"","stick-header-meta":"","header-above-stick-meta":"","header-main-stick-meta":"","header-below-stick-meta":"","astra-migrate-meta-layouts":"default","ast-page-background-enabled":"default","ast-page-background-meta":{"desktop":{"background-color":"var(--ast-global-color-4)","background-image":"","background-repeat":"repeat","background-position":"center center","background-size":"auto","background-attachment":"scroll","background-type":"","background-media":"","overlay-type":"","overlay-color":"","overlay-opacity":"","overlay-gradient":""},"tablet":{"background-color":"","background-image":"","background-repeat":"repeat","background-position":"center center","background-size":"auto","background-attachment":"scroll","background-type":"","background-media":"","overlay-type":"","overlay-color":"","overlay-opacity":"","overlay-gradient":""},"mobile":{"background-color":"","background-image":"","background-repeat":"repeat","background-position":"center center","background-size":"auto","background-attachment":"scroll","background-type":"","background-media":"","overlay-type":"","overlay-color":"","overlay-opacity":"","overlay-gradient":""}},"ast-content-background-meta":{"desktop":{"background-color":"var(--ast-global-color-5)","background-image":"","background-repeat":"repeat","background-position":"center center","background-size":"auto","background-attachment":"scroll","background-type":"","background-media":"","overlay-type":"","overlay-color":"","overlay-opacity":"","overlay-gradient":""},"tablet":{"background-color":"var(--ast-global-color-5)","background-image":"","background-repeat":"repeat","background-position":"center center","background-size":"auto","background-attachment":"scroll","background-type":"","background-media":"","overlay-type":"","overlay-color":"","overlay-opacity":"","overlay-gradient":""},"mobile":{"background-color":"var(--ast-global-color-5)","background-image":"","background-repeat":"repeat","background-position":"center center","background-size":"auto","background-attachment":"scroll","background-type":"","background-media":"","overlay-type":"","overlay-color":"","overlay-opacity":"","overlay-gradient":""}},"footnotes":""},"categories":[517],"tags":[2471,3766,887],"class_list":["post-24223","post","type-post","status-publish","format-image","hentry","category-aconteceu","tag-eriko-jacome","tag-luis-almir","tag-vereador","post_format-post-format-image"],"_links":{"self":[{"href":"https:\/\/noticiasnoface.com.br\/index.php\/wp-json\/wp\/v2\/posts\/24223","targetHints":{"allow":["GET"]}}],"collection":[{"href":"https:\/\/noticiasnoface.com.br\/index.php\/wp-json\/wp\/v2\/posts"}],"about":[{"href":"https:\/\/noticiasnoface.com.br\/index.php\/wp-json\/wp\/v2\/types\/post"}],"author":[{"embeddable":true,"href":"https:\/\/noticiasnoface.com.br\/index.php\/wp-json\/wp\/v2\/users\/1"}],"replies":[{"embeddable":true,"href":"https:\/\/noticiasnoface.com.br\/index.php\/wp-json\/wp\/v2\/comments?post=24223"}],"version-history":[{"count":1,"href":"https:\/\/noticiasnoface.com.br\/index.php\/wp-json\/wp\/v2\/posts\/24223\/revisions"}],"predecessor-version":[{"id":24224,"href":"https:\/\/noticiasnoface.com.br\/index.php\/wp-json\/wp\/v2\/posts\/24223\/revisions\/24224"}],"wp:attachment":[{"href":"https:\/\/noticiasnoface.com.br\/index.php\/wp-json\/wp\/v2\/media?parent=24223"}],"wp:term":[{"taxonomy":"category","embeddable":true,"href":"https:\/\/noticiasnoface.com.br\/index.php\/wp-json\/wp\/v2\/categories?post=24223"},{"taxonomy":"post_tag","embeddable":true,"href":"https:\/\/noticiasnoface.com.br\/index.php\/wp-json\/wp\/v2\/tags?post=24223"}],"curies":[{"name":"wp","href":"https:\/\/api.w.org\/{rel}","templated":true}]}}