{"id":24239,"date":"2024-05-30T19:04:24","date_gmt":"2024-05-30T22:04:24","guid":{"rendered":"https:\/\/noticiasnoface.com.br\/?p=24239"},"modified":"2024-05-30T19:04:25","modified_gmt":"2024-05-30T22:04:25","slug":"bolsa-familia-libera-pagamento-para-de-r-1-400-para-quem-esta-na-lista-e-tem-nis-final-0-ate-9","status":"publish","type":"post","link":"https:\/\/noticiasnoface.com.br\/index.php\/2024\/05\/30\/bolsa-familia-libera-pagamento-para-de-r-1-400-para-quem-esta-na-lista-e-tem-nis-final-0-ate-9\/","title":{"rendered":"Bolsa fam\u00edlia libera pagamento para de R$ 1.400 para quem est\u00e1 na lista e tem NIS final 0 at\u00e9 9"},"content":{"rendered":"\n<figure class=\"wp-block-image size-large\"><img data-opt-id=250534047  fetchpriority=\"high\" decoding=\"async\" width=\"1024\" height=\"576\" src=\"https:\/\/mlbfrsat7ahr.i.optimole.com\/w:1024\/h:576\/q:mauto\/ig:avif\/https:\/\/noticiasnoface.com.br\/wp-content\/uploads\/2024\/05\/img_5804-1.jpg\" class=\"wp-image-24238\" srcset=\"https:\/\/mlbfrsat7ahr.i.optimole.com\/w:1024\/h:576\/q:mauto\/ig:avif\/https:\/\/noticiasnoface.com.br\/wp-content\/uploads\/2024\/05\/img_5804-1.jpg 1024w, https:\/\/mlbfrsat7ahr.i.optimole.com\/w:300\/h:169\/q:mauto\/ig:avif\/https:\/\/noticiasnoface.com.br\/wp-content\/uploads\/2024\/05\/img_5804-1.jpg 300w, https:\/\/mlbfrsat7ahr.i.optimole.com\/w:768\/h:432\/q:mauto\/ig:avif\/https:\/\/noticiasnoface.com.br\/wp-content\/uploads\/2024\/05\/img_5804-1.jpg 768w, https:\/\/mlbfrsat7ahr.i.optimole.com\/w:1536\/h:864\/q:mauto\/ig:avif\/https:\/\/noticiasnoface.com.br\/wp-content\/uploads\/2024\/05\/img_5804-1.jpg 1536w, https:\/\/mlbfrsat7ahr.i.optimole.com\/w:1920\/h:1080\/q:mauto\/ig:avif\/https:\/\/noticiasnoface.com.br\/wp-content\/uploads\/2024\/05\/img_5804-1.jpg 1920w\" sizes=\"(max-width: 1000px) 100vw, 1000px\" \/><\/figure>\n\n\n\n<!--more-->\n\n\n\n<p>Pago mensalmente pelo Governo Federal para as fam\u00edlias brasileiras que vivem em situa\u00e7\u00e3o de vulnerabilidade social e econ\u00f4mica, o programa do&nbsp;<strong>Bolsa Fam\u00edlia<\/strong>&nbsp;garante uma renda adicional para os seus benefici\u00e1rios. O programa, que tem um pagamento m\u00ednimo de R$ 600, pode&nbsp;<strong>liberar at\u00e9 R$ 1.400&nbsp;<\/strong>para algumas fam\u00edlias.<\/p>\n\n\n\n<figure class=\"wp-block-image\"><img data-opt-id=1513830286  fetchpriority=\"high\" decoding=\"async\" src=\"https:\/\/fdr.com.br\/wp-content\/uploads\/2024\/04\/mae-solo-beneficiaria-do-programa-bolsa-familia-governo-federal-fdr-financas-direito-renda-beneficio-calendario-pagamentos-2.jpg\" alt=\"\"\/><figcaption class=\"wp-element-caption\">Bolsa fam\u00edlia libera pagamento para de R$ 1.400 para quem est\u00e1 na lista e tem NIS final 0 at\u00e9 9. (Imagem: FDR)<\/figcaption><\/figure>\n\n\n\n<p>Esse valor est\u00e1 dispon\u00edvel para aquelas que cumprem alguns requisitos&nbsp;<a href=\"https:\/\/www.gov.br\/mds\/pt-br\/acoes-e-programas\/bolsa-familia\" target=\"_blank\" rel=\"noopener\">determinados pelo Governo Federal<\/a>. Isso porque o Bolsa Fam\u00edlia conta com diversos<strong>&nbsp;programas adicionais&nbsp;<\/strong>que&nbsp;<a href=\"https:\/\/fdr.com.br\/2024\/05\/29\/bolsa-familia-confirma-presentao-no-pagamento-de-junho-todos-os-nis-012345-ate-9-ganham\/\" target=\"_blank\" rel=\"noopener\">liberam recursos extras<\/a>,&nbsp;<strong>aumentando o valor<\/strong>m\u00ednimo que \u00e9 pago mensalmente.<\/p>\n\n\n\n<h2 class=\"wp-block-heading\">Confira calend\u00e1rio de pagamento <\/h2>\n\n\n\n<p>De acordo com a especialista do FDR,&nbsp;<a href=\"https:\/\/fdr.com.br\/author\/lila_cunha\/\" target=\"_blank\" rel=\"noopener\">Lila Cunha<\/a>, para receber os adicionais \u00e9 necess\u00e1rio que a fam\u00edlia esteja enquadrada nos crit\u00e9rios determinados pelo Governo. Al\u00e9m disso, tamb\u00e9m \u00e9 preciso que ela mantenha o&nbsp;<a href=\"https:\/\/fdr.com.br\/artigos\/cadunico-2024\/\" target=\"_blank\" rel=\"noopener\"><strong>Cad\u00danico atualizado<\/strong><\/a>.<\/p>\n\n\n\n<p>J\u00e1 os valores que s\u00e3o pagos variam de acordo com cada benef\u00edcio adicional. Como as fam\u00edlias podem<strong>&nbsp;somar os benef\u00edcios extras<\/strong>, \u00e9 poss\u00edvel garantir pagamentos de at\u00e9 R$ 1.400. Os recursos s\u00e3o depositados pelo Governo Federal na&nbsp;<a href=\"https:\/\/fdr.com.br\/2023\/09\/13\/como-liberar-acesso-no-caixa-tem\/\" target=\"_blank\" rel=\"noopener\">conta poupan\u00e7a do Caixa Tem<\/a>&nbsp;em conjunto com o pagamento principal de R$ 600.<\/p>\n\n\n\n<h1 class=\"wp-block-heading clear\">Confira a lista completa de programas adicionais do Bolsa Fam\u00edlia:<\/h1>\n\n\n\n<ul class=\"wp-block-list\">\n<li>Benef\u00edcio de Renda de Cidadania: adiciona R$ 142 por membro da unidade familiar;<\/li>\n\n\n\n<li>Benef\u00edcio Complementar: complementa o pagamento de fam\u00edlias cuja soma dos benef\u00edcios n\u00e3o atinja o valor de R$ 600;<\/li>\n\n\n\n<li>Benef\u00edcio Primeira Inf\u00e2ncia: libera R$ 150 mensais para cada crian\u00e7a de zero a sete anos;<\/li>\n\n\n\n<li>Benef\u00edcio Vari\u00e1vel Familiar: paga uma parcela extra mensal de R$ 50 para gestantes e jovens de 7 a 18 anos;<\/li>\n\n\n\n<li>Benef\u00edcio Vari\u00e1vel Familiar Nutriz: paga um extra de R$ 50 para cada integrante com at\u00e9 sete meses de idade;<\/li>\n\n\n\n<li>Benef\u00edcio Extraordin\u00e1rio de Transi\u00e7\u00e3o: dispon\u00edvel at\u00e9 maio de 2025. Garante que nenhum benefici\u00e1rio receba quantidade inferior \u00e0 concedida no Aux\u00edlio Brasil.<\/li>\n<\/ul>\n\n\n\n<h2 class=\"wp-block-heading clear\">Veja o calend\u00e1rio completo de pagamentos do Bolsa Fam\u00edlia em junho:<\/h2>\n\n\n\n<ul class=\"wp-block-list\">\n<li>NIS final 1: pagamento no dia 17 de junho (antecipado para fam\u00edlias em munic\u00edpios em situa\u00e7\u00e3o de calamidade);<\/li>\n\n\n\n<li>NIS final 2: pagamento no dia 18 de junho;<\/li>\n\n\n\n<li>NIS final 3: pagamento no dia 19 de junho;<\/li>\n\n\n\n<li>NIS final 4: pagamento no dia 20 de junho;<\/li>\n\n\n\n<li>NIS final 5: pagamento no dia 21 de junho;<\/li>\n\n\n\n<li>NIS final 6: pagamento no dia 24 de junho (antecipado o dia 22 de junho);<\/li>\n\n\n\n<li>NIS final 7: pagamento no dia 25 de junho;<\/li>\n\n\n\n<li>NIS final 8: pagamento no dia 26 de junho;<\/li>\n\n\n\n<li>NIS final 9: pagamento no dia 27 de junho;<\/li>\n\n\n\n<li>NIS final 0: pagamento no dia 28 de junho.<\/li>\n<\/ul>\n","protected":false},"excerpt":{"rendered":"","protected":false},"author":1,"featured_media":0,"comment_status":"open","ping_status":"open","sticky":false,"template":"","format":"image","meta":{"site-sidebar-layout":"default","site-content-layout":"","ast-site-content-layout":"default","site-content-style":"default","site-sidebar-style":"default","ast-global-header-display":"","ast-banner-title-visibility":"","ast-main-header-display":"","ast-hfb-above-header-display":"","ast-hfb-below-header-display":"","ast-hfb-mobile-header-display":"","site-post-title":"","ast-breadcrumbs-content":"","ast-featured-img":"","footer-sml-layout":"","ast-disable-related-posts":"","theme-transparent-header-meta":"","adv-header-id-meta":"","stick-header-meta":"","header-above-stick-meta":"","header-main-stick-meta":"","header-below-stick-meta":"","astra-migrate-meta-layouts":"default","ast-page-background-enabled":"default","ast-page-background-meta":{"desktop":{"background-color":"var(--ast-global-color-4)","background-image":"","background-repeat":"repeat","background-position":"center center","background-size":"auto","background-attachment":"scroll","background-type":"","background-media":"","overlay-type":"","overlay-color":"","overlay-opacity":"","overlay-gradient":""},"tablet":{"background-color":"","background-image":"","background-repeat":"repeat","background-position":"center center","background-size":"auto","background-attachment":"scroll","background-type":"","background-media":"","overlay-type":"","overlay-color":"","overlay-opacity":"","overlay-gradient":""},"mobile":{"background-color":"","background-image":"","background-repeat":"repeat","background-position":"center center","background-size":"auto","background-attachment":"scroll","background-type":"","background-media":"","overlay-type":"","overlay-color":"","overlay-opacity":"","overlay-gradient":""}},"ast-content-background-meta":{"desktop":{"background-color":"var(--ast-global-color-5)","background-image":"","background-repeat":"repeat","background-position":"center center","background-size":"auto","background-attachment":"scroll","background-type":"","background-media":"","overlay-type":"","overlay-color":"","overlay-opacity":"","overlay-gradient":""},"tablet":{"background-color":"var(--ast-global-color-5)","background-image":"","background-repeat":"repeat","background-position":"center center","background-size":"auto","background-attachment":"scroll","background-type":"","background-media":"","overlay-type":"","overlay-color":"","overlay-opacity":"","overlay-gradient":""},"mobile":{"background-color":"var(--ast-global-color-5)","background-image":"","background-repeat":"repeat","background-position":"center center","background-size":"auto","background-attachment":"scroll","background-type":"","background-media":"","overlay-type":"","overlay-color":"","overlay-opacity":"","overlay-gradient":""}},"footnotes":""},"categories":[517],"tags":[2429,3773,238,2663],"class_list":["post-24239","post","type-post","status-publish","format-image","hentry","category-aconteceu","tag-bolsa-familia","tag-calendario-de-pagamentos","tag-governo-federal","tag-programa-bolsa-familia","post_format-post-format-image"],"_links":{"self":[{"href":"https:\/\/noticiasnoface.com.br\/index.php\/wp-json\/wp\/v2\/posts\/24239","targetHints":{"allow":["GET"]}}],"collection":[{"href":"https:\/\/noticiasnoface.com.br\/index.php\/wp-json\/wp\/v2\/posts"}],"about":[{"href":"https:\/\/noticiasnoface.com.br\/index.php\/wp-json\/wp\/v2\/types\/post"}],"author":[{"embeddable":true,"href":"https:\/\/noticiasnoface.com.br\/index.php\/wp-json\/wp\/v2\/users\/1"}],"replies":[{"embeddable":true,"href":"https:\/\/noticiasnoface.com.br\/index.php\/wp-json\/wp\/v2\/comments?post=24239"}],"version-history":[{"count":1,"href":"https:\/\/noticiasnoface.com.br\/index.php\/wp-json\/wp\/v2\/posts\/24239\/revisions"}],"predecessor-version":[{"id":24240,"href":"https:\/\/noticiasnoface.com.br\/index.php\/wp-json\/wp\/v2\/posts\/24239\/revisions\/24240"}],"wp:attachment":[{"href":"https:\/\/noticiasnoface.com.br\/index.php\/wp-json\/wp\/v2\/media?parent=24239"}],"wp:term":[{"taxonomy":"category","embeddable":true,"href":"https:\/\/noticiasnoface.com.br\/index.php\/wp-json\/wp\/v2\/categories?post=24239"},{"taxonomy":"post_tag","embeddable":true,"href":"https:\/\/noticiasnoface.com.br\/index.php\/wp-json\/wp\/v2\/tags?post=24239"}],"curies":[{"name":"wp","href":"https:\/\/api.w.org\/{rel}","templated":true}]}}