{"id":24254,"date":"2024-05-31T11:21:53","date_gmt":"2024-05-31T14:21:53","guid":{"rendered":"https:\/\/noticiasnoface.com.br\/?p=24254"},"modified":"2024-05-31T11:25:24","modified_gmt":"2024-05-31T14:25:24","slug":"aposentadoria-mei-veja-como-garantir-salario-minimo-quando-fechar-o-negocio","status":"publish","type":"post","link":"https:\/\/noticiasnoface.com.br\/index.php\/2024\/05\/31\/aposentadoria-mei-veja-como-garantir-salario-minimo-quando-fechar-o-negocio\/","title":{"rendered":"Aposentadoria MEI: Veja como garantir sal\u00e1rio m\u00ednimo quando fechar o neg\u00f3cio"},"content":{"rendered":"\n<figure class=\"wp-block-image size-large\"><img data-opt-id=1891824461  fetchpriority=\"high\" decoding=\"async\" width=\"620\" height=\"345\" src=\"https:\/\/mlbfrsat7ahr.i.optimole.com\/w:auto\/h:auto\/q:mauto\/ig:avif\/https:\/\/noticiasnoface.com.br\/wp-content\/uploads\/2024\/05\/img_5848-1.jpg\" alt=\"\" class=\"wp-image-24253\" srcset=\"https:\/\/mlbfrsat7ahr.i.optimole.com\/w:620\/h:345\/q:mauto\/ig:avif\/https:\/\/noticiasnoface.com.br\/wp-content\/uploads\/2024\/05\/img_5848-1.jpg 620w, https:\/\/mlbfrsat7ahr.i.optimole.com\/w:300\/h:167\/q:mauto\/ig:avif\/https:\/\/noticiasnoface.com.br\/wp-content\/uploads\/2024\/05\/img_5848-1.jpg 300w\" sizes=\"(max-width: 620px) 100vw, 620px\" \/><\/figure>\n\n\n\n<!--more-->\n\n\n\n<p>Pagamento mensal da&nbsp;<strong>DAS-MEI<\/strong>&nbsp;garante que a aposentadoria MEI e outros benef\u00edcios da Previd\u00eancia Social. Formaliza\u00e7\u00e3o como&nbsp;<strong>Microempreendedor Individual<\/strong>&nbsp;deve ser feita pela internet, assim como o pedido de aposentadoria. Veja como faz\u00ea-los.<\/p>\n\n\n\n<figure class=\"wp-block-image\"><img data-opt-id=1844616284  fetchpriority=\"high\" decoding=\"async\" src=\"https:\/\/fdr.com.br\/wp-content\/uploads\/2024\/01\/inss-idosos-beneficio-previdenciario-previdencia-social-aposentadoria-bpc-calendario-de-pagamentos-fdr-direitos-renda-financas-deposito-regras.jpg\" alt=\"\"\/><figcaption class=\"wp-element-caption\">Aposentadoria MEI: Veja como garantir sal\u00e1rio m\u00ednimo quando fechar o neg\u00f3cio (Imagem: FDR)<\/figcaption><\/figure>\n\n\n\n<p>A formaliza\u00e7\u00e3o como&nbsp;<strong>Microempreendedor Individual<\/strong>&nbsp;possibilita uma liberdade financeira que os trabalhos formais n\u00e3o d\u00e3o. Ap\u00f3s o registro \u00e9 poss\u00edvel dar entrada na aposentadoria&nbsp;<strong>MEI<\/strong>&nbsp;ap\u00f3s o cumprimento das regras. Por isso voc\u00ea precisa saber quais s\u00e3o elas.<\/p>\n\n\n\n<p>N\u00e3o \u00e9 apenas \u00e0 aposentadoria que os MEIs t\u00eam direito ap\u00f3s a formaliza\u00e7\u00e3o. Tamb\u00e9m \u00e9 poss\u00edvel receber:<\/p>\n\n\n\n<ul class=\"wp-block-list\">\n<li>Sal\u00e1rio-maternidade;<\/li>\n\n\n\n<li>Benef\u00edcio por incapacidade tempor\u00e1ria (antigo aux\u00edlio-doen\u00e7a);<\/li>\n\n\n\n<li>Benef\u00edcio por incapacidade permanente (antiga aposentadoria por invalidez);<\/li>\n\n\n\n<li>J\u00e1 os dependentes do empreendedor podem receber aux\u00edlio-reclus\u00e3o ou pens\u00e3o por morte.<\/li>\n<\/ul>\n\n\n\n<h2 class=\"wp-block-heading clear\">Contribui\u00e7\u00e3o MEI ao INSS<\/h2>\n\n\n\n<p>No dia 20 seguinte ap\u00f3s a formaliza\u00e7\u00e3o o empreendedor j\u00e1 ter\u00e1 que pagar o DAS Documento de Arrecada\u00e7\u00e3o do Simples Nacional), que tem o&nbsp;<strong>valor de 5% do sal\u00e1rio m\u00ednimo.&nbsp;<\/strong><\/p>\n\n\n\n<p>Al\u00e9m de R$ 5 de Imposto Sobre Servi\u00e7os \u2013 ISS, acrescido de (aplicado \u00e0s atividades relacionadas \u00e0 servi\u00e7os); e mais R$ 1 de Imposto Sobre Circula\u00e7\u00e3o de Mercadoria e Servi\u00e7os \u2013 ICMS (aplicado \u00e0s atividades relacionadas \u00e0 servi\u00e7os e ao com\u00e9rcio).<\/p>\n\n\n\n<p>Com isso a contribui\u00e7\u00e3o mensal paga pelo Microempreendedor Individual tem os seguintes valores:<\/p>\n\n\n\n<ul class=\"wp-block-list\">\n<li>Com\u00e9rcio e Industria \u2013 ICMS: R$ 71,60<\/li>\n\n\n\n<li>Servi\u00e7os \u2013 ISS: R$ 75,60<\/li>\n\n\n\n<li>Com\u00e9rcio e Servi\u00e7os \u2013 ICMS e ISS: R$ 76,60<\/li>\n\n\n\n<li>MEI-Caminhoneiro, (transportador aut\u00f4nomo de cargas) \u2013 Com\u00e9rcio \u2013 ICMS: R$ 170,44<\/li>\n\n\n\n<li>MEI-Caminhoneiro, (transportador aut\u00f4nomo de cargas) \u2013 Servi\u00e7os \u2013 ISS: R$ 174,44<\/li>\n\n\n\n<li>MEI-Caminhoneiro, (transportador aut\u00f4nomo de cargas) \u2013 Com\u00e9rcio e Servi\u00e7os \u2013 ICMS e ISS: R$ 175,44<\/li>\n<\/ul>\n\n\n\n<h2 class=\"wp-block-heading clear\">Aposentadoria MEI<\/h2>\n\n\n\n<p>O Microempreendedor Individual pode se aposentar a partir dos&nbsp;<strong>65 anos para homens e 62 anos para mulheres.&nbsp;<\/strong>&nbsp;O INSS ainda observa o tempo de contribui\u00e7\u00e3o, que deve ser 180 meses (15 anos) para mulheres e 240 meses (20 anos) para homens.<\/p>\n\n\n\n<p>Com a contribui\u00e7\u00e3o de 5% do piso salarial o MEI se aposenta recebendo um sal\u00e1rio m\u00ednimo. Mas, pode fazer uma acrescentar 15% e&nbsp;<strong>fazer uma contribui\u00e7\u00e3o de 20% para aumentar o valor da aposentadoria.&nbsp;<\/strong>Nesse caso o empreendedor paga mensalmente R$ 242,40.<\/p>\n\n\n\n<p><\/p>\n\n\n\n<p>Para solicitar \u00e9 necess\u00e1rio acessar o<a href=\"https:\/\/www.gov.br\/inss\/\" target=\"_blank\" rel=\"noreferrer noopener\"><em>&nbsp;site do INSS<\/em><\/a>&nbsp;e&nbsp;<strong>solicitar a aposentadoria por tempo de contribui\u00e7\u00e3o.<\/strong><\/p>\n\n\n\n<p>Em caso de d\u00favidas sobre os direitos previdenci\u00e1rios ou sobre os procedimentos necess\u00e1rios para garantir a aposentadoria, busque orienta\u00e7\u00e3o atrav\u00e9s da Central de Atendimento do INSS no telefone 135.<\/p>\n\n\n\n<p>No v\u00eddeo abaixo o colunista do FDR,&nbsp;<a href=\"https:\/\/fdr.com.br\/author\/arial_franca\/\" target=\"_blank\" rel=\"noopener\">Ariel Fran\u00e7a<\/a>, apresenta os benef\u00edcios voltados aos MEIs:<\/p>\n\n\n\n<h2 class=\"wp-block-heading clear\">Requisitos para ser um Microempreendedor Individual<\/h2>\n\n\n\n<ul class=\"wp-block-list\">\n<li>Ter acima de 16 anos de idade.<\/li>\n\n\n\n<li>Contratar, no m\u00e1ximo, um empregado que receba o piso da categoria ou um sal\u00e1rio m\u00ednimo.<\/li>\n\n\n\n<li>N\u00e3o ser titular, s\u00f3cio ou administrador de outra empresa.<\/li>\n\n\n\n<li>N\u00e3o ter ou abrir filial de outra empresa.<\/li>\n\n\n\n<li>Ter um faturamento anual de at\u00e9 R$ 81.000,00.<\/li>\n\n\n\n<li>Ou at\u00e9 R$ 251.600,00 para o transportador aut\u00f4nomo que tenha como ocupa\u00e7\u00e3o profissional exclusiva o transporte rodovi\u00e1rio de cargas.<\/li>\n<\/ul>\n\n\n\n<p>Em uma decis\u00e3o recente da C\u00e2mara dos Deputados&nbsp;<a href=\"https:\/\/fdr.com.br\/2024\/05\/19\/todo-mundo-pode-ser-mei-nova-lei-da-direito-a-brasileiros-abrirem-empresa-gratuitamente\/\" target=\"_blank\" rel=\"noopener\">todos os profissionais<\/a>&nbsp;poder\u00e3o ser Microempreendedores Individuais. Essa medida deve aumentar o n\u00famero de empresas registradas nessa categoria.<\/p>\n\n\n\n<figure class=\"wp-block-image\"><img data-opt-id=1069652085  data-opt-src=\"https:\/\/fdr.com.br\/wp-content\/uploads\/2023\/11\/homem-idoso-aposentado-beneficio-inss-fdr-direitos-dinheiro-renda-previdencia-social-aposentadoria-pagamento-deposito-do-valor.jpg\"  decoding=\"async\" src=\"data:image/svg+xml,%3Csvg%20viewBox%3D%220%200%20100%%20100%%22%20width%3D%22100%%22%20height%3D%22100%%22%20xmlns%3D%22http%3A%2F%2Fwww.w3.org%2F2000%2Fsvg%22%3E%3Crect%20width%3D%22100%%22%20height%3D%22100%%22%20fill%3D%22transparent%22%2F%3E%3C%2Fsvg%3E\" alt=\"\"\/><figcaption class=\"wp-element-caption\">Aposentadoria MEI: Veja como garantir sal\u00e1rio m\u00ednimo quando fechar o neg\u00f3cio (Imagem: FDR)<\/figcaption><\/figure>\n\n\n\n<h2 class=\"wp-block-heading clear\">Passo a passo para se formalizar como MEI<\/h2>\n\n\n\n<p>A formaliza\u00e7\u00e3o \u00e9 gratuita, antes de fazer o cadastro tenha em m\u00e3os os seus documentos pessoais e os dados da sua empresa, como endere\u00e7o, telefone, entre outros.<\/p>\n\n\n\n<ul class=\"wp-block-list\">\n<li>Acesse o&nbsp;<a href=\"https:\/\/www.gov.br\/empresas-e-negocios\/pt-br\/empreendedor\" target=\"_blank\" rel=\"noreferrer noopener\"><strong>Portal do Empreendedor;<\/strong><\/a><\/li>\n\n\n\n<li>Clique em \u201cOcupa\u00e7\u00f5es Permitidas\u201d para conferir se a sua atividade est\u00e1 na lista;<\/li>\n\n\n\n<li>Volte \u00e0 p\u00e1gina anterior e clique em \u201cFormalize-se\u201d;<\/li>\n\n\n\n<li>Fa\u00e7a o login com sua conta gov.br;<\/li>\n\n\n\n<li>Preencha o cadastro com os seus dados e da sua empresa.<\/li>\n<\/ul>\n\n\n\n<p>A especialista do FDR,&nbsp;<a href=\"https:\/\/fdr.com.br\/author\/laura_alvarenga\/\" target=\"_blank\" rel=\"noopener\">Laura Alvarenga<\/a>, lembra que todos os Microempreendedores Individuais devem se&nbsp;<a href=\"https:\/\/fdr.com.br\/2024\/05\/04\/nao-perca-o-prazo-mei-que-nao-se-cadastrar-no-det-pode-receber-multa-de-ate-r-208091\/\" target=\"_blank\" rel=\"noopener\">cadastrar no DET<\/a>&nbsp;at\u00e9 o m\u00eas de agosto.<\/p>\n","protected":false},"excerpt":{"rendered":"","protected":false},"author":1,"featured_media":0,"comment_status":"open","ping_status":"open","sticky":false,"template":"","format":"image","meta":{"site-sidebar-layout":"default","site-content-layout":"","ast-site-content-layout":"default","site-content-style":"default","site-sidebar-style":"default","ast-global-header-display":"","ast-banner-title-visibility":"","ast-main-header-display":"","ast-hfb-above-header-display":"","ast-hfb-below-header-display":"","ast-hfb-mobile-header-display":"","site-post-title":"","ast-breadcrumbs-content":"","ast-featured-img":"","footer-sml-layout":"","ast-disable-related-posts":"","theme-transparent-header-meta":"","adv-header-id-meta":"","stick-header-meta":"","header-above-stick-meta":"","header-main-stick-meta":"","header-below-stick-meta":"","astra-migrate-meta-layouts":"default","ast-page-background-enabled":"default","ast-page-background-meta":{"desktop":{"background-color":"var(--ast-global-color-4)","background-image":"","background-repeat":"repeat","background-position":"center center","background-size":"auto","background-attachment":"scroll","background-type":"","background-media":"","overlay-type":"","overlay-color":"","overlay-opacity":"","overlay-gradient":""},"tablet":{"background-color":"","background-image":"","background-repeat":"repeat","background-position":"center center","background-size":"auto","background-attachment":"scroll","background-type":"","background-media":"","overlay-type":"","overlay-color":"","overlay-opacity":"","overlay-gradient":""},"mobile":{"background-color":"","background-image":"","background-repeat":"repeat","background-position":"center center","background-size":"auto","background-attachment":"scroll","background-type":"","background-media":"","overlay-type":"","overlay-color":"","overlay-opacity":"","overlay-gradient":""}},"ast-content-background-meta":{"desktop":{"background-color":"var(--ast-global-color-5)","background-image":"","background-repeat":"repeat","background-position":"center center","background-size":"auto","background-attachment":"scroll","background-type":"","background-media":"","overlay-type":"","overlay-color":"","overlay-opacity":"","overlay-gradient":""},"tablet":{"background-color":"var(--ast-global-color-5)","background-image":"","background-repeat":"repeat","background-position":"center center","background-size":"auto","background-attachment":"scroll","background-type":"","background-media":"","overlay-type":"","overlay-color":"","overlay-opacity":"","overlay-gradient":""},"mobile":{"background-color":"var(--ast-global-color-5)","background-image":"","background-repeat":"repeat","background-position":"center center","background-size":"auto","background-attachment":"scroll","background-type":"","background-media":"","overlay-type":"","overlay-color":"","overlay-opacity":"","overlay-gradient":""}},"footnotes":""},"categories":[517],"tags":[2511,1770,2009,22],"class_list":["post-24254","post","type-post","status-publish","format-image","hentry","category-aconteceu","tag-aposentadoria","tag-dinheiro","tag-mei","tag-noticias-no-face","post_format-post-format-image"],"_links":{"self":[{"href":"https:\/\/noticiasnoface.com.br\/index.php\/wp-json\/wp\/v2\/posts\/24254","targetHints":{"allow":["GET"]}}],"collection":[{"href":"https:\/\/noticiasnoface.com.br\/index.php\/wp-json\/wp\/v2\/posts"}],"about":[{"href":"https:\/\/noticiasnoface.com.br\/index.php\/wp-json\/wp\/v2\/types\/post"}],"author":[{"embeddable":true,"href":"https:\/\/noticiasnoface.com.br\/index.php\/wp-json\/wp\/v2\/users\/1"}],"replies":[{"embeddable":true,"href":"https:\/\/noticiasnoface.com.br\/index.php\/wp-json\/wp\/v2\/comments?post=24254"}],"version-history":[{"count":2,"href":"https:\/\/noticiasnoface.com.br\/index.php\/wp-json\/wp\/v2\/posts\/24254\/revisions"}],"predecessor-version":[{"id":24256,"href":"https:\/\/noticiasnoface.com.br\/index.php\/wp-json\/wp\/v2\/posts\/24254\/revisions\/24256"}],"wp:attachment":[{"href":"https:\/\/noticiasnoface.com.br\/index.php\/wp-json\/wp\/v2\/media?parent=24254"}],"wp:term":[{"taxonomy":"category","embeddable":true,"href":"https:\/\/noticiasnoface.com.br\/index.php\/wp-json\/wp\/v2\/categories?post=24254"},{"taxonomy":"post_tag","embeddable":true,"href":"https:\/\/noticiasnoface.com.br\/index.php\/wp-json\/wp\/v2\/tags?post=24254"}],"curies":[{"name":"wp","href":"https:\/\/api.w.org\/{rel}","templated":true}]}}