{"id":24277,"date":"2024-06-02T15:18:04","date_gmt":"2024-06-02T18:18:04","guid":{"rendered":"https:\/\/noticiasnoface.com.br\/?p=24277"},"modified":"2024-06-02T15:18:04","modified_gmt":"2024-06-02T18:18:04","slug":"paciente-flagra-medico-metendo-a-burracha-numa-enfermeira-em-hospital-publico","status":"publish","type":"post","link":"https:\/\/noticiasnoface.com.br\/index.php\/2024\/06\/02\/paciente-flagra-medico-metendo-a-burracha-numa-enfermeira-em-hospital-publico\/","title":{"rendered":"Paciente flagra m\u00e9dico metendo a burracha numa enfermeira em hospital p\u00fablico"},"content":{"rendered":"\n<figure class=\"wp-block-image size-large\"><img data-opt-id=1579454271  fetchpriority=\"high\" decoding=\"async\" width=\"1024\" height=\"683\" src=\"https:\/\/mlbfrsat7ahr.i.optimole.com\/w:1024\/h:683\/q:mauto\/ig:avif\/https:\/\/noticiasnoface.com.br\/wp-content\/uploads\/2024\/06\/img_5952.jpg\" class=\"wp-image-24276\" srcset=\"https:\/\/mlbfrsat7ahr.i.optimole.com\/w:1024\/h:683\/q:mauto\/ig:avif\/https:\/\/noticiasnoface.com.br\/wp-content\/uploads\/2024\/06\/img_5952.jpg 1024w, https:\/\/mlbfrsat7ahr.i.optimole.com\/w:300\/h:200\/q:mauto\/ig:avif\/https:\/\/noticiasnoface.com.br\/wp-content\/uploads\/2024\/06\/img_5952.jpg 300w, https:\/\/mlbfrsat7ahr.i.optimole.com\/w:768\/h:512\/q:mauto\/ig:avif\/https:\/\/noticiasnoface.com.br\/wp-content\/uploads\/2024\/06\/img_5952.jpg 768w, https:\/\/mlbfrsat7ahr.i.optimole.com\/w:1080\/h:720\/q:mauto\/ig:avif\/https:\/\/noticiasnoface.com.br\/wp-content\/uploads\/2024\/06\/img_5952.jpg 1080w\" sizes=\"(max-width: 1000px) 100vw, 1000px\" \/><\/figure>\n\n\n\n<!--more-->\n\n\n\n<p>Na \u00faltima quarta-feira (29), um m\u00e9dico e uma enfermeira foram flagrados tendo rela\u00e7\u00f5es sexuais durante um plant\u00e3o no hospital p\u00fablico de Minas Gerais, em Po\u00e7os de Caldas, chamado Hospital Municipal Margarita Moralles. As informa\u00e7\u00f5es s\u00e3o do portal Massa News.<\/p>\n\n\n\n<p>Ainda segundo informa\u00e7\u00f5es do portal, o casal foi pego no flagra por um paciente.&nbsp;<\/p>\n\n\n\n<p>A Prefeitura da cidade informou que o m\u00e9dico era contratado de uma empresa terceirizada e a enfermeira, funcion\u00e1ria p\u00fablica.<\/p>\n\n\n\n<h2 class=\"wp-block-heading\">M\u00e9dico e enfermeira ser\u00e3o investigados<\/h2>\n\n\n\n<p>Segundo a apura\u00e7\u00e3o, o m\u00e9dico foi demitido imediatamente. Mas a enfermeira, por ser funcion\u00e1ria p\u00fablica, deve passar por uma an\u00e1lise administrativa antes de alguma medida ser tomada.&nbsp;<\/p>\n\n\n\n<p>Em&nbsp;nota, a Prefeitura de Po\u00e7os de Caldas afirmou que est\u00e1 sendo prestado atendimento e cuidado adequado aos funcion\u00e1rios e tamb\u00e9m ao&nbsp;paciente que flagrou o ato.<\/p>\n\n\n\n<blockquote class=\"wp-block-quote is-layout-flow wp-block-quote-is-layout-flow\">\n<p>\u201cEstamos comprometidos em garantir a qualidade e o bom funcionamento de nossos servi\u00e7os de sa\u00fade, e refor\u00e7amos que este incidente n\u00e3o reflete os valores e padr\u00f5es \u00e9ticos da unidade\u201d, diz a nota.<\/p>\n<\/blockquote>\n\n\n\n<p>Leia Mais<\/p>\n\n\n\n<h2 class=\"wp-block-heading\">Confira a nota da prefeitura na \u00edntegra<\/h2>\n\n\n\n<p><em>A administra\u00e7\u00e3o do Hospital Municipal Margarita Moralles gostaria de informar \u00e0 comunidade sobre as provid\u00eancias tomadas em rela\u00e7\u00e3o ao incidente ocorrido durante o plant\u00e3o na noite desta quinta-feira.<\/em><\/p>\n\n\n\n<p><em>Os coordenadores da institui\u00e7\u00e3o est\u00e3o conduzindo uma investiga\u00e7\u00e3o detalhada sobre o incidente. Ap\u00f3s funcion\u00e1rios terem sido flagrados em atividades inapropriadas nas depend\u00eancias hospitalares, medidas imediatas foram tomadas.<\/em><\/p>\n\n\n\n<p><em>O m\u00e9dico contratado por empresa terceirizada foi desligado de suas fun\u00e7\u00f5es. No caso da enfermeira, que \u00e9 servidora p\u00fablica, ser\u00e1 instaurado um processo administrativo para apurar os fatos e tomar as medidas cab\u00edveis de acordo com as normas e regulamentos internos.<\/em><\/p>\n\n\n\n<p><em>A coordena\u00e7\u00e3o da unidade est\u00e1 prestando todo o apoio necess\u00e1rio aos funcion\u00e1rios do turno e \u00e0 paciente que presenciou o incidente. Estamos comprometidos em garantir a qualidade e o bom funcionamento de nossos servi\u00e7os de sa\u00fade, e refor\u00e7amos que este incidente n\u00e3o reflete os valores e padr\u00f5es \u00e9ticos da unidade.<\/em><\/p>\n\n\n\n<p><em>Agradecemos a compreens\u00e3o e colabora\u00e7\u00e3o de todos.<\/em><\/p>\n","protected":false},"excerpt":{"rendered":"","protected":false},"author":1,"featured_media":0,"comment_status":"closed","ping_status":"open","sticky":false,"template":"","format":"image","meta":{"site-sidebar-layout":"default","site-content-layout":"","ast-site-content-layout":"default","site-content-style":"default","site-sidebar-style":"default","ast-global-header-display":"","ast-banner-title-visibility":"","ast-main-header-display":"","ast-hfb-above-header-display":"","ast-hfb-below-header-display":"","ast-hfb-mobile-header-display":"","site-post-title":"","ast-breadcrumbs-content":"","ast-featured-img":"","footer-sml-layout":"","ast-disable-related-posts":"","theme-transparent-header-meta":"","adv-header-id-meta":"","stick-header-meta":"","header-above-stick-meta":"","header-main-stick-meta":"","header-below-stick-meta":"","astra-migrate-meta-layouts":"default","ast-page-background-enabled":"default","ast-page-background-meta":{"desktop":{"background-color":"var(--ast-global-color-4)","background-image":"","background-repeat":"repeat","background-position":"center center","background-size":"auto","background-attachment":"scroll","background-type":"","background-media":"","overlay-type":"","overlay-color":"","overlay-opacity":"","overlay-gradient":""},"tablet":{"background-color":"","background-image":"","background-repeat":"repeat","background-position":"center center","background-size":"auto","background-attachment":"scroll","background-type":"","background-media":"","overlay-type":"","overlay-color":"","overlay-opacity":"","overlay-gradient":""},"mobile":{"background-color":"","background-image":"","background-repeat":"repeat","background-position":"center center","background-size":"auto","background-attachment":"scroll","background-type":"","background-media":"","overlay-type":"","overlay-color":"","overlay-opacity":"","overlay-gradient":""}},"ast-content-background-meta":{"desktop":{"background-color":"var(--ast-global-color-5)","background-image":"","background-repeat":"repeat","background-position":"center center","background-size":"auto","background-attachment":"scroll","background-type":"","background-media":"","overlay-type":"","overlay-color":"","overlay-opacity":"","overlay-gradient":""},"tablet":{"background-color":"var(--ast-global-color-5)","background-image":"","background-repeat":"repeat","background-position":"center center","background-size":"auto","background-attachment":"scroll","background-type":"","background-media":"","overlay-type":"","overlay-color":"","overlay-opacity":"","overlay-gradient":""},"mobile":{"background-color":"var(--ast-global-color-5)","background-image":"","background-repeat":"repeat","background-position":"center center","background-size":"auto","background-attachment":"scroll","background-type":"","background-media":"","overlay-type":"","overlay-color":"","overlay-opacity":"","overlay-gradient":""}},"footnotes":""},"categories":[517],"tags":[1144,1095,2815,112],"class_list":["post-24277","post","type-post","status-publish","format-image","hentry","category-aconteceu","tag-enfermeira","tag-medico","tag-paciente","tag-sexo","post_format-post-format-image"],"_links":{"self":[{"href":"https:\/\/noticiasnoface.com.br\/index.php\/wp-json\/wp\/v2\/posts\/24277","targetHints":{"allow":["GET"]}}],"collection":[{"href":"https:\/\/noticiasnoface.com.br\/index.php\/wp-json\/wp\/v2\/posts"}],"about":[{"href":"https:\/\/noticiasnoface.com.br\/index.php\/wp-json\/wp\/v2\/types\/post"}],"author":[{"embeddable":true,"href":"https:\/\/noticiasnoface.com.br\/index.php\/wp-json\/wp\/v2\/users\/1"}],"replies":[{"embeddable":true,"href":"https:\/\/noticiasnoface.com.br\/index.php\/wp-json\/wp\/v2\/comments?post=24277"}],"version-history":[{"count":1,"href":"https:\/\/noticiasnoface.com.br\/index.php\/wp-json\/wp\/v2\/posts\/24277\/revisions"}],"predecessor-version":[{"id":24278,"href":"https:\/\/noticiasnoface.com.br\/index.php\/wp-json\/wp\/v2\/posts\/24277\/revisions\/24278"}],"wp:attachment":[{"href":"https:\/\/noticiasnoface.com.br\/index.php\/wp-json\/wp\/v2\/media?parent=24277"}],"wp:term":[{"taxonomy":"category","embeddable":true,"href":"https:\/\/noticiasnoface.com.br\/index.php\/wp-json\/wp\/v2\/categories?post=24277"},{"taxonomy":"post_tag","embeddable":true,"href":"https:\/\/noticiasnoface.com.br\/index.php\/wp-json\/wp\/v2\/tags?post=24277"}],"curies":[{"name":"wp","href":"https:\/\/api.w.org\/{rel}","templated":true}]}}