{"id":24283,"date":"2024-06-02T22:10:44","date_gmt":"2024-06-03T01:10:44","guid":{"rendered":"https:\/\/noticiasnoface.com.br\/?p=24283"},"modified":"2024-06-02T22:10:44","modified_gmt":"2024-06-03T01:10:44","slug":"empresas-do-comercio-servicos-e-industria-sao-homenageadas-na-camara-municipal","status":"publish","type":"post","link":"https:\/\/noticiasnoface.com.br\/index.php\/2024\/06\/02\/empresas-do-comercio-servicos-e-industria-sao-homenageadas-na-camara-municipal\/","title":{"rendered":"Empresas do com\u00e9rcio, servi\u00e7os e ind\u00fastria s\u00e3o homenageadas na C\u00e2mara Municipal"},"content":{"rendered":"\n<figure class=\"wp-block-image size-large\"><img data-opt-id=231624073  fetchpriority=\"high\" decoding=\"async\" width=\"1024\" height=\"687\" src=\"https:\/\/mlbfrsat7ahr.i.optimole.com\/w:1024\/h:687\/q:mauto\/ig:avif\/https:\/\/noticiasnoface.com.br\/wp-content\/uploads\/2024\/06\/img_5973-1.jpg\" class=\"wp-image-24282\" srcset=\"https:\/\/mlbfrsat7ahr.i.optimole.com\/w:1024\/h:687\/q:mauto\/ig:avif\/https:\/\/noticiasnoface.com.br\/wp-content\/uploads\/2024\/06\/img_5973-1.jpg 1024w, https:\/\/mlbfrsat7ahr.i.optimole.com\/w:300\/h:201\/q:mauto\/ig:avif\/https:\/\/noticiasnoface.com.br\/wp-content\/uploads\/2024\/06\/img_5973-1.jpg 300w, https:\/\/mlbfrsat7ahr.i.optimole.com\/w:768\/h:516\/q:mauto\/ig:avif\/https:\/\/noticiasnoface.com.br\/wp-content\/uploads\/2024\/06\/img_5973-1.jpg 768w, https:\/\/mlbfrsat7ahr.i.optimole.com\/w:1536\/h:1031\/q:mauto\/ig:avif\/https:\/\/noticiasnoface.com.br\/wp-content\/uploads\/2024\/06\/img_5973-1.jpg 1536w, https:\/\/mlbfrsat7ahr.i.optimole.com\/w:1600\/h:1074\/q:mauto\/ig:avif\/https:\/\/noticiasnoface.com.br\/wp-content\/uploads\/2024\/06\/img_5973-1.jpg 1600w\" sizes=\"(max-width: 1000px) 100vw, 1000px\" \/><\/figure>\n\n\n\n<!--more-->\n\n\n\n<p>Em solene sess\u00e3o, nessa quarta-feira (29), a C\u00e2mara Municipal prestou homenagens a empresas e empres\u00e1rios da capital, por proposi\u00e7\u00e3o da vereadora Margarete R\u00e9gia. \u201cS\u00e3o pilares do desenvolvimento econ\u00f4mico e social de nossa cidade. Demonstramos com essa homenagem nossa mais profunda gratid\u00e3o a todos os empreendedores\u201d, justificou a edil. Foram homenageadas 20 empresas do com\u00e9rcio, de servi\u00e7os e da ind\u00fastria.<\/p>\n\n\n\n<p>\u201cAo reconhecermos esses empreendedores, tamb\u00e9m reconhecemos a import\u00e2ncia do apoio m\u00fatuo, da colabora\u00e7\u00e3o e da solidariedade que permeiam o ambiente empresarial. Pois por tr\u00e1s de cada sucesso empresarial, h\u00e1 uma rede de apoio, que inclui os funcion\u00e1rios, os parceiros comerciais, os clientes e toda cidade que ganha com o crescimento econ\u00f4mico\u201d, destacou a vereadora, que aproveitou para informar que um projeto de lei de, que institui no calend\u00e1rio oficial de eventos do Munic\u00edpio o Dia do Empreendedor, a ser comemorado anualmente em 5 de outubro, j\u00e1 passou pelas comiss\u00f5es da casa e est\u00e1 apto a ir pro plen\u00e1rio, refor\u00e7ando o reconhecimento e valoriza\u00e7\u00e3o da CMN ao \u201cpapel crucial dos empreendedores\u201d.<\/p>\n\n\n\n<p>Entre as empresas homenageadas estava O Borrach\u00e3o, representada na sess\u00e3o solene por uma de suas s\u00f3cias-propriet\u00e1rias e diretora, Renata Dumaresq. \u201cAgrade\u00e7o ao presidente da C\u00e2mara, vereadores Eriko J\u00e1come e \u00e0 vereadora Margarete R\u00e9gia pela homenagem. H\u00e1 48 anos, meu pai fundou o Borrach\u00e3o, e nada disso seria poss\u00edvel sem as b\u00ean\u00e7\u00e3os de Deus e de Nossa Senhora, que nos aben\u00e7oam diariamente e nos permitem continuar fazendo a diferen\u00e7a para nossos clientes e as mais de 70 fam\u00edlias de nossos colaboradores\u201d, agradeceu. \u201cSabemos que n\u00e3o \u00e9 f\u00e1cil empreender neste pa\u00eds, mas, mesmo com tantos percal\u00e7os, continuamos a crescer e a entregar uma experi\u00eancia cada vez mais \u00fanica para nossos clientes. Hoje, ao olhar para tr\u00e1s, vejo o in\u00edcio de tudo: nosso pai vindo do interior da Para\u00edba para Natal em busca de crescimento e oportunidade. \u00c9 muito emocionante estar aqui para receber esta homenagem, que reconhece nosso \u00eaxito nessa jornada\u201d, concluiu.<\/p>\n\n\n\n<p>Outra homenageada foi a Comjol, do atual presidente da CDL Natal, Jos\u00e9 Lucena Neto. A empresa, que come\u00e7ou em 1930, no munic\u00edpio de Nova Cruz, j\u00e1 est\u00e1 na quarta gera\u00e7\u00e3o e \u00e9 uma das l\u00edderes de mercado no segmento de material de constru\u00e7\u00e3o em Natal. O empres\u00e1rio agradeceu a homenagem, mas ressaltou que a capital potiguar \u00e9 uma cidade dif\u00edcil de empreender. \u201cFico muito honrado com essa homenagem, porque a gente trabalha s\u00e9rio de sol a sol, todos os dias. A gente gera emprego. Mas aqui em Natal \u00e9 dif\u00edcil de empreender e quem empreende aqui est\u00e1 apto a empreender em qualquer lugar\u201d, disse.<\/p>\n\n\n\n<p>A Fecomercio RN foi representada pelo vice-presidente Geraldo Paiva Junior, e a Fiern, pelo vice-presidente Edilson Batista da Trindade. A Prefeitura de Natal foi representada pelo diretor do Procon Municipal, Carlos Fialho.<\/p>\n\n\n\n<p>Texto: Ilana Albuquerque<br>Fotos: Francisco de Assis<\/p>\n\n\n\n<p><\/p>\n","protected":false},"excerpt":{"rendered":"","protected":false},"author":1,"featured_media":0,"comment_status":"closed","ping_status":"open","sticky":false,"template":"","format":"image","meta":{"site-sidebar-layout":"default","site-content-layout":"","ast-site-content-layout":"default","site-content-style":"default","site-sidebar-style":"default","ast-global-header-display":"","ast-banner-title-visibility":"","ast-main-header-display":"","ast-hfb-above-header-display":"","ast-hfb-below-header-display":"","ast-hfb-mobile-header-display":"","site-post-title":"","ast-breadcrumbs-content":"","ast-featured-img":"","footer-sml-layout":"","ast-disable-related-posts":"","theme-transparent-header-meta":"","adv-header-id-meta":"","stick-header-meta":"","header-above-stick-meta":"","header-main-stick-meta":"","header-below-stick-meta":"","astra-migrate-meta-layouts":"default","ast-page-background-enabled":"default","ast-page-background-meta":{"desktop":{"background-color":"var(--ast-global-color-4)","background-image":"","background-repeat":"repeat","background-position":"center center","background-size":"auto","background-attachment":"scroll","background-type":"","background-media":"","overlay-type":"","overlay-color":"","overlay-opacity":"","overlay-gradient":""},"tablet":{"background-color":"","background-image":"","background-repeat":"repeat","background-position":"center center","background-size":"auto","background-attachment":"scroll","background-type":"","background-media":"","overlay-type":"","overlay-color":"","overlay-opacity":"","overlay-gradient":""},"mobile":{"background-color":"","background-image":"","background-repeat":"repeat","background-position":"center center","background-size":"auto","background-attachment":"scroll","background-type":"","background-media":"","overlay-type":"","overlay-color":"","overlay-opacity":"","overlay-gradient":""}},"ast-content-background-meta":{"desktop":{"background-color":"var(--ast-global-color-5)","background-image":"","background-repeat":"repeat","background-position":"center center","background-size":"auto","background-attachment":"scroll","background-type":"","background-media":"","overlay-type":"","overlay-color":"","overlay-opacity":"","overlay-gradient":""},"tablet":{"background-color":"var(--ast-global-color-5)","background-image":"","background-repeat":"repeat","background-position":"center center","background-size":"auto","background-attachment":"scroll","background-type":"","background-media":"","overlay-type":"","overlay-color":"","overlay-opacity":"","overlay-gradient":""},"mobile":{"background-color":"var(--ast-global-color-5)","background-image":"","background-repeat":"repeat","background-position":"center center","background-size":"auto","background-attachment":"scroll","background-type":"","background-media":"","overlay-type":"","overlay-color":"","overlay-opacity":"","overlay-gradient":""}},"footnotes":""},"categories":[517],"tags":[],"class_list":["post-24283","post","type-post","status-publish","format-image","hentry","category-aconteceu","post_format-post-format-image"],"_links":{"self":[{"href":"https:\/\/noticiasnoface.com.br\/index.php\/wp-json\/wp\/v2\/posts\/24283","targetHints":{"allow":["GET"]}}],"collection":[{"href":"https:\/\/noticiasnoface.com.br\/index.php\/wp-json\/wp\/v2\/posts"}],"about":[{"href":"https:\/\/noticiasnoface.com.br\/index.php\/wp-json\/wp\/v2\/types\/post"}],"author":[{"embeddable":true,"href":"https:\/\/noticiasnoface.com.br\/index.php\/wp-json\/wp\/v2\/users\/1"}],"replies":[{"embeddable":true,"href":"https:\/\/noticiasnoface.com.br\/index.php\/wp-json\/wp\/v2\/comments?post=24283"}],"version-history":[{"count":1,"href":"https:\/\/noticiasnoface.com.br\/index.php\/wp-json\/wp\/v2\/posts\/24283\/revisions"}],"predecessor-version":[{"id":24284,"href":"https:\/\/noticiasnoface.com.br\/index.php\/wp-json\/wp\/v2\/posts\/24283\/revisions\/24284"}],"wp:attachment":[{"href":"https:\/\/noticiasnoface.com.br\/index.php\/wp-json\/wp\/v2\/media?parent=24283"}],"wp:term":[{"taxonomy":"category","embeddable":true,"href":"https:\/\/noticiasnoface.com.br\/index.php\/wp-json\/wp\/v2\/categories?post=24283"},{"taxonomy":"post_tag","embeddable":true,"href":"https:\/\/noticiasnoface.com.br\/index.php\/wp-json\/wp\/v2\/tags?post=24283"}],"curies":[{"name":"wp","href":"https:\/\/api.w.org\/{rel}","templated":true}]}}