{"id":24293,"date":"2024-06-03T10:28:12","date_gmt":"2024-06-03T13:28:12","guid":{"rendered":"https:\/\/noticiasnoface.com.br\/?p=24293"},"modified":"2024-06-03T10:28:12","modified_gmt":"2024-06-03T13:28:12","slug":"suspeito-de-propina-e-apontado-pela-pf-como-tentaculo-do-ministro-de-lula","status":"publish","type":"post","link":"https:\/\/noticiasnoface.com.br\/index.php\/2024\/06\/03\/suspeito-de-propina-e-apontado-pela-pf-como-tentaculo-do-ministro-de-lula\/","title":{"rendered":"Suspeito de propina \u00e9 apontado pela PF como \u201ctent\u00e1culo\u201d do ministro de Lula"},"content":{"rendered":"\n<figure class=\"wp-block-image size-large\"><img data-opt-id=1998831861  fetchpriority=\"high\" decoding=\"async\" width=\"1024\" height=\"683\" src=\"https:\/\/mlbfrsat7ahr.i.optimole.com\/w:auto\/h:auto\/q:mauto\/ig:avif\/https:\/\/noticiasnoface.com.br\/wp-content\/uploads\/2024\/06\/img_6041-1.jpg\" class=\"wp-image-24291\" srcset=\"https:\/\/mlbfrsat7ahr.i.optimole.com\/w:1024\/h:683\/q:mauto\/ig:avif\/https:\/\/noticiasnoface.com.br\/wp-content\/uploads\/2024\/06\/img_6041-1.jpg 1024w, https:\/\/mlbfrsat7ahr.i.optimole.com\/w:300\/h:200\/q:mauto\/ig:avif\/https:\/\/noticiasnoface.com.br\/wp-content\/uploads\/2024\/06\/img_6041-1.jpg 300w, https:\/\/mlbfrsat7ahr.i.optimole.com\/w:768\/h:512\/q:mauto\/ig:avif\/https:\/\/noticiasnoface.com.br\/wp-content\/uploads\/2024\/06\/img_6041-1.jpg 768w\" sizes=\"(max-width: 1000px) 100vw, 1000px\" \/><\/figure>\n\n\n\n<!--more-->\n\n\n\n<p>Um gerente afastado da Codevasf sob suspeita de suspeita de receber propina atuou em contratos custeados com emendas do hoje ministro das Comunica\u00e7\u00f5es, Juscelino Filho (Uni\u00e3o Brasil), e que s\u00e3o investigados pela Pol\u00edcia Federal.<\/p>\n\n\n\n<p>Julimar Alves da Silva Filho deixou a estatal federal ap\u00f3s ser alvo da Odoacro, opera\u00e7\u00e3o que investiga a atua\u00e7\u00e3o da empresa Construservice em contratos no estado do Maranh\u00e3o, alguns custeados por emendas de Juscelino Filho quando ele era deputado.<\/p>\n\n\n\n<p>A empresa tem como s\u00f3cio, segundo a PF, Eduardo Jos\u00e9 Barros Costa, conhecido como Eduardo DP.<br \/>\u201cPara conseguir gerir e desviar os recursos, Juscelino Filho e \u2018Eduardo DP\u2019 possuem tent\u00e1culos dentro da Codevasf, como o fiscal afastado na segunda fase da opera\u00e7\u00e3o Odoacro, Julimar Alves da Silva Filho\u201d, diz a pol\u00edcia, em relat\u00f3rio.<\/p>\n\n\n\n<p>Quebras de sigilo acessadas pela PF mostram Julimar e sua esposa como destinat\u00e1rios de cerca de R$ 250 mil de contas ligadas ao grupo empresarial de Eduardo DP no mesmo per\u00edodo em que ele atuava na fiscaliza\u00e7\u00e3o de obras de pavimenta\u00e7\u00e3o asf\u00e1ltica.<\/p>\n\n\n\n<p>Em nota, o Minist\u00e9rio da Comunica\u00e7\u00f5es afirma que Juscelino Filho n\u00e3o tem rela\u00e7\u00e3o com o caso, \u201cn\u00e3o conhece, nem tinha contato com servidor, nem as suspeitas de envolvimento de Julimar com irregularidades, tampouco de quem ele tem relacionamento [com irregularidades]\u201d.<\/p>\n\n\n\n<p>\u201cNo cargo de deputado federal, Juscelino apenas indicou emendas parlamentares para custear a realiza\u00e7\u00e3o de obras. A licita\u00e7\u00e3o, realiza\u00e7\u00e3o e fiscaliza\u00e7\u00e3o delas s\u00e3o de responsabilidade do Poder Executivo\u201d, diz a nota.<\/p>\n\n\n\n<p>Julimar foi procurado pela reportagem, mas n\u00e3o se manifestou.<\/p>\n\n\n\n<p>Al\u00e9m de obras pagas com verba de outros pol\u00edticos, tamb\u00e9m alvos de apura\u00e7\u00e3o, o gerente da Codevasf atuou em ao menos duas realizadas na cidade de Vitorino Freire (MA), comandada pela prefeita Luanna Rezende, irm\u00e3 do ministro de Lula (PT).<\/p>\n\n\n\n<p>A primeira tem origem em um conv\u00eanio de R$ 5,2 milh\u00f5es firmado em 2017 com verba indicada por Juscelino. Julimar foi indicado como fiscal do contrato.<\/p>\n\n\n\n<p>A PF chegou a visitar a obra e registrou que \u201cgrande parte das ruas est\u00e1 tomada por buracos e o asfalto j\u00e1 \u00e9 quase inexistente\u201d.<\/p>\n\n\n\n<p>Em nota, a Codevasf disse que 85% da obra havia sido finalizada, mesmo com a libera\u00e7\u00e3o de todo o valor do conv\u00eanio. Por isso, a estatal calculou \u201cpend\u00eancias\u201d e cobrou da prefeitura a devolu\u00e7\u00e3o de parte da verba. A companhia n\u00e3o deu detalhes sobre o estado da obra e por qual raz\u00e3o o conv\u00eanio n\u00e3o foi conclu\u00eddo.<\/p>\n\n\n\n<p>A PF ainda encontrou di\u00e1logos entre Juscelino e Eduardo DP supostamente relacionados ao conv\u00eanio.<\/p>\n\n\n\n<p>Em junho de 2019, o ent\u00e3o deputado federal escreveu ao empres\u00e1rio: \u201cPrecisamos sentar pra ajustar as coisas de l\u00e1 parente\u2026tem aquela obra da Codevasf tamb\u00e9m que j\u00e1 da pra da ordem de servi\u00e7o\u201d.<\/p>\n\n\n\n<p>\u201cJ\u00e1 venho h\u00e1 quase um m\u00eas tentando sentar com voc\u00ea e n\u00e3o consigo, sempre desencontrando\u201d, disse ainda Juscelino, na mesma conversa. Os di\u00e1logos foram encontrados no celular de Eduardo DP, apreendido na opera\u00e7\u00e3o Odoacro.<\/p>\n\n\n\n<p>Como mostrou a Folha de S.Paulo, os preju\u00edzos causados pela obra bancada com a emenda de Juscelino Filho ser\u00e3o custeados pela prefeitura comandada por sua irm\u00e3.<\/p>\n\n\n\n<p>Em abril passado, a Codevasf publicou um \u201cextrato de confiss\u00e3o e parcelamento de d\u00edvida\u201d.<\/p>\n\n\n\n<p>No documento, a prefeitura reconhece que deve R$ 802,7 mil \u00e0 estatal federal por causa de conv\u00eanio de R$ 5,2 milh\u00f5es, firmado em 2017 com verba indicada por Juscelino, quando ainda exercia o mandato de deputado federal.<\/p>\n\n\n\n<figure class=\"wp-block-image size-large\"><img data-opt-id=948986946  fetchpriority=\"high\" decoding=\"async\" width=\"1024\" height=\"1002\" src=\"https:\/\/mlbfrsat7ahr.i.optimole.com\/w:1024\/h:1002\/q:mauto\/ig:avif\/https:\/\/noticiasnoface.com.br\/wp-content\/uploads\/2024\/06\/img_6040-1.jpg\" class=\"wp-image-24292\" srcset=\"https:\/\/mlbfrsat7ahr.i.optimole.com\/w:1024\/h:1002\/q:mauto\/ig:avif\/https:\/\/noticiasnoface.com.br\/wp-content\/uploads\/2024\/06\/img_6040-1.jpg 1024w, https:\/\/mlbfrsat7ahr.i.optimole.com\/w:300\/h:294\/q:mauto\/ig:avif\/https:\/\/noticiasnoface.com.br\/wp-content\/uploads\/2024\/06\/img_6040-1.jpg 300w, https:\/\/mlbfrsat7ahr.i.optimole.com\/w:768\/h:751\/q:mauto\/ig:avif\/https:\/\/noticiasnoface.com.br\/wp-content\/uploads\/2024\/06\/img_6040-1.jpg 768w, https:\/\/mlbfrsat7ahr.i.optimole.com\/w:1070\/h:1047\/q:mauto\/ig:avif\/https:\/\/noticiasnoface.com.br\/wp-content\/uploads\/2024\/06\/img_6040-1.jpg 1070w\" sizes=\"(max-width: 1000px) 100vw, 1000px\" \/><\/figure>\n\n\n\n<p>A Prefeitura afirmou, em nota, que n\u00e3o \u00e9 verdade que arcar\u00e1 com os preju\u00edzos da obra. Segundo a gest\u00e3o da irm\u00e3 de Juscelino Filho, a Construservice \u201cser\u00e1 responsabilizado a devolver os recursos aos cofres p\u00fablicos\u201d.<\/p>\n\n\n\n<p>A PF tamb\u00e9m investiga a atua\u00e7\u00e3o do gerente da Codevasf na obra para pavimenta\u00e7\u00e3o de uma estrada que passa por propriedades da fam\u00edlia de Juscelino Filho. O valor total da obra, que n\u00e3o foi conclu\u00edda, era de R$ 7,5 milh\u00f5es.<\/p>\n\n\n\n<p>Segundo a PF, Julimar emitiu parecer favor\u00e1vel \u00e0 aprova\u00e7\u00e3o do projeto da obra com \u201cjustificativa simplista e sem qualquer aprofundamento de ordem t\u00e9cnica ou de interesse p\u00fablico\u201d.<\/p>\n\n\n\n<p>Al\u00e9m disso, afirma, ele \u201cinseriu na Plataforma Brasil boletim de medi\u00e7\u00e3o de obra n\u00e3o condizente com a realidade\u201d.<\/p>\n\n\n\n<p>\u201cRestou comprovado a atua\u00e7\u00e3o criminosa de Julimar Silva, fiscal da Codevasf, na medida em que liberou recursos na ordem de R$ 1.501.640,00 (correspondente a 20,49% da execu\u00e7\u00e3o f\u00edsica), mas somente havia sido executado 9,32%, que equivale a R$ 696.946,68 em termos financeiros\u201d, diz a PF.<\/p>\n\n\n\n<p>A investiga\u00e7\u00e3o que mira Juscelino Filho est\u00e1 na reta final. A PF apura tr\u00eas caminhos sob suspeita de terem sido utilizados para desviar valores de contratos da Codevasf para o ministro de Lula.<\/p>\n\n\n\n<p>Os caminhos citados na investiga\u00e7\u00e3o envolvem a pavimenta\u00e7\u00e3o de estrada que beneficiava propriedades dele, as indica\u00e7\u00f5es de pagamentos a terceiros e a contrata\u00e7\u00e3o de uma empresa que a PF suspeita ser do pr\u00f3prio Juscelino.<\/p>\n\n\n\n<p>O ministro foi ouvido no dia 17, mas o depoimento foi interrompido ap\u00f3s ele n\u00e3o responder aos questionamentos do delegado do caso.<\/p>\n\n\n\n<p>Em nota publicada em suas redes logo ap\u00f3s deixar a PF, o ministro criticou o delegado respons\u00e1vel por tomar seu depoimento e disse que o m\u00e9todo de interrogat\u00f3rio repete o modus operandi da Opera\u00e7\u00e3o Lava Jato, que \u201cresultou em consequ\u00eancias danosas a pessoas inocentes\u201d.<\/p>\n\n\n\n<p>O depoimento do ministro durou apenas 15 minutos e, segundo Juscelino Filho, foi encerrado abruptamente pelo delegado quando seus advogados comunicaram que ele responderia apenas a perguntas relacionadas ao objeto da investiga\u00e7\u00e3o autorizada pelo STF.<\/p>\n","protected":false},"excerpt":{"rendered":"","protected":false},"author":1,"featured_media":0,"comment_status":"closed","ping_status":"open","sticky":false,"template":"","format":"image","meta":{"site-sidebar-layout":"default","site-content-layout":"","ast-site-content-layout":"default","site-content-style":"default","site-sidebar-style":"default","ast-global-header-display":"","ast-banner-title-visibility":"","ast-main-header-display":"","ast-hfb-above-header-display":"","ast-hfb-below-header-display":"","ast-hfb-mobile-header-display":"","site-post-title":"","ast-breadcrumbs-content":"","ast-featured-img":"","footer-sml-layout":"","ast-disable-related-posts":"","theme-transparent-header-meta":"","adv-header-id-meta":"","stick-header-meta":"","header-above-stick-meta":"","header-main-stick-meta":"","header-below-stick-meta":"","astra-migrate-meta-layouts":"default","ast-page-background-enabled":"default","ast-page-background-meta":{"desktop":{"background-color":"var(--ast-global-color-4)","background-image":"","background-repeat":"repeat","background-position":"center center","background-size":"auto","background-attachment":"scroll","background-type":"","background-media":"","overlay-type":"","overlay-color":"","overlay-opacity":"","overlay-gradient":""},"tablet":{"background-color":"","background-image":"","background-repeat":"repeat","background-position":"center center","background-size":"auto","background-attachment":"scroll","background-type":"","background-media":"","overlay-type":"","overlay-color":"","overlay-opacity":"","overlay-gradient":""},"mobile":{"background-color":"","background-image":"","background-repeat":"repeat","background-position":"center center","background-size":"auto","background-attachment":"scroll","background-type":"","background-media":"","overlay-type":"","overlay-color":"","overlay-opacity":"","overlay-gradient":""}},"ast-content-background-meta":{"desktop":{"background-color":"var(--ast-global-color-5)","background-image":"","background-repeat":"repeat","background-position":"center center","background-size":"auto","background-attachment":"scroll","background-type":"","background-media":"","overlay-type":"","overlay-color":"","overlay-opacity":"","overlay-gradient":""},"tablet":{"background-color":"var(--ast-global-color-5)","background-image":"","background-repeat":"repeat","background-position":"center center","background-size":"auto","background-attachment":"scroll","background-type":"","background-media":"","overlay-type":"","overlay-color":"","overlay-opacity":"","overlay-gradient":""},"mobile":{"background-color":"var(--ast-global-color-5)","background-image":"","background-repeat":"repeat","background-position":"center center","background-size":"auto","background-attachment":"scroll","background-type":"","background-media":"","overlay-type":"","overlay-color":"","overlay-opacity":"","overlay-gradient":""}},"footnotes":""},"categories":[517],"tags":[215,2492,22,2058,3786],"class_list":["post-24293","post","type-post","status-publish","format-image","hentry","category-aconteceu","tag-lula","tag-ministro-de-lula","tag-noticias-no-face","tag-presidente-lula","tag-propina","post_format-post-format-image"],"_links":{"self":[{"href":"https:\/\/noticiasnoface.com.br\/index.php\/wp-json\/wp\/v2\/posts\/24293","targetHints":{"allow":["GET"]}}],"collection":[{"href":"https:\/\/noticiasnoface.com.br\/index.php\/wp-json\/wp\/v2\/posts"}],"about":[{"href":"https:\/\/noticiasnoface.com.br\/index.php\/wp-json\/wp\/v2\/types\/post"}],"author":[{"embeddable":true,"href":"https:\/\/noticiasnoface.com.br\/index.php\/wp-json\/wp\/v2\/users\/1"}],"replies":[{"embeddable":true,"href":"https:\/\/noticiasnoface.com.br\/index.php\/wp-json\/wp\/v2\/comments?post=24293"}],"version-history":[{"count":1,"href":"https:\/\/noticiasnoface.com.br\/index.php\/wp-json\/wp\/v2\/posts\/24293\/revisions"}],"predecessor-version":[{"id":24294,"href":"https:\/\/noticiasnoface.com.br\/index.php\/wp-json\/wp\/v2\/posts\/24293\/revisions\/24294"}],"wp:attachment":[{"href":"https:\/\/noticiasnoface.com.br\/index.php\/wp-json\/wp\/v2\/media?parent=24293"}],"wp:term":[{"taxonomy":"category","embeddable":true,"href":"https:\/\/noticiasnoface.com.br\/index.php\/wp-json\/wp\/v2\/categories?post=24293"},{"taxonomy":"post_tag","embeddable":true,"href":"https:\/\/noticiasnoface.com.br\/index.php\/wp-json\/wp\/v2\/tags?post=24293"}],"curies":[{"name":"wp","href":"https:\/\/api.w.org\/{rel}","templated":true}]}}