{"id":24376,"date":"2024-06-07T14:28:48","date_gmt":"2024-06-07T17:28:48","guid":{"rendered":"https:\/\/noticiasnoface.com.br\/?p=24376"},"modified":"2024-06-07T14:28:48","modified_gmt":"2024-06-07T17:28:48","slug":"idosos-comemoram-fim-da-cobranca-para-renovacao-da-cnh","status":"publish","type":"post","link":"https:\/\/noticiasnoface.com.br\/index.php\/2024\/06\/07\/idosos-comemoram-fim-da-cobranca-para-renovacao-da-cnh\/","title":{"rendered":"Idosos comemoram FIM da cobran\u00e7a para renova\u00e7\u00e3o da CNH"},"content":{"rendered":"\n<figure class=\"wp-block-image size-large\"><img data-opt-id=1440520448  fetchpriority=\"high\" decoding=\"async\" src=\"file:\/\/\/private\/var\/mobile\/Containers\/Data\/Application\/50392FCC-5193-43FE-BAFE-4CD7BCAFF793\/tmp\/org.automattic.MediaImageServiceSymlinks\/thumbnail-2fca8f79-7887-422c-91eb-f1595ca2ca6f-1200x675.jpeg\" class=\"wp-image-1220920876\"\/><\/figure>\n\n\n\n<!--more-->\n\n\n\n<p>Uma nova legisla\u00e7\u00e3o aprovada pela Comiss\u00e3o de Assuntos Econ\u00f4micos (CAE) do Senado Federal est\u00e1 tornando a<strong>&nbsp;renova\u00e7\u00e3o da CNH (Carteira Nacional de Habilita\u00e7\u00e3o)<\/strong>&nbsp;mais acess\u00edvel para motoristas com 50 anos ou mais.<\/p>\n\n\n\n<figure class=\"wp-block-image\"><img data-opt-id=1021561925  fetchpriority=\"high\" decoding=\"async\" src=\"https:\/\/fdr.com.br\/wp-content\/uploads\/2024\/03\/cnh-fdr-6.jpg\" alt=\"\"\/><figcaption class=\"wp-element-caption\">Idosos comemoram FIM da cobran\u00e7a para renova\u00e7\u00e3o da CNH. Imagem: Jeane de Oliveira\/FDR<\/figcaption><\/figure>\n\n\n\n<p>Com desconto de&nbsp;<strong>50%&nbsp;<\/strong>no valor da&nbsp;<a href=\"https:\/\/fdr.com.br\/2024\/04\/30\/cnh-para-idosos-listamos-todas-as-mudancas-e-beneficios-aprovados-pelo-governo\/amp\/\" target=\"_blank\" rel=\"noopener\"><strong>renova\u00e7\u00e3o da CNH<\/strong><\/a>, essa medida visa simplificar o processo para os idosos, trazendo benef\u00edcios n\u00e3o apenas para eles, mas tamb\u00e9m para a sociedade e a economia, oferecendo boas perspectivas para essa faixa et\u00e1ria.<\/p>\n\n\n\n<p>\u00daltimas not\u00edcias<\/p>\n\n\n\n<p><a href=\"https:\/\/fdr.com.br\/2024\/06\/07\/governo-anuncia-doacao-de-casas-para-brasileiros-com-renda-de-ate-44-mil\/?utm_source=internal&amp;utm_medium=related&amp;utm_campaign=related_posts&amp;utm_content=p3&amp;amp\" target=\"_blank\" rel=\"noopener\">Governo anuncia doa\u00e7\u00e3o de casas para brasileiros com renda de at\u00e9 R$ 4,4 mil<\/a><\/p>\n\n\n\n<p>A inclus\u00e3o e a mobilidade segura dos idosos ganham impulso com essa medida, mantendo sua ativa participa\u00e7\u00e3o na sociedade. Al\u00e9m disso, do ponto de vista econ\u00f4mico, essa iniciativa pode estimular o consumo, j\u00e1 que os idosos ter\u00e3o maior facilidade de locomo\u00e7\u00e3o, o que pode dinamizar a economia local.<\/p>\n\n\n\n<p>Agora, com o desconto na&nbsp;<a href=\"https:\/\/fdr.com.br\/2024\/03\/06\/fim-da-cnh-carteira-deixa-de-ser-obrigatoria-para-estes-condutores\/amp\/\" target=\"_blank\" rel=\"noopener\"><strong>renova\u00e7\u00e3o da CNH<\/strong><\/a>, \u00e9 importante ressaltar que as regras de tr\u00e2nsito permanecem inalteradas. A seguran\u00e7a continua sendo prioridade, e todos os motoristas devem respeitar as normas, conduzindo de maneira respons\u00e1vel e segura.<\/p>\n\n\n\n<p>\u00c9 extremamente importante refor\u00e7ar que, apesar do benef\u00edcio financeiro, a responsabilidade no tr\u00e2nsito n\u00e3o \u00e9 afetada. A ades\u00e3o \u00e0s normas de seguran\u00e7a continua sendo crucial para evitar acidentes e preservar vidas.<\/p>\n\n\n\n<p>Entretanto, \u00e9 importante refor\u00e7ar que a<a href=\"https:\/\/fdr.com.br\/2024\/05\/27\/divulgada-a-lista-de-brasileiros-isentos-da-emissao-da-cnh-confira-novas-regras\/amp\/\" target=\"_blank\" rel=\"noopener\"><strong>renova\u00e7\u00e3o da CNH<\/strong><\/a>&nbsp;n\u00e3o \u00e9 o \u00fanico tema em pauta envolvendo o documento. A carteira de motorista tamb\u00e9m corre o risco de chegar ao fim, al\u00e9m de ter ganhado novas regras que eu te explico quais s\u00e3o<a href=\"https:\/\/fdr.com.br\/2024\/03\/06\/fim-da-cnh-carteira-deixa-de-ser-obrigatoria-para-estes-condutores\/amp\/\" target=\"_blank\" rel=\"noopener\">&nbsp;neste link<\/a>.&nbsp;<\/p>\n\n\n\n<h2 class=\"wp-block-heading clear\">Etapas da renova\u00e7\u00e3o da CNH para idosos<\/h2>\n\n\n\n<p>O processo de renova\u00e7\u00e3o da CNH \u00e9 relativamente simples, mas envolve algumas etapas importantes:<\/p>\n\n\n\n<ul class=\"wp-block-list\">\n<li>Acesse o site do Departamento Estadual de Tr\u00e2nsito (Detran) de seu estado;<\/li>\n\n\n\n<li>Fa\u00e7a login usando seu CPF ou CNPJ e senha;<\/li>\n\n\n\n<li>Confirme seus dados pessoais e siga as instru\u00e7\u00f5es para solicitar a renova\u00e7\u00e3o da CNH.<\/li>\n<\/ul>\n\n\n\n<p>\u00c9 importante notar que a renova\u00e7\u00e3o da CNH pode exigir exames m\u00e9dicos, e em alguns casos, exames toxicol\u00f3gicos. Em S\u00e3o Paulo (SP), por exemplo, a avalia\u00e7\u00e3o m\u00e9dica deve ser agendada no site do Departamento Estadual de Tr\u00e2nsito (Detran), e a taxa \u00e9 paga diretamente ao m\u00e9dico respons\u00e1vel pelo exame.<\/p>\n\n\n\n<h2 class=\"wp-block-heading clear\">Novos prazos da CNH em 2024<\/h2>\n\n\n\n<p>O prazo de validade da CNH foi alterado em abril de 2021, para se adequar \u00e0s novas demandas. Anteriormente, a validade da CNH era de cinco anos para condutores com menos de 65 anos e tr\u00eas anos para os com mais de 65 anos. As modifica\u00e7\u00f5es no C\u00f3digo de Tr\u00e2nsito visam essa adapta\u00e7\u00e3o \u00e0 realidade atual.<\/p>\n\n\n\n<p>No entanto, essas regras mudaram consideravelmente:<\/p>\n\n\n\n<ul class=\"wp-block-list\">\n<li>Para pessoas com menos de 50 anos, a CNH agora tem validade de 10 anos.<\/li>\n\n\n\n<li>Pessoas com idade entre 50 e 70 anos, t\u00eam uma CNH v\u00e1lida por 5 anos.<\/li>\n\n\n\n<li>Por fim, aqueles com mais de 70 anos ter\u00e3o sua CNH v\u00e1lida por 3 anos.<\/li>\n<\/ul>\n\n\n\n<figure class=\"wp-block-image\"><a href=\"https:\/\/www.youtube.com\/watch?v=zjkLJAfh4V4\" target=\"_blank\" rel=\"noopener\"><img data-opt-id=87617653  data-opt-src=\"https:\/\/i.ytimg.com\/vi\/zjkLJAfh4V4\/hqdefault.jpg\"  decoding=\"async\" src=\"data:image/svg+xml,%3Csvg%20viewBox%3D%220%200%20100%%20100%%22%20width%3D%22100%%22%20height%3D%22100%%22%20xmlns%3D%22http%3A%2F%2Fwww.w3.org%2F2000%2Fsvg%22%3E%3Crect%20width%3D%22100%%22%20height%3D%22100%%22%20fill%3D%22transparent%22%2F%3E%3C%2Fsvg%3E\" alt=\"\"\/><\/a><\/figure>\n\n\n\n<h2 class=\"wp-block-heading clear\">Penalidades pela n\u00e3o renova\u00e7\u00e3o da CNH em 2024&nbsp;<\/h2>\n\n\n\n<ul class=\"wp-block-list\">\n<li>\u00c9 fundamental que os motoristas idosos estejam cientes das consequ\u00eancias de dirigir com a CNH vencida e busquem renov\u00e1-la. Afinal, ela vence mais r\u00e1pido, exigindo maior aten\u00e7\u00e3o.<\/li>\n\n\n\n<li>Conduzir com a CNH vencida \u00e9 considerado uma infra\u00e7\u00e3o grav\u00edssima e pode resultar em multa de R$ 293,47. Al\u00e9m disso, ela adiciona sete pontos \u00e0 habilita\u00e7\u00e3o do condutor.<\/li>\n\n\n\n<li>Os condutores podem dirigir com a CNH vencida por at\u00e9 30 dias corridos ap\u00f3s a data de vencimento. No entanto, \u00e9 importante lembrar que, ap\u00f3s esse per\u00edodo de toler\u00e2ncia, n\u00e3o \u00e9 permitido dirigir at\u00e9 que a CNH seja regularizada.<\/li>\n<\/ul>\n\n\n\n<h2 class=\"wp-block-heading clear\">Categorias de CNH v\u00e1lidas no Brasil<\/h2>\n\n\n\n<p>Confira as cinco categorias v\u00e1lidas no Brasil, conforme estabelece o Artigo 143 do CTB (C\u00f3digo de Tr\u00e2nsito Brasileiro):<\/p>\n\n\n\n<ul class=\"wp-block-list\">\n<li>Categoria A \u2013 condutor de ve\u00edculo motorizado de duas ou tr\u00eas rodas, com ou sem carro lateral;<\/li>\n\n\n\n<li>Categoria B \u2013 condutor de ve\u00edculo motorizado, n\u00e3o abrangido pela categoria A, cujo peso bruto total n\u00e3o exceda tr\u00eas mil e quinhentos quilogramas e cuja lota\u00e7\u00e3o n\u00e3o exceda oito lugares, exclu\u00eddo o do motorista;<\/li>\n\n\n\n<li>Categoria C \u2013 condutor de ve\u00edculo abrangido pela categoria B e de ve\u00edculo motorizado utilizado em transporte de carga cujo peso bruto total exceda a 3.500 kg;<\/li>\n\n\n\n<li>Categoria D \u2013 condutor de ve\u00edculo abrangido pelas categorias B e C e de ve\u00edculo motorizado utilizado no transporte de passageiros cuja lota\u00e7\u00e3o exceda a oito lugares, exclu\u00eddo o do motorista;<\/li>\n\n\n\n<li>Categoria E \u2013 condutor de combina\u00e7\u00e3o de ve\u00edculos em que a unidade tratora se enquadre nas categorias B, C ou D e cuja unidade acoplada, reboque, semirreboque, trailer ou articulada tenha 6.000 kg ou mais de peso bruto total, ou cuja lota\u00e7\u00e3o exceda oito lugares.<\/li>\n<\/ul>\n","protected":false},"excerpt":{"rendered":"","protected":false},"author":1,"featured_media":0,"comment_status":"closed","ping_status":"open","sticky":false,"template":"","format":"image","meta":{"site-sidebar-layout":"default","site-content-layout":"","ast-site-content-layout":"default","site-content-style":"default","site-sidebar-style":"default","ast-global-header-display":"","ast-banner-title-visibility":"","ast-main-header-display":"","ast-hfb-above-header-display":"","ast-hfb-below-header-display":"","ast-hfb-mobile-header-display":"","site-post-title":"","ast-breadcrumbs-content":"","ast-featured-img":"","footer-sml-layout":"","ast-disable-related-posts":"","theme-transparent-header-meta":"","adv-header-id-meta":"","stick-header-meta":"","header-above-stick-meta":"","header-main-stick-meta":"","header-below-stick-meta":"","astra-migrate-meta-layouts":"default","ast-page-background-enabled":"default","ast-page-background-meta":{"desktop":{"background-color":"var(--ast-global-color-4)","background-image":"","background-repeat":"repeat","background-position":"center center","background-size":"auto","background-attachment":"scroll","background-type":"","background-media":"","overlay-type":"","overlay-color":"","overlay-opacity":"","overlay-gradient":""},"tablet":{"background-color":"","background-image":"","background-repeat":"repeat","background-position":"center center","background-size":"auto","background-attachment":"scroll","background-type":"","background-media":"","overlay-type":"","overlay-color":"","overlay-opacity":"","overlay-gradient":""},"mobile":{"background-color":"","background-image":"","background-repeat":"repeat","background-position":"center center","background-size":"auto","background-attachment":"scroll","background-type":"","background-media":"","overlay-type":"","overlay-color":"","overlay-opacity":"","overlay-gradient":""}},"ast-content-background-meta":{"desktop":{"background-color":"var(--ast-global-color-5)","background-image":"","background-repeat":"repeat","background-position":"center center","background-size":"auto","background-attachment":"scroll","background-type":"","background-media":"","overlay-type":"","overlay-color":"","overlay-opacity":"","overlay-gradient":""},"tablet":{"background-color":"var(--ast-global-color-5)","background-image":"","background-repeat":"repeat","background-position":"center center","background-size":"auto","background-attachment":"scroll","background-type":"","background-media":"","overlay-type":"","overlay-color":"","overlay-opacity":"","overlay-gradient":""},"mobile":{"background-color":"var(--ast-global-color-5)","background-image":"","background-repeat":"repeat","background-position":"center center","background-size":"auto","background-attachment":"scroll","background-type":"","background-media":"","overlay-type":"","overlay-color":"","overlay-opacity":"","overlay-gradient":""}},"footnotes":""},"categories":[517],"tags":[],"class_list":["post-24376","post","type-post","status-publish","format-image","hentry","category-aconteceu","post_format-post-format-image"],"_links":{"self":[{"href":"https:\/\/noticiasnoface.com.br\/index.php\/wp-json\/wp\/v2\/posts\/24376","targetHints":{"allow":["GET"]}}],"collection":[{"href":"https:\/\/noticiasnoface.com.br\/index.php\/wp-json\/wp\/v2\/posts"}],"about":[{"href":"https:\/\/noticiasnoface.com.br\/index.php\/wp-json\/wp\/v2\/types\/post"}],"author":[{"embeddable":true,"href":"https:\/\/noticiasnoface.com.br\/index.php\/wp-json\/wp\/v2\/users\/1"}],"replies":[{"embeddable":true,"href":"https:\/\/noticiasnoface.com.br\/index.php\/wp-json\/wp\/v2\/comments?post=24376"}],"version-history":[{"count":1,"href":"https:\/\/noticiasnoface.com.br\/index.php\/wp-json\/wp\/v2\/posts\/24376\/revisions"}],"predecessor-version":[{"id":24377,"href":"https:\/\/noticiasnoface.com.br\/index.php\/wp-json\/wp\/v2\/posts\/24376\/revisions\/24377"}],"wp:attachment":[{"href":"https:\/\/noticiasnoface.com.br\/index.php\/wp-json\/wp\/v2\/media?parent=24376"}],"wp:term":[{"taxonomy":"category","embeddable":true,"href":"https:\/\/noticiasnoface.com.br\/index.php\/wp-json\/wp\/v2\/categories?post=24376"},{"taxonomy":"post_tag","embeddable":true,"href":"https:\/\/noticiasnoface.com.br\/index.php\/wp-json\/wp\/v2\/tags?post=24376"}],"curies":[{"name":"wp","href":"https:\/\/api.w.org\/{rel}","templated":true}]}}