{"id":24385,"date":"2024-06-08T08:31:50","date_gmt":"2024-06-08T11:31:50","guid":{"rendered":"https:\/\/noticiasnoface.com.br\/?p=24385"},"modified":"2024-06-08T08:31:50","modified_gmt":"2024-06-08T11:31:50","slug":"sonia-recebe-alvaro-paulinho-e-joanna-em-grande-evento-na-zona-norte","status":"publish","type":"post","link":"https:\/\/noticiasnoface.com.br\/index.php\/2024\/06\/08\/sonia-recebe-alvaro-paulinho-e-joanna-em-grande-evento-na-zona-norte\/","title":{"rendered":"S\u00f4nia recebe \u00c1lvaro, Paulinho e Joanna em grande evento na Zona Norte"},"content":{"rendered":"\n<figure class=\"wp-block-image size-large\"><img data-opt-id=905527442  fetchpriority=\"high\" decoding=\"async\" width=\"400\" height=\"262\" src=\"https:\/\/mlbfrsat7ahr.i.optimole.com\/w:auto\/h:auto\/q:mauto\/ig:avif\/https:\/\/noticiasnoface.com.br\/wp-content\/uploads\/2024\/06\/img_6364-1.jpg\" class=\"wp-image-24384\" srcset=\"https:\/\/mlbfrsat7ahr.i.optimole.com\/w:400\/h:262\/q:mauto\/ig:avif\/https:\/\/noticiasnoface.com.br\/wp-content\/uploads\/2024\/06\/img_6364-1.jpg 400w, https:\/\/mlbfrsat7ahr.i.optimole.com\/w:300\/h:197\/q:mauto\/ig:avif\/https:\/\/noticiasnoface.com.br\/wp-content\/uploads\/2024\/06\/img_6364-1.jpg 300w\" sizes=\"(max-width: 400px) 100vw, 400px\" \/><figcaption class=\"wp-element-caption\"><br>Em um sal\u00e3o lotado de amigos, familiares e correligionarios, S\u00f4nia do Nova Natal lan\u00e7ou a sua pr\u00e9-candidatura \u00e0 vereadora de Natal nas elei\u00e7\u00f5es de 2024 pelo Podemos.<br><br><br>Nascida em Jo\u00e3o C\u00e2mara, no Mato Grande Potiguar, S\u00f4nia chegou no Conjunto Nova Natal no ano de 1982. De l\u00e1 pra c\u00e1, se envolveu na luta comunit\u00e1ria, presidiu o Conselho Comunit\u00e1rio por tr\u00eas mandatos. Em campanhas pol\u00edticas, participou de v\u00e1rios projetos exitosos e agora se v\u00ea em uma disputa eleitoral acirrada, mas que com o leque extenso de Servi\u00e7os prestados, S\u00f4nia e o seu grupo pol\u00edtico est\u00e3o determinados a conquistar uma vaga no Pal\u00e1cio Padre Miguelinho.&nbsp;<br><br><br><br><br>O grandioso evento contou com a presen\u00e7a do Prefeito \u00c1lvaro Dias, de quem S\u00f4nia \u00e9 aliada de primeira hora h\u00e1 mais de 30 anos e dos pr\u00e9-candidatos Paulinho Freire e Joanna Guerra, que disputar\u00e3o o pleito deste ano na condi\u00e7\u00e3o de prefeito e vice-prefeita respectivamente.&nbsp;<br><br><br>Durante sua fala, a pr\u00e9-candidata agradeceu a parceria com \u00c1lvaro e Paulinho, falou das obras que a gest\u00e3o vem realizando na Zona Norte e disse que a persegui\u00e7\u00e3o pela qual vem passando atrav\u00e9s do &#8220;fogo amigo&#8221; s\u00f3 impulsionam o seu projeto.<br><br><br>A festa da largada que reuniu quase 600 pessoas \u00e9 um sinal claro que o grupo liderado por S\u00f4nia est\u00e1 literalmente com &#8221; a faca nos dentes&#8221; para bater a parada.<\/figcaption><\/figure>\n","protected":false},"excerpt":{"rendered":"","protected":false},"author":1,"featured_media":0,"comment_status":"closed","ping_status":"open","sticky":false,"template":"","format":"image","meta":{"site-sidebar-layout":"default","site-content-layout":"","ast-site-content-layout":"default","site-content-style":"default","site-sidebar-style":"default","ast-global-header-display":"","ast-banner-title-visibility":"","ast-main-header-display":"","ast-hfb-above-header-display":"","ast-hfb-below-header-display":"","ast-hfb-mobile-header-display":"","site-post-title":"","ast-breadcrumbs-content":"","ast-featured-img":"","footer-sml-layout":"","ast-disable-related-posts":"","theme-transparent-header-meta":"","adv-header-id-meta":"","stick-header-meta":"","header-above-stick-meta":"","header-main-stick-meta":"","header-below-stick-meta":"","astra-migrate-meta-layouts":"default","ast-page-background-enabled":"default","ast-page-background-meta":{"desktop":{"background-color":"var(--ast-global-color-4)","background-image":"","background-repeat":"repeat","background-position":"center center","background-size":"auto","background-attachment":"scroll","background-type":"","background-media":"","overlay-type":"","overlay-color":"","overlay-opacity":"","overlay-gradient":""},"tablet":{"background-color":"","background-image":"","background-repeat":"repeat","background-position":"center center","background-size":"auto","background-attachment":"scroll","background-type":"","background-media":"","overlay-type":"","overlay-color":"","overlay-opacity":"","overlay-gradient":""},"mobile":{"background-color":"","background-image":"","background-repeat":"repeat","background-position":"center center","background-size":"auto","background-attachment":"scroll","background-type":"","background-media":"","overlay-type":"","overlay-color":"","overlay-opacity":"","overlay-gradient":""}},"ast-content-background-meta":{"desktop":{"background-color":"var(--ast-global-color-5)","background-image":"","background-repeat":"repeat","background-position":"center center","background-size":"auto","background-attachment":"scroll","background-type":"","background-media":"","overlay-type":"","overlay-color":"","overlay-opacity":"","overlay-gradient":""},"tablet":{"background-color":"var(--ast-global-color-5)","background-image":"","background-repeat":"repeat","background-position":"center center","background-size":"auto","background-attachment":"scroll","background-type":"","background-media":"","overlay-type":"","overlay-color":"","overlay-opacity":"","overlay-gradient":""},"mobile":{"background-color":"var(--ast-global-color-5)","background-image":"","background-repeat":"repeat","background-position":"center center","background-size":"auto","background-attachment":"scroll","background-type":"","background-media":"","overlay-type":"","overlay-color":"","overlay-opacity":"","overlay-gradient":""}},"footnotes":""},"categories":[517],"tags":[],"class_list":["post-24385","post","type-post","status-publish","format-image","hentry","category-aconteceu","post_format-post-format-image"],"_links":{"self":[{"href":"https:\/\/noticiasnoface.com.br\/index.php\/wp-json\/wp\/v2\/posts\/24385","targetHints":{"allow":["GET"]}}],"collection":[{"href":"https:\/\/noticiasnoface.com.br\/index.php\/wp-json\/wp\/v2\/posts"}],"about":[{"href":"https:\/\/noticiasnoface.com.br\/index.php\/wp-json\/wp\/v2\/types\/post"}],"author":[{"embeddable":true,"href":"https:\/\/noticiasnoface.com.br\/index.php\/wp-json\/wp\/v2\/users\/1"}],"replies":[{"embeddable":true,"href":"https:\/\/noticiasnoface.com.br\/index.php\/wp-json\/wp\/v2\/comments?post=24385"}],"version-history":[{"count":1,"href":"https:\/\/noticiasnoface.com.br\/index.php\/wp-json\/wp\/v2\/posts\/24385\/revisions"}],"predecessor-version":[{"id":24386,"href":"https:\/\/noticiasnoface.com.br\/index.php\/wp-json\/wp\/v2\/posts\/24385\/revisions\/24386"}],"wp:attachment":[{"href":"https:\/\/noticiasnoface.com.br\/index.php\/wp-json\/wp\/v2\/media?parent=24385"}],"wp:term":[{"taxonomy":"category","embeddable":true,"href":"https:\/\/noticiasnoface.com.br\/index.php\/wp-json\/wp\/v2\/categories?post=24385"},{"taxonomy":"post_tag","embeddable":true,"href":"https:\/\/noticiasnoface.com.br\/index.php\/wp-json\/wp\/v2\/tags?post=24385"}],"curies":[{"name":"wp","href":"https:\/\/api.w.org\/{rel}","templated":true}]}}