{"id":24391,"date":"2024-06-09T22:11:49","date_gmt":"2024-06-10T01:11:49","guid":{"rendered":"https:\/\/noticiasnoface.com.br\/?p=24391"},"modified":"2024-06-09T22:11:49","modified_gmt":"2024-06-10T01:11:49","slug":"morta-a-facadas-e-seios-arrancados-adolescente-e-vitima-de-idoso-que-conheceu-em-parada-de-onibus","status":"publish","type":"post","link":"https:\/\/noticiasnoface.com.br\/index.php\/2024\/06\/09\/morta-a-facadas-e-seios-arrancados-adolescente-e-vitima-de-idoso-que-conheceu-em-parada-de-onibus\/","title":{"rendered":"Morta a facadas e seios arrancados: adolescente \u00e9 v\u00edtima de idoso que conheceu em parada de \u00f4nibus"},"content":{"rendered":"\n<figure class=\"wp-block-image size-large\"><img data-opt-id=1612255167  fetchpriority=\"high\" decoding=\"async\" width=\"800\" height=\"450\" src=\"https:\/\/mlbfrsat7ahr.i.optimole.com\/w:auto\/h:auto\/q:mauto\/ig:avif\/https:\/\/noticiasnoface.com.br\/wp-content\/uploads\/2024\/06\/img_6412-1.jpg\" class=\"wp-image-24390\" srcset=\"https:\/\/mlbfrsat7ahr.i.optimole.com\/w:800\/h:450\/q:mauto\/ig:avif\/https:\/\/noticiasnoface.com.br\/wp-content\/uploads\/2024\/06\/img_6412-1.jpg 800w, https:\/\/mlbfrsat7ahr.i.optimole.com\/w:300\/h:169\/q:mauto\/ig:avif\/https:\/\/noticiasnoface.com.br\/wp-content\/uploads\/2024\/06\/img_6412-1.jpg 300w, https:\/\/mlbfrsat7ahr.i.optimole.com\/w:768\/h:432\/q:mauto\/ig:avif\/https:\/\/noticiasnoface.com.br\/wp-content\/uploads\/2024\/06\/img_6412-1.jpg 768w\" sizes=\"(max-width: 800px) 100vw, 800px\" \/><\/figure>\n\n\n\n<!--more-->\n\n\n\n<p>Anna Carolina Silva, de 15 anos, estava desaparecida havia 10 dias, at\u00e9 que seu corpo foi encontrado na \u00faltima quinta-feira (6) em uma cisterna, no quintal da casa de um idoso de 65 anos, em Planaltina de Goi\u00e1s, no Entorno do&nbsp;<a href=\"https:\/\/www.bnews.com.br\/tags\/distrito-federal\" rel=\"noreferrer noopener\" target=\"_blank\">Distrito Federal<\/a>. A v\u00edtima foi ferida por golpes de faca e teve os seios arrancados.<\/p>\n\n\n\n<p>De acordo com a pol\u00edcia, o suspeito de ter matado a adolescente \u00e9 um idoso dono do im\u00f3vel onde o cad\u00e1ver foi localizado. Ele mantinha um relacionamento com a adolescente. Pessoas pr\u00f3ximas afirmam que o namoro foi movido por interesse financeiro da parte da v\u00edtima.&nbsp;<\/p>\n\n\n\n<p>Ap\u00f3s o corpo de Anna ter sido encontrado, o idoso foi levado a uma delegacia, onde foi confrontado pelos investigadores com provas de que ele seria o autor do crime. Colocado contra a parede, o suspeito confessou que assassinou a adolescente.<\/p>\n\n\n\n<p><strong>Vers\u00e3o<\/strong><\/p>\n\n\n\n<p>O idoso teria dito em depoimento que conheceu a v\u00edtima em uma parada de \u00f4nibus ap\u00f3s ser abordado por ela. Relatou ainda que Anna pediu para guardar seus pertences na casa dele, e que aceitou mediante a condi\u00e7\u00e3o de manter rela\u00e7\u00f5es sexuais com a adolescente.<\/p>\n\n\n\n<p>O delegado respons\u00e1vel pelo caso disse, em entrevista ao Correio Brasiliense, que o idoso afirmou que a v\u00edtima n\u00e3o dormia em sua casa, mas que ia durante o dia fazer comida para ele. O suspeito tamb\u00e9m afirmou que desembolsava quantias para Anna.&nbsp;<\/p>\n\n\n\n<p>A rela\u00e7\u00e3o entre a adolescente e o idoso foi descoberta pela mulher dele, que exigiu que a v\u00edtima deixasse de frequentar o im\u00f3vel. Segundo a vers\u00e3o do suspeito, a v\u00edtima reagiu mal e passou a amea\u00e7\u00e1-lo de morte, inclusive a afirmar que entregaria o namorado a traficantes da regi\u00e3o.&nbsp;<\/p>\n\n\n\n<p>Em 31 de maio, enquanto a adolescente estava supostamente sob o efeito de drogas, o idoso desferiu um golpe de faca no pesco\u00e7o dela. Ele ainda a golpeou no t\u00f3rax, nas pernas e retirou as mamas. Para se livrar do corpo, o suspeito o jogou na cisterna e comprou materiais de constru\u00e7\u00e3o para tapar o v\u00e3o.&nbsp;<\/p>\n\n\n\n<p>A Pol\u00edcia do DF diz que idoso vai responder por homic\u00eddio qualificado, oculta\u00e7\u00e3o de cad\u00e1ver, com possibilidade de ser processado por explora\u00e7\u00e3o sexual, j\u00e1 que a v\u00edtima tinha apenas 15 anos.&nbsp;<\/p>\n","protected":false},"excerpt":{"rendered":"","protected":false},"author":1,"featured_media":0,"comment_status":"closed","ping_status":"open","sticky":false,"template":"","format":"image","meta":{"site-sidebar-layout":"default","site-content-layout":"","ast-site-content-layout":"default","site-content-style":"default","site-sidebar-style":"default","ast-global-header-display":"","ast-banner-title-visibility":"","ast-main-header-display":"","ast-hfb-above-header-display":"","ast-hfb-below-header-display":"","ast-hfb-mobile-header-display":"","site-post-title":"","ast-breadcrumbs-content":"","ast-featured-img":"","footer-sml-layout":"","ast-disable-related-posts":"","theme-transparent-header-meta":"","adv-header-id-meta":"","stick-header-meta":"","header-above-stick-meta":"","header-main-stick-meta":"","header-below-stick-meta":"","astra-migrate-meta-layouts":"default","ast-page-background-enabled":"default","ast-page-background-meta":{"desktop":{"background-color":"var(--ast-global-color-4)","background-image":"","background-repeat":"repeat","background-position":"center center","background-size":"auto","background-attachment":"scroll","background-type":"","background-media":"","overlay-type":"","overlay-color":"","overlay-opacity":"","overlay-gradient":""},"tablet":{"background-color":"","background-image":"","background-repeat":"repeat","background-position":"center center","background-size":"auto","background-attachment":"scroll","background-type":"","background-media":"","overlay-type":"","overlay-color":"","overlay-opacity":"","overlay-gradient":""},"mobile":{"background-color":"","background-image":"","background-repeat":"repeat","background-position":"center center","background-size":"auto","background-attachment":"scroll","background-type":"","background-media":"","overlay-type":"","overlay-color":"","overlay-opacity":"","overlay-gradient":""}},"ast-content-background-meta":{"desktop":{"background-color":"var(--ast-global-color-5)","background-image":"","background-repeat":"repeat","background-position":"center center","background-size":"auto","background-attachment":"scroll","background-type":"","background-media":"","overlay-type":"","overlay-color":"","overlay-opacity":"","overlay-gradient":""},"tablet":{"background-color":"var(--ast-global-color-5)","background-image":"","background-repeat":"repeat","background-position":"center center","background-size":"auto","background-attachment":"scroll","background-type":"","background-media":"","overlay-type":"","overlay-color":"","overlay-opacity":"","overlay-gradient":""},"mobile":{"background-color":"var(--ast-global-color-5)","background-image":"","background-repeat":"repeat","background-position":"center center","background-size":"auto","background-attachment":"scroll","background-type":"","background-media":"","overlay-type":"","overlay-color":"","overlay-opacity":"","overlay-gradient":""}},"footnotes":""},"categories":[517],"tags":[],"class_list":["post-24391","post","type-post","status-publish","format-image","hentry","category-aconteceu","post_format-post-format-image"],"_links":{"self":[{"href":"https:\/\/noticiasnoface.com.br\/index.php\/wp-json\/wp\/v2\/posts\/24391","targetHints":{"allow":["GET"]}}],"collection":[{"href":"https:\/\/noticiasnoface.com.br\/index.php\/wp-json\/wp\/v2\/posts"}],"about":[{"href":"https:\/\/noticiasnoface.com.br\/index.php\/wp-json\/wp\/v2\/types\/post"}],"author":[{"embeddable":true,"href":"https:\/\/noticiasnoface.com.br\/index.php\/wp-json\/wp\/v2\/users\/1"}],"replies":[{"embeddable":true,"href":"https:\/\/noticiasnoface.com.br\/index.php\/wp-json\/wp\/v2\/comments?post=24391"}],"version-history":[{"count":1,"href":"https:\/\/noticiasnoface.com.br\/index.php\/wp-json\/wp\/v2\/posts\/24391\/revisions"}],"predecessor-version":[{"id":24392,"href":"https:\/\/noticiasnoface.com.br\/index.php\/wp-json\/wp\/v2\/posts\/24391\/revisions\/24392"}],"wp:attachment":[{"href":"https:\/\/noticiasnoface.com.br\/index.php\/wp-json\/wp\/v2\/media?parent=24391"}],"wp:term":[{"taxonomy":"category","embeddable":true,"href":"https:\/\/noticiasnoface.com.br\/index.php\/wp-json\/wp\/v2\/categories?post=24391"},{"taxonomy":"post_tag","embeddable":true,"href":"https:\/\/noticiasnoface.com.br\/index.php\/wp-json\/wp\/v2\/tags?post=24391"}],"curies":[{"name":"wp","href":"https:\/\/api.w.org\/{rel}","templated":true}]}}