{"id":24423,"date":"2024-06-11T08:19:51","date_gmt":"2024-06-11T11:19:51","guid":{"rendered":"https:\/\/noticiasnoface.com.br\/?p=24423"},"modified":"2024-06-11T08:19:51","modified_gmt":"2024-06-11T11:19:51","slug":"pesquisa-consult-98fm-pre-candidatura-de-paulinho-mantem-crescimento-e-se-aproxima-dos-20","status":"publish","type":"post","link":"https:\/\/noticiasnoface.com.br\/index.php\/2024\/06\/11\/pesquisa-consult-98fm-pre-candidatura-de-paulinho-mantem-crescimento-e-se-aproxima-dos-20\/","title":{"rendered":"PESQUISA CONSULT\/98FM: pr\u00e9-candidatura de Paulinho mant\u00e9m crescimento e se aproxima dos 20%"},"content":{"rendered":"\n<figure class=\"wp-block-image size-large\"><img data-opt-id=534097134  fetchpriority=\"high\" decoding=\"async\" width=\"784\" height=\"282\" src=\"https:\/\/mlbfrsat7ahr.i.optimole.com\/w:auto\/h:auto\/q:mauto\/ig:avif\/https:\/\/noticiasnoface.com.br\/wp-content\/uploads\/2024\/06\/898b5c68-baed-4e53-8dd9-7f6d80e50a57-1.jpg\" class=\"wp-image-24422\" srcset=\"https:\/\/mlbfrsat7ahr.i.optimole.com\/w:784\/h:282\/q:mauto\/ig:avif\/https:\/\/noticiasnoface.com.br\/wp-content\/uploads\/2024\/06\/898b5c68-baed-4e53-8dd9-7f6d80e50a57-1.jpg 784w, https:\/\/mlbfrsat7ahr.i.optimole.com\/w:300\/h:108\/q:mauto\/ig:avif\/https:\/\/noticiasnoface.com.br\/wp-content\/uploads\/2024\/06\/898b5c68-baed-4e53-8dd9-7f6d80e50a57-1.jpg 300w, https:\/\/mlbfrsat7ahr.i.optimole.com\/w:768\/h:276\/q:mauto\/ig:avif\/https:\/\/noticiasnoface.com.br\/wp-content\/uploads\/2024\/06\/898b5c68-baed-4e53-8dd9-7f6d80e50a57-1.jpg 768w\" sizes=\"(max-width: 784px) 100vw, 784px\" \/><figcaption class=\"wp-element-caption\"><em>PESQUISA CONSULT\/98FM: pr\u00e9-candidatura de Paulinho mant\u00e9m crescimento e se aproxima dos 20%<\/em><br>Mais uma pesquisa registra o crescimento da pr\u00e9-candidatura do deputado Paulinho Freire (Uni\u00e3o Brasil) a prefeito de Natal. O levantamento feito pelo Instituto Consult e divulgado pela 98FM nesta segunda-feira (10), mostra Paulinho consolidado em segundo lugar, com 18%.<br>Para Paulinho &#8220;os n\u00fameros refletem a popularidade, aceita\u00e7\u00e3o e confian\u00e7a dos natalenses. Estamos recebendo diariamente mensagens de apoio e incentivo nas redes sociais e durante os compromissos de agenda&#8221;, comentou.<br>A pesquisa Consult\/98fm entrevistou 1.000 eleitores entre os dias 29 de maio a 1\u00ba de junho, e est\u00e1 registrada na Justi\u00e7a Eleitoral com o n\u00famero o RN-04182\/2024. A margem de erro \u00e9 de 3,1 pontos percentuais, para mais ou menos, com intervalo de confian\u00e7a de 95%.<\/figcaption><\/figure>\n\n\n\n<p><\/p>\n","protected":false},"excerpt":{"rendered":"","protected":false},"author":1,"featured_media":0,"comment_status":"closed","ping_status":"open","sticky":false,"template":"","format":"image","meta":{"site-sidebar-layout":"default","site-content-layout":"","ast-site-content-layout":"default","site-content-style":"default","site-sidebar-style":"default","ast-global-header-display":"","ast-banner-title-visibility":"","ast-main-header-display":"","ast-hfb-above-header-display":"","ast-hfb-below-header-display":"","ast-hfb-mobile-header-display":"","site-post-title":"","ast-breadcrumbs-content":"","ast-featured-img":"","footer-sml-layout":"","ast-disable-related-posts":"","theme-transparent-header-meta":"","adv-header-id-meta":"","stick-header-meta":"","header-above-stick-meta":"","header-main-stick-meta":"","header-below-stick-meta":"","astra-migrate-meta-layouts":"default","ast-page-background-enabled":"default","ast-page-background-meta":{"desktop":{"background-color":"var(--ast-global-color-4)","background-image":"","background-repeat":"repeat","background-position":"center center","background-size":"auto","background-attachment":"scroll","background-type":"","background-media":"","overlay-type":"","overlay-color":"","overlay-opacity":"","overlay-gradient":""},"tablet":{"background-color":"","background-image":"","background-repeat":"repeat","background-position":"center center","background-size":"auto","background-attachment":"scroll","background-type":"","background-media":"","overlay-type":"","overlay-color":"","overlay-opacity":"","overlay-gradient":""},"mobile":{"background-color":"","background-image":"","background-repeat":"repeat","background-position":"center center","background-size":"auto","background-attachment":"scroll","background-type":"","background-media":"","overlay-type":"","overlay-color":"","overlay-opacity":"","overlay-gradient":""}},"ast-content-background-meta":{"desktop":{"background-color":"var(--ast-global-color-5)","background-image":"","background-repeat":"repeat","background-position":"center center","background-size":"auto","background-attachment":"scroll","background-type":"","background-media":"","overlay-type":"","overlay-color":"","overlay-opacity":"","overlay-gradient":""},"tablet":{"background-color":"var(--ast-global-color-5)","background-image":"","background-repeat":"repeat","background-position":"center center","background-size":"auto","background-attachment":"scroll","background-type":"","background-media":"","overlay-type":"","overlay-color":"","overlay-opacity":"","overlay-gradient":""},"mobile":{"background-color":"var(--ast-global-color-5)","background-image":"","background-repeat":"repeat","background-position":"center center","background-size":"auto","background-attachment":"scroll","background-type":"","background-media":"","overlay-type":"","overlay-color":"","overlay-opacity":"","overlay-gradient":""}},"footnotes":""},"categories":[517],"tags":[317,22,1287,528],"class_list":["post-24423","post","type-post","status-publish","format-image","hentry","category-aconteceu","tag-eleicoes","tag-noticias-no-face","tag-paulinho-freire","tag-pesquisa","post_format-post-format-image"],"_links":{"self":[{"href":"https:\/\/noticiasnoface.com.br\/index.php\/wp-json\/wp\/v2\/posts\/24423","targetHints":{"allow":["GET"]}}],"collection":[{"href":"https:\/\/noticiasnoface.com.br\/index.php\/wp-json\/wp\/v2\/posts"}],"about":[{"href":"https:\/\/noticiasnoface.com.br\/index.php\/wp-json\/wp\/v2\/types\/post"}],"author":[{"embeddable":true,"href":"https:\/\/noticiasnoface.com.br\/index.php\/wp-json\/wp\/v2\/users\/1"}],"replies":[{"embeddable":true,"href":"https:\/\/noticiasnoface.com.br\/index.php\/wp-json\/wp\/v2\/comments?post=24423"}],"version-history":[{"count":1,"href":"https:\/\/noticiasnoface.com.br\/index.php\/wp-json\/wp\/v2\/posts\/24423\/revisions"}],"predecessor-version":[{"id":24424,"href":"https:\/\/noticiasnoface.com.br\/index.php\/wp-json\/wp\/v2\/posts\/24423\/revisions\/24424"}],"wp:attachment":[{"href":"https:\/\/noticiasnoface.com.br\/index.php\/wp-json\/wp\/v2\/media?parent=24423"}],"wp:term":[{"taxonomy":"category","embeddable":true,"href":"https:\/\/noticiasnoface.com.br\/index.php\/wp-json\/wp\/v2\/categories?post=24423"},{"taxonomy":"post_tag","embeddable":true,"href":"https:\/\/noticiasnoface.com.br\/index.php\/wp-json\/wp\/v2\/tags?post=24423"}],"curies":[{"name":"wp","href":"https:\/\/api.w.org\/{rel}","templated":true}]}}