{"id":24439,"date":"2024-06-11T21:19:11","date_gmt":"2024-06-12T00:19:11","guid":{"rendered":"https:\/\/noticiasnoface.com.br\/?p=24439"},"modified":"2024-06-11T21:19:11","modified_gmt":"2024-06-12T00:19:11","slug":"papa-francisco-volta-a-dizer-que-tem-muita-viadagem-na-igreja-catolica-diz-imprensa","status":"publish","type":"post","link":"https:\/\/noticiasnoface.com.br\/index.php\/2024\/06\/11\/papa-francisco-volta-a-dizer-que-tem-muita-viadagem-na-igreja-catolica-diz-imprensa\/","title":{"rendered":"Papa Francisco volta a dizer que tem muita \u201cViadagem\u201d na igreja cat\u00f3lica, diz imprensa"},"content":{"rendered":"\n<figure class=\"wp-block-image size-large\"><img data-opt-id=1296565636  fetchpriority=\"high\" decoding=\"async\" width=\"250\" height=\"332\" src=\"https:\/\/mlbfrsat7ahr.i.optimole.com\/w:auto\/h:auto\/q:mauto\/ig:avif\/https:\/\/noticiasnoface.com.br\/wp-content\/uploads\/2024\/06\/img_6550-2-1.jpg\" class=\"wp-image-24438\" srcset=\"https:\/\/mlbfrsat7ahr.i.optimole.com\/w:250\/h:332\/q:mauto\/ig:avif\/https:\/\/noticiasnoface.com.br\/wp-content\/uploads\/2024\/06\/img_6550-2-1.jpg 250w, https:\/\/mlbfrsat7ahr.i.optimole.com\/w:226\/h:300\/q:mauto\/ig:avif\/https:\/\/noticiasnoface.com.br\/wp-content\/uploads\/2024\/06\/img_6550-2-1.jpg 226w\" sizes=\"(max-width: 250px) 100vw, 250px\" \/><\/figure>\n\n\n\n<!--more-->\n\n\n\n<p>O papa Francisco voltou a causar controv\u00e9rsia ao usar novamente o termo \u201cviadagem\u201d (\u201cfrociaggine\u201d, em italiano) em um encontro com padres de Roma, informou a ag\u00eancia de not\u00edcias italiana Ansa nesta ter\u00e7a-feira (11). A declara\u00e7\u00e3o ocorreu poucas semanas ap\u00f3s o pont\u00edfice ter se desculpado por usar a mesma palavra em uma reuni\u00e3o fechada com bispos italianos.<\/p>\n\n\n\n<p>Durante a conversa, Francisco teria dito que \u201cexiste um ar de viadagem no Vaticano\u201d e reiterou que homens com \u201ctend\u00eancias homossexuais\u201d n\u00e3o deveriam ser admitidos em semin\u00e1rios ou ordenados sacerdotes.<\/p>\n\n\n\n<p>O Vaticano, em nota, afirmou que o papa refor\u00e7ou a necessidade de acolher pessoas LGBTQIA+ na Igreja Cat\u00f3lica, mas destacou a import\u00e2ncia de cautela para que elas n\u00e3o ingressem em semin\u00e1rios.<\/p>\n\n\n\n<p>No \u00faltimo dia 27, a imprensa italiana revelou que, em uma reuni\u00e3o realizada em 20 de maio, o papa Francisco disse que os semin\u00e1rios est\u00e3o \u201ccheios de viadagem\u201d e que homens gays n\u00e3o devem ser autorizados a se tornar padres.<\/p>\n","protected":false},"excerpt":{"rendered":"","protected":false},"author":1,"featured_media":0,"comment_status":"closed","ping_status":"open","sticky":false,"template":"","format":"image","meta":{"site-sidebar-layout":"default","site-content-layout":"","ast-site-content-layout":"default","site-content-style":"default","site-sidebar-style":"default","ast-global-header-display":"","ast-banner-title-visibility":"","ast-main-header-display":"","ast-hfb-above-header-display":"","ast-hfb-below-header-display":"","ast-hfb-mobile-header-display":"","site-post-title":"","ast-breadcrumbs-content":"","ast-featured-img":"","footer-sml-layout":"","ast-disable-related-posts":"","theme-transparent-header-meta":"","adv-header-id-meta":"","stick-header-meta":"","header-above-stick-meta":"","header-main-stick-meta":"","header-below-stick-meta":"","astra-migrate-meta-layouts":"default","ast-page-background-enabled":"default","ast-page-background-meta":{"desktop":{"background-color":"var(--ast-global-color-4)","background-image":"","background-repeat":"repeat","background-position":"center center","background-size":"auto","background-attachment":"scroll","background-type":"","background-media":"","overlay-type":"","overlay-color":"","overlay-opacity":"","overlay-gradient":""},"tablet":{"background-color":"","background-image":"","background-repeat":"repeat","background-position":"center center","background-size":"auto","background-attachment":"scroll","background-type":"","background-media":"","overlay-type":"","overlay-color":"","overlay-opacity":"","overlay-gradient":""},"mobile":{"background-color":"","background-image":"","background-repeat":"repeat","background-position":"center center","background-size":"auto","background-attachment":"scroll","background-type":"","background-media":"","overlay-type":"","overlay-color":"","overlay-opacity":"","overlay-gradient":""}},"ast-content-background-meta":{"desktop":{"background-color":"var(--ast-global-color-5)","background-image":"","background-repeat":"repeat","background-position":"center center","background-size":"auto","background-attachment":"scroll","background-type":"","background-media":"","overlay-type":"","overlay-color":"","overlay-opacity":"","overlay-gradient":""},"tablet":{"background-color":"var(--ast-global-color-5)","background-image":"","background-repeat":"repeat","background-position":"center center","background-size":"auto","background-attachment":"scroll","background-type":"","background-media":"","overlay-type":"","overlay-color":"","overlay-opacity":"","overlay-gradient":""},"mobile":{"background-color":"var(--ast-global-color-5)","background-image":"","background-repeat":"repeat","background-position":"center center","background-size":"auto","background-attachment":"scroll","background-type":"","background-media":"","overlay-type":"","overlay-color":"","overlay-opacity":"","overlay-gradient":""}},"footnotes":""},"categories":[154],"tags":[1228,1412,22,1425,3807],"class_list":["post-24439","post","type-post","status-publish","format-image","hentry","category-comportamento","tag-igreja-catolica","tag-lgbt-qi","tag-noticias-no-face","tag-papa-francisco","tag-viadagem","post_format-post-format-image"],"_links":{"self":[{"href":"https:\/\/noticiasnoface.com.br\/index.php\/wp-json\/wp\/v2\/posts\/24439","targetHints":{"allow":["GET"]}}],"collection":[{"href":"https:\/\/noticiasnoface.com.br\/index.php\/wp-json\/wp\/v2\/posts"}],"about":[{"href":"https:\/\/noticiasnoface.com.br\/index.php\/wp-json\/wp\/v2\/types\/post"}],"author":[{"embeddable":true,"href":"https:\/\/noticiasnoface.com.br\/index.php\/wp-json\/wp\/v2\/users\/1"}],"replies":[{"embeddable":true,"href":"https:\/\/noticiasnoface.com.br\/index.php\/wp-json\/wp\/v2\/comments?post=24439"}],"version-history":[{"count":1,"href":"https:\/\/noticiasnoface.com.br\/index.php\/wp-json\/wp\/v2\/posts\/24439\/revisions"}],"predecessor-version":[{"id":24440,"href":"https:\/\/noticiasnoface.com.br\/index.php\/wp-json\/wp\/v2\/posts\/24439\/revisions\/24440"}],"wp:attachment":[{"href":"https:\/\/noticiasnoface.com.br\/index.php\/wp-json\/wp\/v2\/media?parent=24439"}],"wp:term":[{"taxonomy":"category","embeddable":true,"href":"https:\/\/noticiasnoface.com.br\/index.php\/wp-json\/wp\/v2\/categories?post=24439"},{"taxonomy":"post_tag","embeddable":true,"href":"https:\/\/noticiasnoface.com.br\/index.php\/wp-json\/wp\/v2\/tags?post=24439"}],"curies":[{"name":"wp","href":"https:\/\/api.w.org\/{rel}","templated":true}]}}