{"id":24447,"date":"2024-06-12T04:19:15","date_gmt":"2024-06-12T07:19:15","guid":{"rendered":"https:\/\/noticiasnoface.com.br\/?p=24447"},"modified":"2024-06-12T04:19:15","modified_gmt":"2024-06-12T07:19:15","slug":"ministro-do-tse-anula-segunda-condenacao-de-bolsonaro-e-braga-neto","status":"publish","type":"post","link":"https:\/\/noticiasnoface.com.br\/index.php\/2024\/06\/12\/ministro-do-tse-anula-segunda-condenacao-de-bolsonaro-e-braga-neto\/","title":{"rendered":"Ministro do TSE anula segunda condena\u00e7\u00e3o de Bolsonaro e Braga Neto"},"content":{"rendered":"\n<figure class=\"wp-block-image size-large\"><img data-opt-id=1401978340  fetchpriority=\"high\" decoding=\"async\" width=\"640\" height=\"448\" src=\"https:\/\/mlbfrsat7ahr.i.optimole.com\/w:auto\/h:auto\/q:mauto\/ig:avif\/https:\/\/noticiasnoface.com.br\/wp-content\/uploads\/2024\/06\/img_6573-1.jpg\" class=\"wp-image-24446\" srcset=\"https:\/\/mlbfrsat7ahr.i.optimole.com\/w:640\/h:448\/q:mauto\/ig:avif\/https:\/\/noticiasnoface.com.br\/wp-content\/uploads\/2024\/06\/img_6573-1.jpg 640w, https:\/\/mlbfrsat7ahr.i.optimole.com\/w:300\/h:210\/q:mauto\/ig:avif\/https:\/\/noticiasnoface.com.br\/wp-content\/uploads\/2024\/06\/img_6573-1.jpg 300w\" sizes=\"(max-width: 640px) 100vw, 640px\" \/><\/figure>\n\n\n\n<!--more-->\n\n\n\n<p>O ministro Raul Ara\u00fajo, do Tribunal Superior Eleitoral (TSE), aceitou um recurso da defesa do ex-presidente da Rep\u00fablica Jair Messias Bolsonaro (PL) e Walter Braga Netto (PL), e anulou uma decis\u00e3o que condenou os dois por abuso durante as comemora\u00e7\u00f5es do 7 de Setembro de 2022. Apesar disso, a primeira condena\u00e7\u00e3o do TSE, que determinou a inelegibilidade de Bolsonaro e Braga Netto por 5 votos a 2 em outubro passado, segue v\u00e1lida. A informa\u00e7\u00e3o \u00e9 de uma mat\u00e9ria do Metr\u00f3poles.<\/p>\n\n\n\n<p>O Metr\u00f3poles aponta que em novembro do ano passado, o ministro Benedito Gon\u00e7alves condenou, em decis\u00e3o individual, o ex-presidente junto de seu ex-ministro a oito anos de inelegibilidade por suas condutas durante as cerim\u00f4nias do Bicenten\u00e1rio da Independ\u00eancia de 2022. A a\u00e7\u00e3o foi movida pela Coliga\u00e7\u00e3o Brasil da Esperan\u00e7a, do presidente Luiz In\u00e1cio Lula da Silva (PT).<\/p>\n\n\n\n<p>Ainda segundo o Metr\u00f3poles, anteriormente, o plen\u00e1rio do TSE j\u00e1 havia condenado a dupla a oito anos de inelegibilidade por abuso de poder pol\u00edtico e econ\u00f4mico em tr\u00eas a\u00e7\u00f5es conjuntas que tamb\u00e9m questionavam os atos de Bolsonaro e Braga Netto no 7 de Setembro. Na \u00e9poca, Benedito usou a mesma conclus\u00e3o da primeira condena\u00e7\u00e3o no julgamento do segundo processo, que envolve outras 15 pessoas e condenou os dois pelos mesmo fatos.<\/p>\n\n\n\n<p>De acordo com Raul Ara\u00fajo, a decis\u00e3o de Benedito Gon\u00e7alves de realizar o julgamento antecipadamente n\u00e3o foi \u201ccorreta\u201d, e decidiu extinguir a a\u00e7\u00e3o de forma parcial por n\u00e3o julgar correto e contra o princ\u00edpio da ampla defesa uma decis\u00e3o com base em fatos apreciados em casos relacionados, acrescenta o Metr\u00f3poles<\/p>\n","protected":false},"excerpt":{"rendered":"","protected":false},"author":1,"featured_media":0,"comment_status":"closed","ping_status":"open","sticky":false,"template":"","format":"image","meta":{"site-sidebar-layout":"default","site-content-layout":"","ast-site-content-layout":"default","site-content-style":"default","site-sidebar-style":"default","ast-global-header-display":"","ast-banner-title-visibility":"","ast-main-header-display":"","ast-hfb-above-header-display":"","ast-hfb-below-header-display":"","ast-hfb-mobile-header-display":"","site-post-title":"","ast-breadcrumbs-content":"","ast-featured-img":"","footer-sml-layout":"","ast-disable-related-posts":"","theme-transparent-header-meta":"","adv-header-id-meta":"","stick-header-meta":"","header-above-stick-meta":"","header-main-stick-meta":"","header-below-stick-meta":"","astra-migrate-meta-layouts":"default","ast-page-background-enabled":"default","ast-page-background-meta":{"desktop":{"background-color":"var(--ast-global-color-4)","background-image":"","background-repeat":"repeat","background-position":"center center","background-size":"auto","background-attachment":"scroll","background-type":"","background-media":"","overlay-type":"","overlay-color":"","overlay-opacity":"","overlay-gradient":""},"tablet":{"background-color":"","background-image":"","background-repeat":"repeat","background-position":"center center","background-size":"auto","background-attachment":"scroll","background-type":"","background-media":"","overlay-type":"","overlay-color":"","overlay-opacity":"","overlay-gradient":""},"mobile":{"background-color":"","background-image":"","background-repeat":"repeat","background-position":"center center","background-size":"auto","background-attachment":"scroll","background-type":"","background-media":"","overlay-type":"","overlay-color":"","overlay-opacity":"","overlay-gradient":""}},"ast-content-background-meta":{"desktop":{"background-color":"var(--ast-global-color-5)","background-image":"","background-repeat":"repeat","background-position":"center center","background-size":"auto","background-attachment":"scroll","background-type":"","background-media":"","overlay-type":"","overlay-color":"","overlay-opacity":"","overlay-gradient":""},"tablet":{"background-color":"var(--ast-global-color-5)","background-image":"","background-repeat":"repeat","background-position":"center center","background-size":"auto","background-attachment":"scroll","background-type":"","background-media":"","overlay-type":"","overlay-color":"","overlay-opacity":"","overlay-gradient":""},"mobile":{"background-color":"var(--ast-global-color-5)","background-image":"","background-repeat":"repeat","background-position":"center center","background-size":"auto","background-attachment":"scroll","background-type":"","background-media":"","overlay-type":"","overlay-color":"","overlay-opacity":"","overlay-gradient":""}},"footnotes":""},"categories":[517],"tags":[3810,8,3808,3809,22],"class_list":["post-24447","post","type-post","status-publish","format-image","hentry","category-aconteceu","tag-absolvido","tag-bolsonaro","tag-braga-neto","tag-ministro-tse","tag-noticias-no-face","post_format-post-format-image"],"_links":{"self":[{"href":"https:\/\/noticiasnoface.com.br\/index.php\/wp-json\/wp\/v2\/posts\/24447","targetHints":{"allow":["GET"]}}],"collection":[{"href":"https:\/\/noticiasnoface.com.br\/index.php\/wp-json\/wp\/v2\/posts"}],"about":[{"href":"https:\/\/noticiasnoface.com.br\/index.php\/wp-json\/wp\/v2\/types\/post"}],"author":[{"embeddable":true,"href":"https:\/\/noticiasnoface.com.br\/index.php\/wp-json\/wp\/v2\/users\/1"}],"replies":[{"embeddable":true,"href":"https:\/\/noticiasnoface.com.br\/index.php\/wp-json\/wp\/v2\/comments?post=24447"}],"version-history":[{"count":1,"href":"https:\/\/noticiasnoface.com.br\/index.php\/wp-json\/wp\/v2\/posts\/24447\/revisions"}],"predecessor-version":[{"id":24448,"href":"https:\/\/noticiasnoface.com.br\/index.php\/wp-json\/wp\/v2\/posts\/24447\/revisions\/24448"}],"wp:attachment":[{"href":"https:\/\/noticiasnoface.com.br\/index.php\/wp-json\/wp\/v2\/media?parent=24447"}],"wp:term":[{"taxonomy":"category","embeddable":true,"href":"https:\/\/noticiasnoface.com.br\/index.php\/wp-json\/wp\/v2\/categories?post=24447"},{"taxonomy":"post_tag","embeddable":true,"href":"https:\/\/noticiasnoface.com.br\/index.php\/wp-json\/wp\/v2\/tags?post=24447"}],"curies":[{"name":"wp","href":"https:\/\/api.w.org\/{rel}","templated":true}]}}