{"id":24458,"date":"2024-06-12T10:39:45","date_gmt":"2024-06-12T13:39:45","guid":{"rendered":"https:\/\/noticiasnoface.com.br\/?p=24458"},"modified":"2024-06-12T10:39:45","modified_gmt":"2024-06-12T13:39:45","slug":"presidente-do-solidariedade-e-alvo-da-pf-acusado-de-desviar-36-milhoes","status":"publish","type":"post","link":"https:\/\/noticiasnoface.com.br\/index.php\/2024\/06\/12\/presidente-do-solidariedade-e-alvo-da-pf-acusado-de-desviar-36-milhoes\/","title":{"rendered":"Presidente do Solidariedade \u00e9 alvo da PF acusado de desviar 36 milh\u00f5es"},"content":{"rendered":"\n<figure class=\"wp-block-image size-large\"><img data-opt-id=1427607529  fetchpriority=\"high\" decoding=\"async\" width=\"818\" height=\"1024\" src=\"https:\/\/mlbfrsat7ahr.i.optimole.com\/w:818\/h:1024\/q:mauto\/ig:avif\/https:\/\/noticiasnoface.com.br\/wp-content\/uploads\/2024\/06\/photo-output-1.png\" class=\"wp-image-24457\" srcset=\"https:\/\/mlbfrsat7ahr.i.optimole.com\/w:818\/h:1024\/q:mauto\/ig:avif\/https:\/\/noticiasnoface.com.br\/wp-content\/uploads\/2024\/06\/photo-output-1.png 818w, https:\/\/mlbfrsat7ahr.i.optimole.com\/w:240\/h:300\/q:mauto\/ig:avif\/https:\/\/noticiasnoface.com.br\/wp-content\/uploads\/2024\/06\/photo-output-1.png 240w, https:\/\/mlbfrsat7ahr.i.optimole.com\/w:768\/h:961\/q:mauto\/ig:avif\/https:\/\/noticiasnoface.com.br\/wp-content\/uploads\/2024\/06\/photo-output-1.png 768w, https:\/\/mlbfrsat7ahr.i.optimole.com\/w:862\/h:1080\/q:mauto\/ig:avif\/https:\/\/noticiasnoface.com.br\/wp-content\/uploads\/2024\/06\/photo-output-1.png 1227w, https:\/\/mlbfrsat7ahr.i.optimole.com\/w:862\/h:1080\/q:mauto\/ig:avif\/https:\/\/noticiasnoface.com.br\/wp-content\/uploads\/2024\/06\/photo-output-1.png 1636w\" sizes=\"(max-width: 818px) 100vw, 818px\" \/><\/figure>\n\n\n\n<!--more-->\n\n\n\n<p class=\"card-text mb-1 mt-5\"><em>A Pol\u00edcia Federal cumpre na manh\u00e3 desta quarta-feira (12) 45 mandados de busca e apreens\u00e3o e 7 de pris\u00e3o preventiva por desvio de dinheiro do fundo eleitoral. A CNN apurou que o principal alvo dos agentes \u00e9 Eur\u00edpedes J\u00fanior, presidente do Solidariedade.<\/em><\/p>\n\n\n\n<p class=\"card-text mb-1 mt-5\"><em>Eur\u00edpedes \u2013 que tamb\u00e9m foi dirigente do Partido Republicano da Ordem Social (Pros), sigla que se fundiu ao Solidariedade em 2023 \u2013 \u00e9 um dos alvos de mandado de pris\u00e3o preventiva; dos sete que foram expedidos, apenas o dele ainda n\u00e3o foi cumprido. A PF faz buscas para localizar o pol\u00edtico.<\/em><\/p>\n\n\n\n<p class=\"card-text mb-1 mt-5\"><em>Os mandados s\u00e3o cumpridos no Distrito Federal, em Goi\u00e1s e S\u00e3o Paulo, sendo em endere\u00e7os ligados ao pol\u00edtico e locais pertencentes ao Solidariedade.<\/em><\/p>\n\n\n\n<p class=\"card-text mb-1 mt-5\"><em>Em Bras\u00edlia, quatro ex-candidatos a deputados distritais pelo Pros tamb\u00e9m s\u00e3o alvos de buscas. A PF aponta que as candidaturas foram laranja, para recebimento de dinheiro do fundo partid\u00e1rio.<\/em><\/p>\n\n\n\n<p class=\"card-text mb-1 mt-5\"><em>Segundo a investiga\u00e7\u00e3o da PF, em apenas uma candidatura laranja houve um repasse de R$ 2 milh\u00f5es. Em outra, R$ 1,5 milh\u00e3o.<\/em><\/p>\n\n\n\n<p class=\"card-text mb-1 mt-5\"><em>O total de desvio atribu\u00eddo ao presidente da legenda \u00e9 de R$ 36 milh\u00f5es, mas os investigadores dizem que o n\u00famero pode ser ainda maior.<\/em><\/p>\n\n\n\n<p class=\"card-text mb-1 mt-5\"><em>As fraudes antigas, segundo a PF, aconteceram entre 2019 at\u00e9 o ano passado. A tesoureira do Pros, \u00e0 \u00e9poca, tamb\u00e9m \u00e9 alvo da PF nesta ter\u00e7a.<\/em><\/p>\n\n\n\n<p class=\"card-text mb-1 mt-5\"><em><strong>Compra de helic\u00f3ptero<\/strong><br \/>A Pol\u00edcia Federal aponta, ainda, que Eur\u00edpedes J\u00fanior comprou um helic\u00f3ptero para si com dinheiro p\u00fablico, desviado do fundo eleitoral.<\/em><\/p>\n\n\n\n<p class=\"card-text mb-1 mt-5\"><em>Em 2015, a aeronave foi comprada por R$ 2,4 milh\u00f5es, cerca de R$ 5 milh\u00f5es em valores atuais .<\/em><\/p>\n\n\n\n<p class=\"card-text mb-1 mt-5\"><em>O helic\u00f3ptero \u00e9 um Robinson R66 Turbine, e, assim como im\u00f3veis e outros ve\u00edculos, faz parte de uma s\u00e9rie de aquisi\u00e7\u00f5es irregulares do partido durante a gest\u00e3o de Eur\u00edpedes J\u00fanior, segundo apura\u00e7\u00f5es da Pol\u00edcia Federal.<\/em><\/p>\n\n\n\n<p class=\"card-text mb-1 mt-5\"><em>As investiga\u00e7\u00f5es apontam que ele usava o helic\u00f3ptero para fins pessoais em deslocamentos de Planaltina (GO), onde tem resid\u00eancia, at\u00e9 a sede do partido, em Bras\u00edlia.<\/em><\/p>\n\n\n\n<p class=\"card-text mb-1 mt-5\"><em>A PF tamb\u00e9m diz que o pol\u00edtico desviou maquin\u00e1rios de obras particulares.<\/em><\/p>\n\n\n\n<p class=\"card-text mb-1 mt-5\"><em>Por conta desses casos, ele \u00e9 investigado por organiza\u00e7\u00e3o criminosa, lavagem de dinheiro, furto e os demais relacionados a crimes eleitorais.<\/em><\/p>\n\n\n\n<p class=\"card-text mb-1 mt-5\"><em><strong>Outro lado<\/strong><br \/>A CNN tenta contato com Eur\u00edpedes J\u00fanior para comentar a opera\u00e7\u00e3o e aguarda resposta.<\/em><\/p>\n\n\n\n<p class=\"card-text mb-1 mt-5\"><em>Em nota, o Solidariedade disse que \u201cs\u00e3o fatos ocorridos antes da uni\u00e3o do Pros com o Solidariedade\u201d. \u201cEstamos tomando p\u00e9 da situa\u00e7\u00e3o e ainda n\u00e3o temos uma posi\u00e7\u00e3o sobre os fatos\u201d, disse o partido<\/em><\/p>\n\n\n\n<p>Fonte: Blog do Gustavo Negreiros <\/p>\n\n\n\n<p><\/p>\n","protected":false},"excerpt":{"rendered":"","protected":false},"author":1,"featured_media":0,"comment_status":"closed","ping_status":"open","sticky":false,"template":"","format":"image","meta":{"site-sidebar-layout":"default","site-content-layout":"","ast-site-content-layout":"default","site-content-style":"default","site-sidebar-style":"default","ast-global-header-display":"","ast-banner-title-visibility":"","ast-main-header-display":"","ast-hfb-above-header-display":"","ast-hfb-below-header-display":"","ast-hfb-mobile-header-display":"","site-post-title":"","ast-breadcrumbs-content":"","ast-featured-img":"","footer-sml-layout":"","ast-disable-related-posts":"","theme-transparent-header-meta":"","adv-header-id-meta":"","stick-header-meta":"","header-above-stick-meta":"","header-main-stick-meta":"","header-below-stick-meta":"","astra-migrate-meta-layouts":"default","ast-page-background-enabled":"default","ast-page-background-meta":{"desktop":{"background-color":"var(--ast-global-color-4)","background-image":"","background-repeat":"repeat","background-position":"center center","background-size":"auto","background-attachment":"scroll","background-type":"","background-media":"","overlay-type":"","overlay-color":"","overlay-opacity":"","overlay-gradient":""},"tablet":{"background-color":"","background-image":"","background-repeat":"repeat","background-position":"center center","background-size":"auto","background-attachment":"scroll","background-type":"","background-media":"","overlay-type":"","overlay-color":"","overlay-opacity":"","overlay-gradient":""},"mobile":{"background-color":"","background-image":"","background-repeat":"repeat","background-position":"center center","background-size":"auto","background-attachment":"scroll","background-type":"","background-media":"","overlay-type":"","overlay-color":"","overlay-opacity":"","overlay-gradient":""}},"ast-content-background-meta":{"desktop":{"background-color":"var(--ast-global-color-5)","background-image":"","background-repeat":"repeat","background-position":"center center","background-size":"auto","background-attachment":"scroll","background-type":"","background-media":"","overlay-type":"","overlay-color":"","overlay-opacity":"","overlay-gradient":""},"tablet":{"background-color":"var(--ast-global-color-5)","background-image":"","background-repeat":"repeat","background-position":"center center","background-size":"auto","background-attachment":"scroll","background-type":"","background-media":"","overlay-type":"","overlay-color":"","overlay-opacity":"","overlay-gradient":""},"mobile":{"background-color":"var(--ast-global-color-5)","background-image":"","background-repeat":"repeat","background-position":"center center","background-size":"auto","background-attachment":"scroll","background-type":"","background-media":"","overlay-type":"","overlay-color":"","overlay-opacity":"","overlay-gradient":""}},"footnotes":""},"categories":[517],"tags":[3812,3811,409],"class_list":["post-24458","post","type-post","status-publish","format-image","hentry","category-aconteceu","tag-desvios-de-dinheiro","tag-partido-solidariedade","tag-policia-federal","post_format-post-format-image"],"_links":{"self":[{"href":"https:\/\/noticiasnoface.com.br\/index.php\/wp-json\/wp\/v2\/posts\/24458","targetHints":{"allow":["GET"]}}],"collection":[{"href":"https:\/\/noticiasnoface.com.br\/index.php\/wp-json\/wp\/v2\/posts"}],"about":[{"href":"https:\/\/noticiasnoface.com.br\/index.php\/wp-json\/wp\/v2\/types\/post"}],"author":[{"embeddable":true,"href":"https:\/\/noticiasnoface.com.br\/index.php\/wp-json\/wp\/v2\/users\/1"}],"replies":[{"embeddable":true,"href":"https:\/\/noticiasnoface.com.br\/index.php\/wp-json\/wp\/v2\/comments?post=24458"}],"version-history":[{"count":1,"href":"https:\/\/noticiasnoface.com.br\/index.php\/wp-json\/wp\/v2\/posts\/24458\/revisions"}],"predecessor-version":[{"id":24459,"href":"https:\/\/noticiasnoface.com.br\/index.php\/wp-json\/wp\/v2\/posts\/24458\/revisions\/24459"}],"wp:attachment":[{"href":"https:\/\/noticiasnoface.com.br\/index.php\/wp-json\/wp\/v2\/media?parent=24458"}],"wp:term":[{"taxonomy":"category","embeddable":true,"href":"https:\/\/noticiasnoface.com.br\/index.php\/wp-json\/wp\/v2\/categories?post=24458"},{"taxonomy":"post_tag","embeddable":true,"href":"https:\/\/noticiasnoface.com.br\/index.php\/wp-json\/wp\/v2\/tags?post=24458"}],"curies":[{"name":"wp","href":"https:\/\/api.w.org\/{rel}","templated":true}]}}