{"id":24471,"date":"2024-06-13T07:59:38","date_gmt":"2024-06-13T10:59:38","guid":{"rendered":"https:\/\/noticiasnoface.com.br\/?p=24471"},"modified":"2024-06-13T07:59:38","modified_gmt":"2024-06-13T10:59:38","slug":"cmn-homenageia-empresas-e-instituicoes-que-contribuem-para-o-crescimento-de-natal","status":"publish","type":"post","link":"https:\/\/noticiasnoface.com.br\/index.php\/2024\/06\/13\/cmn-homenageia-empresas-e-instituicoes-que-contribuem-para-o-crescimento-de-natal\/","title":{"rendered":"CMN homenageia empresas e institui\u00e7\u00f5es que contribuem para o crescimento de Natal"},"content":{"rendered":"\n<figure class=\"wp-block-image size-large\"><img data-opt-id=61009158  fetchpriority=\"high\" decoding=\"async\" width=\"400\" height=\"283\" src=\"https:\/\/mlbfrsat7ahr.i.optimole.com\/w:auto\/h:auto\/q:mauto\/ig:avif\/https:\/\/noticiasnoface.com.br\/wp-content\/uploads\/2024\/06\/img_6644-1.jpg\" class=\"wp-image-24470\" srcset=\"https:\/\/mlbfrsat7ahr.i.optimole.com\/w:400\/h:283\/q:mauto\/ig:avif\/https:\/\/noticiasnoface.com.br\/wp-content\/uploads\/2024\/06\/img_6644-1.jpg 400w, https:\/\/mlbfrsat7ahr.i.optimole.com\/w:300\/h:212\/q:mauto\/ig:avif\/https:\/\/noticiasnoface.com.br\/wp-content\/uploads\/2024\/06\/img_6644-1.jpg 300w\" sizes=\"(max-width: 400px) 100vw, 400px\" \/><\/figure>\n\n\n\n<!--more-->\n\n\n\n<p>Nesta quarta-feira (12), 57 empresas, empres\u00e1rios e institui\u00e7\u00f5es de classe foram homenageadas na C\u00e2mara Municipal de Natal, pelos servi\u00e7os prestados para o desenvolvimento social e econ\u00f4mico da cidade. A proposi\u00e7\u00e3o da sess\u00e3o solene foi do presidente da casa, vereador Eriko J\u00e1come.<\/p>\n\n\n\n<p>\u201cComo administrador com especializa\u00e7\u00f5es na \u00e1rea do com\u00e9rcio, tenho consci\u00eancia das lutas e desafios enfrentados pelos empreendedores, diante das incertezas econ\u00f4micas e das constantes adapta\u00e7\u00f5es que o mercado exige. Cada institui\u00e7\u00e3o ou personalidade aqui presente \u00e9 um pilar de sustenta\u00e7\u00e3o econ\u00f4mica, gerando empregos, inova\u00e7\u00e3o e oportunidades, respons\u00e1veis por movimentar a economia e por impulsionar o crescimento de Natal,\u201d afirmou o vereador.<\/p>\n\n\n\n<p>O presidente da Federa\u00e7\u00e3o do Com\u00e9rcio de Bens, Servi\u00e7os e Turismo (Fecom\u00e9rcio RN), Marcelo Queiroz, agradeceu o reconhecimento e ratificou as palavras do vereador. \u201cEssa homenagem \u00e9 muito importante para o engrandecimento do empresariado potiguar,\u201d completou uma das vice-presidentes da Federa\u00e7\u00e3o das Ind\u00fastrias do RN, Concei\u00e7\u00e3o Tavares, tamb\u00e9m presidente do Sindicato das Ind\u00fastrias de Material e Laminados Pl\u00e1sticos do Rio Grande do Norte (SINDIPLAST-RN).<\/p>\n\n\n\n<p>\u201cA cada nova oportunidade de trabalho criada ou iniciativa realizada, essas empresas, empres\u00e1rios e institui\u00e7\u00f5es est\u00e3o colaborando para o desenvolvimento de uma Natal mais promissora para todos. Hoje, mais do que nunca, precisamos apoi\u00e1-los, para que n\u00e3o desistam, continuem acreditando no potencial de nossa cidade e trabalhando para torn\u00e1-la um lugar melhor. A C\u00e2mara Municipal de Natal est\u00e1 comprometida em continuar apoiando e criando condi\u00e7\u00f5es para que todos possam crescer aqui,\u201d afirmou o presidente da casa.<\/p>\n\n\n\n<p>O prefeito de Natal, \u00c1lvaro Dias, tamb\u00e9m esteve presente e ressaltou em sua fala a import\u00e2ncia da aprova\u00e7\u00e3o do Plano Diretor da cidade, destacando que essa medida \u00e9 fundamental para a moderniza\u00e7\u00e3o e crescimento econ\u00f4mico.<\/p>\n\n\n\n<p>\u201cSinto-me agradecido a Natal e \u00e0 C\u00e2mara Municipal por essa homenagem e reconhecimento. Nesta cidade, empreendi e fiz meu nome profissional. Emprego v\u00e1rias fam\u00edlias, ent\u00e3o sei que de alguma forma contribuo para o crescimento de Natal. Estou muito feliz e n\u00e3o esperava viver esse momento especial,\u201d comentou Anylson Knight, empreendedor do segmento de sal\u00f5es de beleza.<\/p>\n\n\n\n<p>Reconhecimento \u00e0 tradi\u00e7\u00e3o e gratid\u00e3o tamb\u00e9m foram os sentimentos expressos pelo doutor em ortodontia Ives Lopes Cardoso da Cl\u00ednica de Est\u00e9tica Bucal Pedro Lopes Cardoso, uma das homenageadas da noite.<\/p>\n\n\n\n<ul class=\"share-links social social-color is-mobile wp-block-list\">\n<li><\/li>\n<\/ul>\n","protected":false},"excerpt":{"rendered":"","protected":false},"author":1,"featured_media":0,"comment_status":"closed","ping_status":"open","sticky":false,"template":"","format":"image","meta":{"site-sidebar-layout":"default","site-content-layout":"","ast-site-content-layout":"default","site-content-style":"default","site-sidebar-style":"default","ast-global-header-display":"","ast-banner-title-visibility":"","ast-main-header-display":"","ast-hfb-above-header-display":"","ast-hfb-below-header-display":"","ast-hfb-mobile-header-display":"","site-post-title":"","ast-breadcrumbs-content":"","ast-featured-img":"","footer-sml-layout":"","ast-disable-related-posts":"","theme-transparent-header-meta":"","adv-header-id-meta":"","stick-header-meta":"","header-above-stick-meta":"","header-main-stick-meta":"","header-below-stick-meta":"","astra-migrate-meta-layouts":"default","ast-page-background-enabled":"default","ast-page-background-meta":{"desktop":{"background-color":"var(--ast-global-color-4)","background-image":"","background-repeat":"repeat","background-position":"center center","background-size":"auto","background-attachment":"scroll","background-type":"","background-media":"","overlay-type":"","overlay-color":"","overlay-opacity":"","overlay-gradient":""},"tablet":{"background-color":"","background-image":"","background-repeat":"repeat","background-position":"center center","background-size":"auto","background-attachment":"scroll","background-type":"","background-media":"","overlay-type":"","overlay-color":"","overlay-opacity":"","overlay-gradient":""},"mobile":{"background-color":"","background-image":"","background-repeat":"repeat","background-position":"center center","background-size":"auto","background-attachment":"scroll","background-type":"","background-media":"","overlay-type":"","overlay-color":"","overlay-opacity":"","overlay-gradient":""}},"ast-content-background-meta":{"desktop":{"background-color":"var(--ast-global-color-5)","background-image":"","background-repeat":"repeat","background-position":"center center","background-size":"auto","background-attachment":"scroll","background-type":"","background-media":"","overlay-type":"","overlay-color":"","overlay-opacity":"","overlay-gradient":""},"tablet":{"background-color":"var(--ast-global-color-5)","background-image":"","background-repeat":"repeat","background-position":"center center","background-size":"auto","background-attachment":"scroll","background-type":"","background-media":"","overlay-type":"","overlay-color":"","overlay-opacity":"","overlay-gradient":""},"mobile":{"background-color":"var(--ast-global-color-5)","background-image":"","background-repeat":"repeat","background-position":"center center","background-size":"auto","background-attachment":"scroll","background-type":"","background-media":"","overlay-type":"","overlay-color":"","overlay-opacity":"","overlay-gradient":""}},"footnotes":""},"categories":[517],"tags":[],"class_list":["post-24471","post","type-post","status-publish","format-image","hentry","category-aconteceu","post_format-post-format-image"],"_links":{"self":[{"href":"https:\/\/noticiasnoface.com.br\/index.php\/wp-json\/wp\/v2\/posts\/24471","targetHints":{"allow":["GET"]}}],"collection":[{"href":"https:\/\/noticiasnoface.com.br\/index.php\/wp-json\/wp\/v2\/posts"}],"about":[{"href":"https:\/\/noticiasnoface.com.br\/index.php\/wp-json\/wp\/v2\/types\/post"}],"author":[{"embeddable":true,"href":"https:\/\/noticiasnoface.com.br\/index.php\/wp-json\/wp\/v2\/users\/1"}],"replies":[{"embeddable":true,"href":"https:\/\/noticiasnoface.com.br\/index.php\/wp-json\/wp\/v2\/comments?post=24471"}],"version-history":[{"count":1,"href":"https:\/\/noticiasnoface.com.br\/index.php\/wp-json\/wp\/v2\/posts\/24471\/revisions"}],"predecessor-version":[{"id":24472,"href":"https:\/\/noticiasnoface.com.br\/index.php\/wp-json\/wp\/v2\/posts\/24471\/revisions\/24472"}],"wp:attachment":[{"href":"https:\/\/noticiasnoface.com.br\/index.php\/wp-json\/wp\/v2\/media?parent=24471"}],"wp:term":[{"taxonomy":"category","embeddable":true,"href":"https:\/\/noticiasnoface.com.br\/index.php\/wp-json\/wp\/v2\/categories?post=24471"},{"taxonomy":"post_tag","embeddable":true,"href":"https:\/\/noticiasnoface.com.br\/index.php\/wp-json\/wp\/v2\/tags?post=24471"}],"curies":[{"name":"wp","href":"https:\/\/api.w.org\/{rel}","templated":true}]}}