{"id":24483,"date":"2024-06-13T10:58:43","date_gmt":"2024-06-13T13:58:43","guid":{"rendered":"https:\/\/noticiasnoface.com.br\/?p=24483"},"modified":"2024-06-13T10:58:43","modified_gmt":"2024-06-13T13:58:43","slug":"idosa-que-desapareceu-apos-desembarcar-no-aeroporto-de-natal-e-encontrada-em-mata-no-entorno-do-terminal","status":"publish","type":"post","link":"https:\/\/noticiasnoface.com.br\/index.php\/2024\/06\/13\/idosa-que-desapareceu-apos-desembarcar-no-aeroporto-de-natal-e-encontrada-em-mata-no-entorno-do-terminal\/","title":{"rendered":"Idosa que desapareceu ap\u00f3s desembarcar no Aeroporto de Natal \u00e9 encontrada em mata no entorno do terminal"},"content":{"rendered":"\n<figure class=\"wp-block-image size-large\"><img data-opt-id=956715367  fetchpriority=\"high\" decoding=\"async\" width=\"636\" height=\"568\" src=\"https:\/\/mlbfrsat7ahr.i.optimole.com\/w:auto\/h:auto\/q:mauto\/ig:avif\/https:\/\/noticiasnoface.com.br\/wp-content\/uploads\/2024\/06\/img_6673.jpg\" class=\"wp-image-24482\" srcset=\"https:\/\/mlbfrsat7ahr.i.optimole.com\/w:636\/h:568\/q:mauto\/ig:avif\/https:\/\/noticiasnoface.com.br\/wp-content\/uploads\/2024\/06\/img_6673.jpg 636w, https:\/\/mlbfrsat7ahr.i.optimole.com\/w:300\/h:268\/q:mauto\/ig:avif\/https:\/\/noticiasnoface.com.br\/wp-content\/uploads\/2024\/06\/img_6673.jpg 300w\" sizes=\"(max-width: 636px) 100vw, 636px\" \/><\/figure>\n\n\n\n<!--more-->\n\n\n\n<p>A idosa de 67 anos que desapareceu logo ap\u00f3s desembarcar de um voo de S\u00e3o Paulo para Natal, no \u00faltimo s\u00e1bado (8) foi encontrada com vida nesta quarta-feira (12), perto do terminal a\u00e9reo.<\/p>\n\n\n\n<p>A informa\u00e7\u00e3o foi confirmada por familiares de Rita Caetano de Souza, de 67 anos. Segundo a irm\u00e3, Elza Souza, ela foi achada em uma \u00e1rea de mata no entorno do aeroporto, vestida com uma camiseta, e aparentemente debilitada.<\/p>\n\n\n\n<p>Em nota, a Zurich Airport Brasil \u2013 administradora do terminal \u2013 informou que a equipe de vigil\u00e2ncia do aeroporto, ao realizar a ronda de rotina na manh\u00e3 desta quarta-feira, localizou a senhora na \u00e1rea de mata, pr\u00f3xima a Estrada da Produ\u00e7\u00e3o.<\/p>\n\n\n\n<p>\u201cDe imediato, foram realizados os primeiros socorros e, posteriormente, ela foi encaminhada de ambul\u00e2ncia para o Hospital Belarmina Monte, no Centro de S\u00e3o Gon\u00e7alo do Amarante\u201d.<\/p>\n\n\n\n<p>A Pol\u00edcia Civil tamb\u00e9m confirmou que a mulher foi encontrada nos arredores do terminal, mas informou que ela ainda ser\u00e1 ouvida pelos investigadores.<\/p>\n\n\n\n<p>Desaparecimento<br \/>O desaparecimento ocorreu no s\u00e1bado (8). Rita pretendia visitar irm\u00e3os e outros parentes no munic\u00edpio de S\u00e3o Paulo do Potengi, na regi\u00e3o Agreste potiguar. O combinado \u00e9 de que um dos irm\u00e3o iria busc\u00e1-la no aeroporto.<\/p>\n\n\n\n<p>Segundo Elza Souza, irm\u00e3 de Rita, o carro que iria busc\u00e1-la atrasou cerca de meia hora. Quando Elza chegou ao terminal n\u00e3o encontrou a irm\u00e3 e n\u00e3o conseguiu contato por telefone.<\/p>\n\n\n\n<p>\u201cFiquei at\u00e9 meia noite no aeroporto indo de um lado para o outro, procurando ela\u201d, relatou a irm\u00e3<\/p>\n\n\n\n<p>Elza ainda informou que no fim da noite teve acesso a imagens das c\u00e2meras do aeroporto e percebeu que houve um desencontro.<\/p>\n\n\n\n<p>Elza esperava a irm\u00e3 no setor de desembarque, mas resolveu procurar o guich\u00ea da companhia a\u00e9rea para obter informa\u00e7\u00f5es sobre o voo. Nesse momento, Rita passou na \u00e1rea de desembarque.<\/p>\n\n\n\n<p>Pelas c\u00e2meras, a mulher foi vista saindo do terminal e procurando informa\u00e7\u00f5es com taxistas e outras pessoas, mas a fam\u00edlia n\u00e3o conseguiu identificar se ela entrou em algum ve\u00edculo.<\/p>\n\n\n\n<p>Em nota enviada na tarde de ter\u00e7a-feira (11), a Zurich Airport, administradora do terminal, disse que estava \u00e0 disposi\u00e7\u00e3o para colaborar com \u00e0s investiga\u00e7\u00f5es.<\/p>\n\n\n\n<p><a href=\"https:\/\/g1.globo.com\/rn\/rio-grande-do-norte\/noticia\/2024\/06\/12\/idosa-que-desapareceu-apos-desembarcar-no-aeroporto-de-natal-e-encontrada-em-mata-no-entorno-do-terminal.ghtml\" target=\"_blank\" rel=\"noopener\">G1 RN<\/a><\/p>\n","protected":false},"excerpt":{"rendered":"","protected":false},"author":1,"featured_media":0,"comment_status":"closed","ping_status":"open","sticky":false,"template":"","format":"image","meta":{"site-sidebar-layout":"default","site-content-layout":"","ast-site-content-layout":"default","site-content-style":"default","site-sidebar-style":"default","ast-global-header-display":"","ast-banner-title-visibility":"","ast-main-header-display":"","ast-hfb-above-header-display":"","ast-hfb-below-header-display":"","ast-hfb-mobile-header-display":"","site-post-title":"","ast-breadcrumbs-content":"","ast-featured-img":"","footer-sml-layout":"","ast-disable-related-posts":"","theme-transparent-header-meta":"","adv-header-id-meta":"","stick-header-meta":"","header-above-stick-meta":"","header-main-stick-meta":"","header-below-stick-meta":"","astra-migrate-meta-layouts":"default","ast-page-background-enabled":"default","ast-page-background-meta":{"desktop":{"background-color":"var(--ast-global-color-4)","background-image":"","background-repeat":"repeat","background-position":"center center","background-size":"auto","background-attachment":"scroll","background-type":"","background-media":"","overlay-type":"","overlay-color":"","overlay-opacity":"","overlay-gradient":""},"tablet":{"background-color":"","background-image":"","background-repeat":"repeat","background-position":"center center","background-size":"auto","background-attachment":"scroll","background-type":"","background-media":"","overlay-type":"","overlay-color":"","overlay-opacity":"","overlay-gradient":""},"mobile":{"background-color":"","background-image":"","background-repeat":"repeat","background-position":"center center","background-size":"auto","background-attachment":"scroll","background-type":"","background-media":"","overlay-type":"","overlay-color":"","overlay-opacity":"","overlay-gradient":""}},"ast-content-background-meta":{"desktop":{"background-color":"var(--ast-global-color-5)","background-image":"","background-repeat":"repeat","background-position":"center center","background-size":"auto","background-attachment":"scroll","background-type":"","background-media":"","overlay-type":"","overlay-color":"","overlay-opacity":"","overlay-gradient":""},"tablet":{"background-color":"var(--ast-global-color-5)","background-image":"","background-repeat":"repeat","background-position":"center center","background-size":"auto","background-attachment":"scroll","background-type":"","background-media":"","overlay-type":"","overlay-color":"","overlay-opacity":"","overlay-gradient":""},"mobile":{"background-color":"var(--ast-global-color-5)","background-image":"","background-repeat":"repeat","background-position":"center center","background-size":"auto","background-attachment":"scroll","background-type":"","background-media":"","overlay-type":"","overlay-color":"","overlay-opacity":"","overlay-gradient":""}},"footnotes":""},"categories":[517],"tags":[],"class_list":["post-24483","post","type-post","status-publish","format-image","hentry","category-aconteceu","post_format-post-format-image"],"_links":{"self":[{"href":"https:\/\/noticiasnoface.com.br\/index.php\/wp-json\/wp\/v2\/posts\/24483","targetHints":{"allow":["GET"]}}],"collection":[{"href":"https:\/\/noticiasnoface.com.br\/index.php\/wp-json\/wp\/v2\/posts"}],"about":[{"href":"https:\/\/noticiasnoface.com.br\/index.php\/wp-json\/wp\/v2\/types\/post"}],"author":[{"embeddable":true,"href":"https:\/\/noticiasnoface.com.br\/index.php\/wp-json\/wp\/v2\/users\/1"}],"replies":[{"embeddable":true,"href":"https:\/\/noticiasnoface.com.br\/index.php\/wp-json\/wp\/v2\/comments?post=24483"}],"version-history":[{"count":1,"href":"https:\/\/noticiasnoface.com.br\/index.php\/wp-json\/wp\/v2\/posts\/24483\/revisions"}],"predecessor-version":[{"id":24484,"href":"https:\/\/noticiasnoface.com.br\/index.php\/wp-json\/wp\/v2\/posts\/24483\/revisions\/24484"}],"wp:attachment":[{"href":"https:\/\/noticiasnoface.com.br\/index.php\/wp-json\/wp\/v2\/media?parent=24483"}],"wp:term":[{"taxonomy":"category","embeddable":true,"href":"https:\/\/noticiasnoface.com.br\/index.php\/wp-json\/wp\/v2\/categories?post=24483"},{"taxonomy":"post_tag","embeddable":true,"href":"https:\/\/noticiasnoface.com.br\/index.php\/wp-json\/wp\/v2\/tags?post=24483"}],"curies":[{"name":"wp","href":"https:\/\/api.w.org\/{rel}","templated":true}]}}