{"id":24493,"date":"2024-06-14T22:08:19","date_gmt":"2024-06-15T01:08:19","guid":{"rendered":"https:\/\/noticiasnoface.com.br\/?p=24493"},"modified":"2024-06-14T22:08:19","modified_gmt":"2024-06-15T01:08:19","slug":"audiencia-publica-sobre-a-implantacao-de-planos-de-cargos-da-saude-e-remarcada","status":"publish","type":"post","link":"https:\/\/noticiasnoface.com.br\/index.php\/2024\/06\/14\/audiencia-publica-sobre-a-implantacao-de-planos-de-cargos-da-saude-e-remarcada\/","title":{"rendered":"Audi\u00eancia p\u00fablica sobre a Implanta\u00e7\u00e3o de planos de cargos da Sa\u00fade \u00e9 remarcada"},"content":{"rendered":"\n<figure class=\"wp-block-image\"><img data-opt-id=459025127  fetchpriority=\"high\" decoding=\"async\" src=\"https:\/\/www.parnamirim.rn.leg.br\/institucional\/noticias\/audiencia-publica-sobre-a-implantacao-de-planos-de-cargos-da-saude-e-remarcada\/image_mini\" alt=\"Audi\u00eancia p\u00fablica sobre a Implanta\u00e7\u00e3o de planos de cargos da Sa\u00fade \u00e9 remarcada\" title=\"\"\/><\/figure>\n\n\n\n<p><a href=\"https:\/\/www.parnamirim.rn.leg.br\/institucional\/noticias\/audiencia-publica-sobre-a-implantacao-de-planos-de-cargos-da-saude-e-remarcada\/image\/image_view_fullscreen\" target=\"_blank\" rel=\"noopener\"><\/a><\/p>\n\n\n\n<p>A C\u00e2mara de Parnamirim ir\u00e1 realizar audi\u00eancia p\u00fablica para debater a implanta\u00e7\u00e3o completa<em><\/em>do Plano de Cargos, Carreiras e Vencimentos dos Profissionais da Sa\u00fade do munic\u00edpio, na pr\u00f3xima segunda-feira (17), \u00e0s 9h, no plen\u00e1rio Dr. M\u00e1rio Medeiros. O evento \u00e9 de proposi\u00e7\u00e3o do vereador Michael Borges.&nbsp;<\/p>\n\n\n\n<p>Esta \u00e9 a execu\u00e7\u00e3o da segunda etapa do PCCV dos servidores &#8211; progress\u00e3o por m\u00e9rito profissional e promo\u00e7\u00e3o por capacita\u00e7\u00e3o profissional. Foram convidados os representantes da gest\u00e3o municipal &#8211;&nbsp; prefeito Rosano Taveira; secret\u00e1ria de sa\u00fade; secret\u00e1rio de planejamento e finan\u00e7as; secret\u00e1ria de administra\u00e7\u00e3o e recursos humanos; procurador-geral do munic\u00edpio e secret\u00e1rio-chefe de gabinete civil. Al\u00e9m dos representantes: Sindicato dos M\u00e9dicos do RN (Sinmed &#8211; RN); Sindicato dos Odontologistas (SOERN); Sindicato dos Trabalhadores em Sa\u00fade do RN (Sindsa\u00fade\/RN); Sindicato dos Enfermeiros do RN (Sindern); e Sindicato dos T\u00e9cnicos e Tecn\u00f3logos e Auxiliares em Radiologia do RN (Sinttar- RN). Tamb\u00e9m foram chamados os presidentes da Comiss\u00e3o Executiva do Plano de Cargos, Carreiras e Vencimentos de Parnamirim e o do Conselho de Sa\u00fade Municipal.&nbsp;<\/p>\n","protected":false},"excerpt":{"rendered":"<p>A C\u00e2mara de Parnamirim ir\u00e1 realizar audi\u00eancia p\u00fablica para debater a implanta\u00e7\u00e3o completado Plano de Cargos, Carreiras e Vencimentos dos [&hellip;]<\/p>\n","protected":false},"author":1,"featured_media":0,"comment_status":"closed","ping_status":"open","sticky":false,"template":"","format":"image","meta":{"site-sidebar-layout":"default","site-content-layout":"","ast-site-content-layout":"default","site-content-style":"default","site-sidebar-style":"default","ast-global-header-display":"","ast-banner-title-visibility":"","ast-main-header-display":"","ast-hfb-above-header-display":"","ast-hfb-below-header-display":"","ast-hfb-mobile-header-display":"","site-post-title":"","ast-breadcrumbs-content":"","ast-featured-img":"","footer-sml-layout":"","ast-disable-related-posts":"","theme-transparent-header-meta":"","adv-header-id-meta":"","stick-header-meta":"","header-above-stick-meta":"","header-main-stick-meta":"","header-below-stick-meta":"","astra-migrate-meta-layouts":"default","ast-page-background-enabled":"default","ast-page-background-meta":{"desktop":{"background-color":"var(--ast-global-color-4)","background-image":"","background-repeat":"repeat","background-position":"center center","background-size":"auto","background-attachment":"scroll","background-type":"","background-media":"","overlay-type":"","overlay-color":"","overlay-opacity":"","overlay-gradient":""},"tablet":{"background-color":"","background-image":"","background-repeat":"repeat","background-position":"center center","background-size":"auto","background-attachment":"scroll","background-type":"","background-media":"","overlay-type":"","overlay-color":"","overlay-opacity":"","overlay-gradient":""},"mobile":{"background-color":"","background-image":"","background-repeat":"repeat","background-position":"center center","background-size":"auto","background-attachment":"scroll","background-type":"","background-media":"","overlay-type":"","overlay-color":"","overlay-opacity":"","overlay-gradient":""}},"ast-content-background-meta":{"desktop":{"background-color":"var(--ast-global-color-5)","background-image":"","background-repeat":"repeat","background-position":"center center","background-size":"auto","background-attachment":"scroll","background-type":"","background-media":"","overlay-type":"","overlay-color":"","overlay-opacity":"","overlay-gradient":""},"tablet":{"background-color":"var(--ast-global-color-5)","background-image":"","background-repeat":"repeat","background-position":"center center","background-size":"auto","background-attachment":"scroll","background-type":"","background-media":"","overlay-type":"","overlay-color":"","overlay-opacity":"","overlay-gradient":""},"mobile":{"background-color":"var(--ast-global-color-5)","background-image":"","background-repeat":"repeat","background-position":"center center","background-size":"auto","background-attachment":"scroll","background-type":"","background-media":"","overlay-type":"","overlay-color":"","overlay-opacity":"","overlay-gradient":""}},"footnotes":""},"categories":[517],"tags":[],"class_list":["post-24493","post","type-post","status-publish","format-image","hentry","category-aconteceu","post_format-post-format-image"],"_links":{"self":[{"href":"https:\/\/noticiasnoface.com.br\/index.php\/wp-json\/wp\/v2\/posts\/24493","targetHints":{"allow":["GET"]}}],"collection":[{"href":"https:\/\/noticiasnoface.com.br\/index.php\/wp-json\/wp\/v2\/posts"}],"about":[{"href":"https:\/\/noticiasnoface.com.br\/index.php\/wp-json\/wp\/v2\/types\/post"}],"author":[{"embeddable":true,"href":"https:\/\/noticiasnoface.com.br\/index.php\/wp-json\/wp\/v2\/users\/1"}],"replies":[{"embeddable":true,"href":"https:\/\/noticiasnoface.com.br\/index.php\/wp-json\/wp\/v2\/comments?post=24493"}],"version-history":[{"count":1,"href":"https:\/\/noticiasnoface.com.br\/index.php\/wp-json\/wp\/v2\/posts\/24493\/revisions"}],"predecessor-version":[{"id":24494,"href":"https:\/\/noticiasnoface.com.br\/index.php\/wp-json\/wp\/v2\/posts\/24493\/revisions\/24494"}],"wp:attachment":[{"href":"https:\/\/noticiasnoface.com.br\/index.php\/wp-json\/wp\/v2\/media?parent=24493"}],"wp:term":[{"taxonomy":"category","embeddable":true,"href":"https:\/\/noticiasnoface.com.br\/index.php\/wp-json\/wp\/v2\/categories?post=24493"},{"taxonomy":"post_tag","embeddable":true,"href":"https:\/\/noticiasnoface.com.br\/index.php\/wp-json\/wp\/v2\/tags?post=24493"}],"curies":[{"name":"wp","href":"https:\/\/api.w.org\/{rel}","templated":true}]}}