{"id":24496,"date":"2024-06-15T11:09:53","date_gmt":"2024-06-15T14:09:53","guid":{"rendered":"https:\/\/noticiasnoface.com.br\/?p=24496"},"modified":"2024-06-15T11:09:53","modified_gmt":"2024-06-15T14:09:53","slug":"em-evento-prestigiado-paulinho-pessoa-lanca-pre-candidatura-a-vereador-de-natal","status":"publish","type":"post","link":"https:\/\/noticiasnoface.com.br\/index.php\/2024\/06\/15\/em-evento-prestigiado-paulinho-pessoa-lanca-pre-candidatura-a-vereador-de-natal\/","title":{"rendered":"Em evento prestigiado, Paulinho Pessoa lan\u00e7a pr\u00e9-candidatura a vereador de Natal"},"content":{"rendered":"\n<figure class=\"wp-block-image size-large\"><img data-opt-id=350239327  fetchpriority=\"high\" decoding=\"async\" width=\"1024\" height=\"688\" src=\"https:\/\/mlbfrsat7ahr.i.optimole.com\/w:1024\/h:688\/q:mauto\/ig:avif\/https:\/\/noticiasnoface.com.br\/wp-content\/uploads\/2024\/06\/b1f8bd54-93e9-48ba-b6e6-5b40dbf9496d-1.jpg\" class=\"wp-image-24495\" srcset=\"https:\/\/mlbfrsat7ahr.i.optimole.com\/w:1024\/h:688\/q:mauto\/ig:avif\/https:\/\/noticiasnoface.com.br\/wp-content\/uploads\/2024\/06\/b1f8bd54-93e9-48ba-b6e6-5b40dbf9496d-1.jpg 1024w, https:\/\/mlbfrsat7ahr.i.optimole.com\/w:300\/h:202\/q:mauto\/ig:avif\/https:\/\/noticiasnoface.com.br\/wp-content\/uploads\/2024\/06\/b1f8bd54-93e9-48ba-b6e6-5b40dbf9496d-1.jpg 300w, https:\/\/mlbfrsat7ahr.i.optimole.com\/w:768\/h:516\/q:mauto\/ig:avif\/https:\/\/noticiasnoface.com.br\/wp-content\/uploads\/2024\/06\/b1f8bd54-93e9-48ba-b6e6-5b40dbf9496d-1.jpg 768w, https:\/\/mlbfrsat7ahr.i.optimole.com\/w:1080\/h:726\/q:mauto\/ig:avif\/https:\/\/noticiasnoface.com.br\/wp-content\/uploads\/2024\/06\/b1f8bd54-93e9-48ba-b6e6-5b40dbf9496d-1.jpg 1080w\" sizes=\"(max-width: 1000px) 100vw, 1000px\" \/><\/figure>\n\n\n\n<!--more-->\n\n\n\n<p>Em um evento bastante prestigiado pela fam\u00edlia, pelos amigos comerciantes e funcion\u00e1rios da CEASA, o empres\u00e1rio Paulinho Pessoa lan\u00e7ou a sua pr\u00e9-candidatura \u00e0 vereadora de Natal pelo Partido Liberal.<\/p>\n\n\n\n<p>O evento contou ainda com as presen\u00e7as dos deputados estaduais Gustavo Carvalho e Terizinha Maia, do Prefeito \u00c1lvaro Dias e do pr\u00e9-candidato a Prefeito Paulinho Freire.<\/p>\n\n\n\n<p>Durante seu discurso, Paulinho Freire ressaltou a corre\u00e7\u00e3o do correligion\u00e1rio de quem recebeu o apoio em 2022 e afirmou que Paulinho Pessoa \u00e9 um franco favorito a conquistar uma vaga ma C\u00e2mara Municipal de Natal.<\/p>\n\n\n\n<p>Paulinho Pessoa relembrou a vida de trabalho e dificuldades que enfrentou at\u00e9 se consolidar no com\u00e9rcio do CEASA e a disposi\u00e7\u00e3o de trabalhar pela cidade de Natal.<\/p>\n\n\n\n<p>O evento ocorreu no Arena Music na noite desta sexta-feira (14) e reuniu cerca de 600 pessoas.<\/p>\n\n\n\n<p><\/p>\n","protected":false},"excerpt":{"rendered":"","protected":false},"author":1,"featured_media":0,"comment_status":"closed","ping_status":"open","sticky":false,"template":"","format":"image","meta":{"site-sidebar-layout":"default","site-content-layout":"","ast-site-content-layout":"default","site-content-style":"default","site-sidebar-style":"default","ast-global-header-display":"","ast-banner-title-visibility":"","ast-main-header-display":"","ast-hfb-above-header-display":"","ast-hfb-below-header-display":"","ast-hfb-mobile-header-display":"","site-post-title":"","ast-breadcrumbs-content":"","ast-featured-img":"","footer-sml-layout":"","ast-disable-related-posts":"","theme-transparent-header-meta":"","adv-header-id-meta":"","stick-header-meta":"","header-above-stick-meta":"","header-main-stick-meta":"","header-below-stick-meta":"","astra-migrate-meta-layouts":"default","ast-page-background-enabled":"default","ast-page-background-meta":{"desktop":{"background-color":"var(--ast-global-color-4)","background-image":"","background-repeat":"repeat","background-position":"center center","background-size":"auto","background-attachment":"scroll","background-type":"","background-media":"","overlay-type":"","overlay-color":"","overlay-opacity":"","overlay-gradient":""},"tablet":{"background-color":"","background-image":"","background-repeat":"repeat","background-position":"center center","background-size":"auto","background-attachment":"scroll","background-type":"","background-media":"","overlay-type":"","overlay-color":"","overlay-opacity":"","overlay-gradient":""},"mobile":{"background-color":"","background-image":"","background-repeat":"repeat","background-position":"center center","background-size":"auto","background-attachment":"scroll","background-type":"","background-media":"","overlay-type":"","overlay-color":"","overlay-opacity":"","overlay-gradient":""}},"ast-content-background-meta":{"desktop":{"background-color":"var(--ast-global-color-5)","background-image":"","background-repeat":"repeat","background-position":"center center","background-size":"auto","background-attachment":"scroll","background-type":"","background-media":"","overlay-type":"","overlay-color":"","overlay-opacity":"","overlay-gradient":""},"tablet":{"background-color":"var(--ast-global-color-5)","background-image":"","background-repeat":"repeat","background-position":"center center","background-size":"auto","background-attachment":"scroll","background-type":"","background-media":"","overlay-type":"","overlay-color":"","overlay-opacity":"","overlay-gradient":""},"mobile":{"background-color":"var(--ast-global-color-5)","background-image":"","background-repeat":"repeat","background-position":"center center","background-size":"auto","background-attachment":"scroll","background-type":"","background-media":"","overlay-type":"","overlay-color":"","overlay-opacity":"","overlay-gradient":""}},"footnotes":""},"categories":[517],"tags":[],"class_list":["post-24496","post","type-post","status-publish","format-image","hentry","category-aconteceu","post_format-post-format-image"],"_links":{"self":[{"href":"https:\/\/noticiasnoface.com.br\/index.php\/wp-json\/wp\/v2\/posts\/24496","targetHints":{"allow":["GET"]}}],"collection":[{"href":"https:\/\/noticiasnoface.com.br\/index.php\/wp-json\/wp\/v2\/posts"}],"about":[{"href":"https:\/\/noticiasnoface.com.br\/index.php\/wp-json\/wp\/v2\/types\/post"}],"author":[{"embeddable":true,"href":"https:\/\/noticiasnoface.com.br\/index.php\/wp-json\/wp\/v2\/users\/1"}],"replies":[{"embeddable":true,"href":"https:\/\/noticiasnoface.com.br\/index.php\/wp-json\/wp\/v2\/comments?post=24496"}],"version-history":[{"count":1,"href":"https:\/\/noticiasnoface.com.br\/index.php\/wp-json\/wp\/v2\/posts\/24496\/revisions"}],"predecessor-version":[{"id":24497,"href":"https:\/\/noticiasnoface.com.br\/index.php\/wp-json\/wp\/v2\/posts\/24496\/revisions\/24497"}],"wp:attachment":[{"href":"https:\/\/noticiasnoface.com.br\/index.php\/wp-json\/wp\/v2\/media?parent=24496"}],"wp:term":[{"taxonomy":"category","embeddable":true,"href":"https:\/\/noticiasnoface.com.br\/index.php\/wp-json\/wp\/v2\/categories?post=24496"},{"taxonomy":"post_tag","embeddable":true,"href":"https:\/\/noticiasnoface.com.br\/index.php\/wp-json\/wp\/v2\/tags?post=24496"}],"curies":[{"name":"wp","href":"https:\/\/api.w.org\/{rel}","templated":true}]}}