{"id":24499,"date":"2024-06-16T09:03:49","date_gmt":"2024-06-16T12:03:49","guid":{"rendered":"https:\/\/noticiasnoface.com.br\/?p=24499"},"modified":"2024-06-16T09:03:49","modified_gmt":"2024-06-16T12:03:49","slug":"stf-torna-janones-reu-contra-ofensas-a-bolsonaro","status":"publish","type":"post","link":"https:\/\/noticiasnoface.com.br\/index.php\/2024\/06\/16\/stf-torna-janones-reu-contra-ofensas-a-bolsonaro\/","title":{"rendered":"STF torna Janones r\u00e9u contra ofensas a Bolsonaro"},"content":{"rendered":"\n<figure class=\"wp-block-image size-large\"><img data-opt-id=1300437385  fetchpriority=\"high\" decoding=\"async\" width=\"800\" height=\"450\" src=\"https:\/\/mlbfrsat7ahr.i.optimole.com\/w:auto\/h:auto\/q:mauto\/ig:avif\/https:\/\/noticiasnoface.com.br\/wp-content\/uploads\/2024\/06\/img_6809-1.jpg\" class=\"wp-image-24498\" srcset=\"https:\/\/mlbfrsat7ahr.i.optimole.com\/w:800\/h:450\/q:mauto\/ig:avif\/https:\/\/noticiasnoface.com.br\/wp-content\/uploads\/2024\/06\/img_6809-1.jpg 800w, https:\/\/mlbfrsat7ahr.i.optimole.com\/w:300\/h:169\/q:mauto\/ig:avif\/https:\/\/noticiasnoface.com.br\/wp-content\/uploads\/2024\/06\/img_6809-1.jpg 300w, https:\/\/mlbfrsat7ahr.i.optimole.com\/w:768\/h:432\/q:mauto\/ig:avif\/https:\/\/noticiasnoface.com.br\/wp-content\/uploads\/2024\/06\/img_6809-1.jpg 768w\" sizes=\"(max-width: 800px) 100vw, 800px\" \/><\/figure>\n\n\n\n<!--more-->\n\n\n\n<p>O&nbsp;<a href=\"https:\/\/www.bnews.com.br\/tags\/stf\" target=\"_blank\" rel=\"noreferrer noopener\">Supremo Tribunal Federal (STF)<\/a>&nbsp;aceitou a queixa-crime contra&nbsp;<a href=\"https:\/\/www.bnews.com.br\/tags\/andre-janones\" target=\"_blank\" rel=\"noreferrer noopener\">Andr\u00e9 Janones<\/a>&nbsp;(Avante &#8211; MG) e tornou deputado federal r\u00e9u pelas suas ofensas contra o ex-presidente&nbsp;<a href=\"https:\/\/www.bnews.com.br\/tags\/jair-bolsonaro\" target=\"_blank\" rel=\"noreferrer noopener\">Jair Bolsonaro<\/a>(PL).<\/p>\n\n\n\n<p><\/p>\n\n\n\n<p>Em suas redes sociais, Janones chamou Bolsonaro de \u201cassassino\u201d, \u201cbandido fuj\u00e3o\u201d e \u201cmiliciano ladr\u00e3o de joias\u201d. Ele tamb\u00e9m disse que o militar &#8220;matou milhares de pessoas na pandemia\u201d.<\/p>\n\n\n\n<p>O deputado utilizou as suas redes sociais para comentar sobre a decis\u00e3o do STF. Em seu perfil no X (antigo Twitter), Janones diz que a decis\u00e3o lhe traz \u201ccerta satisfa\u00e7\u00e3o\u201d por confirmar a \u201chipocrisia de Bolsonaro\u201d, de que quando o ex-presidente \u00e9 o \u201cautor das acusa\u00e7\u00f5es, defende a liberdade de express\u00e3o absoluta\u201d, \u201cmas quando \u00e9 acusado, recorre ao tribunal para calar seus advers\u00e1rios\u201d.<\/p>\n\n\n\n<p>&#8220;Com todo respeito ao STF, a aceita\u00e7\u00e3o da den\u00fancia me traz uma certa satisfa\u00e7\u00e3o, pois \u00e9 a confirma\u00e7\u00e3o cabal da hipocrisia de Bolsonaro, que, quando \u00e9 ele o autor das acusa\u00e7\u00f5es, defende a liberdade de express\u00e3o absoluta (especialmente para os detentores de mandato, como eu, no gozo de suas imunidades por palavras e votos), mas quando \u00e9 acusado, recorre ao tribunal para calar seus advers\u00e1rios. Continuo confiando na justi\u00e7a, no povo e em Deus&#8221;, escreveu Janones.<\/p>\n\n\n\n<p>Este \u00e9 o segundo caso que Janones respondeu neste m\u00eas. O primeiro ocorreu no in\u00edcio de junho, quando o<a href=\"https:\/\/www.bnews.com.br\/noticias\/politica\/conselho-de-etica-vota-cassacao-de-janones-nesta-quarta-05.html\" target=\"_blank\" rel=\"noreferrer noopener\">&nbsp;Conselho de \u00c9tica da C\u00e2mara dos Deputados arquivou um processo contra ele por suposta pr\u00e1tica de &#8220;rachadinha&#8221; em seu gabinete.<\/a><\/p>\n","protected":false},"excerpt":{"rendered":"","protected":false},"author":1,"featured_media":0,"comment_status":"closed","ping_status":"open","sticky":false,"template":"","format":"image","meta":{"site-sidebar-layout":"default","site-content-layout":"","ast-site-content-layout":"default","site-content-style":"default","site-sidebar-style":"default","ast-global-header-display":"","ast-banner-title-visibility":"","ast-main-header-display":"","ast-hfb-above-header-display":"","ast-hfb-below-header-display":"","ast-hfb-mobile-header-display":"","site-post-title":"","ast-breadcrumbs-content":"","ast-featured-img":"","footer-sml-layout":"","ast-disable-related-posts":"","theme-transparent-header-meta":"","adv-header-id-meta":"","stick-header-meta":"","header-above-stick-meta":"","header-main-stick-meta":"","header-below-stick-meta":"","astra-migrate-meta-layouts":"default","ast-page-background-enabled":"default","ast-page-background-meta":{"desktop":{"background-color":"var(--ast-global-color-4)","background-image":"","background-repeat":"repeat","background-position":"center center","background-size":"auto","background-attachment":"scroll","background-type":"","background-media":"","overlay-type":"","overlay-color":"","overlay-opacity":"","overlay-gradient":""},"tablet":{"background-color":"","background-image":"","background-repeat":"repeat","background-position":"center center","background-size":"auto","background-attachment":"scroll","background-type":"","background-media":"","overlay-type":"","overlay-color":"","overlay-opacity":"","overlay-gradient":""},"mobile":{"background-color":"","background-image":"","background-repeat":"repeat","background-position":"center center","background-size":"auto","background-attachment":"scroll","background-type":"","background-media":"","overlay-type":"","overlay-color":"","overlay-opacity":"","overlay-gradient":""}},"ast-content-background-meta":{"desktop":{"background-color":"var(--ast-global-color-5)","background-image":"","background-repeat":"repeat","background-position":"center center","background-size":"auto","background-attachment":"scroll","background-type":"","background-media":"","overlay-type":"","overlay-color":"","overlay-opacity":"","overlay-gradient":""},"tablet":{"background-color":"var(--ast-global-color-5)","background-image":"","background-repeat":"repeat","background-position":"center center","background-size":"auto","background-attachment":"scroll","background-type":"","background-media":"","overlay-type":"","overlay-color":"","overlay-opacity":"","overlay-gradient":""},"mobile":{"background-color":"var(--ast-global-color-5)","background-image":"","background-repeat":"repeat","background-position":"center center","background-size":"auto","background-attachment":"scroll","background-type":"","background-media":"","overlay-type":"","overlay-color":"","overlay-opacity":"","overlay-gradient":""}},"footnotes":""},"categories":[517],"tags":[],"class_list":["post-24499","post","type-post","status-publish","format-image","hentry","category-aconteceu","post_format-post-format-image"],"_links":{"self":[{"href":"https:\/\/noticiasnoface.com.br\/index.php\/wp-json\/wp\/v2\/posts\/24499","targetHints":{"allow":["GET"]}}],"collection":[{"href":"https:\/\/noticiasnoface.com.br\/index.php\/wp-json\/wp\/v2\/posts"}],"about":[{"href":"https:\/\/noticiasnoface.com.br\/index.php\/wp-json\/wp\/v2\/types\/post"}],"author":[{"embeddable":true,"href":"https:\/\/noticiasnoface.com.br\/index.php\/wp-json\/wp\/v2\/users\/1"}],"replies":[{"embeddable":true,"href":"https:\/\/noticiasnoface.com.br\/index.php\/wp-json\/wp\/v2\/comments?post=24499"}],"version-history":[{"count":1,"href":"https:\/\/noticiasnoface.com.br\/index.php\/wp-json\/wp\/v2\/posts\/24499\/revisions"}],"predecessor-version":[{"id":24500,"href":"https:\/\/noticiasnoface.com.br\/index.php\/wp-json\/wp\/v2\/posts\/24499\/revisions\/24500"}],"wp:attachment":[{"href":"https:\/\/noticiasnoface.com.br\/index.php\/wp-json\/wp\/v2\/media?parent=24499"}],"wp:term":[{"taxonomy":"category","embeddable":true,"href":"https:\/\/noticiasnoface.com.br\/index.php\/wp-json\/wp\/v2\/categories?post=24499"},{"taxonomy":"post_tag","embeddable":true,"href":"https:\/\/noticiasnoface.com.br\/index.php\/wp-json\/wp\/v2\/tags?post=24499"}],"curies":[{"name":"wp","href":"https:\/\/api.w.org\/{rel}","templated":true}]}}