{"id":24515,"date":"2024-06-17T04:19:40","date_gmt":"2024-06-17T07:19:40","guid":{"rendered":"https:\/\/noticiasnoface.com.br\/?p=24515"},"modified":"2024-06-17T04:19:40","modified_gmt":"2024-06-17T07:19:40","slug":"bolsa-familia-e-auxilio-gas-de-junho-comecam-a-ser-pagos-veja-calendario-e-quem-recebe","status":"publish","type":"post","link":"https:\/\/noticiasnoface.com.br\/index.php\/2024\/06\/17\/bolsa-familia-e-auxilio-gas-de-junho-comecam-a-ser-pagos-veja-calendario-e-quem-recebe\/","title":{"rendered":"Bolsa Fam\u00edlia e Aux\u00edlio G\u00e1s de junho come\u00e7am a ser pagos; veja calend\u00e1rio e quem recebe"},"content":{"rendered":"\n<figure class=\"wp-block-image size-large\"><img data-opt-id=106416165  fetchpriority=\"high\" decoding=\"async\" width=\"1024\" height=\"613\" src=\"https:\/\/mlbfrsat7ahr.i.optimole.com\/w:1024\/h:613\/q:mauto\/ig:avif\/https:\/\/noticiasnoface.com.br\/wp-content\/uploads\/2024\/06\/img_6849.jpg\" class=\"wp-image-24514\" srcset=\"https:\/\/mlbfrsat7ahr.i.optimole.com\/w:1024\/h:613\/q:mauto\/ig:avif\/https:\/\/noticiasnoface.com.br\/wp-content\/uploads\/2024\/06\/img_6849.jpg 1024w, https:\/\/mlbfrsat7ahr.i.optimole.com\/w:300\/h:179\/q:mauto\/ig:avif\/https:\/\/noticiasnoface.com.br\/wp-content\/uploads\/2024\/06\/img_6849.jpg 300w, https:\/\/mlbfrsat7ahr.i.optimole.com\/w:768\/h:459\/q:mauto\/ig:avif\/https:\/\/noticiasnoface.com.br\/wp-content\/uploads\/2024\/06\/img_6849.jpg 768w, https:\/\/mlbfrsat7ahr.i.optimole.com\/w:1170\/h:700\/q:mauto\/ig:avif\/https:\/\/noticiasnoface.com.br\/wp-content\/uploads\/2024\/06\/img_6849.jpg 1170w\" sizes=\"(max-width: 1000px) 100vw, 1000px\" \/><\/figure>\n\n\n\n<!--more-->\n\n\n\n<p>A&nbsp;<a href=\"https:\/\/www1.folha.uol.com.br\/folha-topicos\/caixa-economica-federal\/\" target=\"_blank\" rel=\"noopener\">Caixa Econ\u00f4mica Federal<\/a>&nbsp;come\u00e7a a pagar nesta segunda-feira (17) o&nbsp;<a href=\"https:\/\/www1.folha.uol.com.br\/folha-topicos\/bolsa-familia\/\" target=\"_blank\" rel=\"noopener\">Bolsa Fam\u00edlia<\/a>&nbsp;de junho. O calend\u00e1rio de pagamentos vai at\u00e9 o dia 28, conforme o final do NIS (N\u00famero de Identifica\u00e7\u00e3o Social). Neste m\u00eas, tamb\u00e9m ser\u00e1 liberado o&nbsp;<a href=\"https:\/\/www1.folha.uol.com.br\/mercado\/2023\/10\/o-que-fazer-para-receber-o-auxilio-gas-como-sei-se-estou-na-lista.shtml#:~:text=O%20programa%20foi%20lan%C3%A7ado%20em,%2C%20G%C3%A1s%20Natural%20e%20Biocombust%C3%ADveis).\" target=\"_blank\" rel=\"noopener\">Aux\u00edlio G\u00e1s<\/a>&nbsp;no valor de R$ 102.<\/p>\n\n\n\n<p>Para 658 mil fam\u00edlias do&nbsp;<a href=\"https:\/\/www1.folha.uol.com.br\/folha-topicos\/rio-grande-do-sul-estado\/\" target=\"_blank\" rel=\"noopener\">Rio Grande do Sul<\/a>atingidas pelas&nbsp;<a href=\"https:\/\/www1.folha.uol.com.br\/folha-topicos\/chuvas-no-sul\/\" target=\"_blank\" rel=\"noopener\">chuvas<\/a>, as parcelas de junho do benef\u00edcio ser\u00e3o antecipadas e estar\u00e3o disponibilizadas no primeiro dia do calend\u00e1rio, independentemente do final NIS (N\u00famero de Identifica\u00e7\u00e3o Social).<\/p>\n\n\n\n<p>Em maio, foram beneficiadas 619,7 mil fam\u00edlias em um repasse total de R$ 417 milh\u00f5es no RS. O Aux\u00edlio G\u00e1s foi pago a 583 mil fam\u00edlias, somando R$ 380 bilh\u00f5es liberados. O benef\u00edcio \u00e9 liberado a cada dois meses pela Caixa.<\/p>\n\n\n\n<p>O valor final do vale-g\u00e1s tem como base o pre\u00e7o m\u00e9dio do botij\u00e3o de g\u00e1s nos \u00faltimos seis meses medido pela ANP (Ag\u00eancia Nacional de Petr\u00f3leo, G\u00e1s Natural e Biocombust\u00edveis).<\/p>\n\n\n\n<p>Segundo o MDS (Minist\u00e9rio do Desenvolvimento e Assist\u00eancia Social, Fam\u00edlia e Combate \u00e0 Fome), outras medidas da pasta tamb\u00e9m devem proteger as fam\u00edlias em situa\u00e7\u00e3o de vulnerabilidade social, com a suspens\u00e3o de averigua\u00e7\u00e3o e revis\u00e3o cadastral no estado do RS at\u00e9 dezembro de 2024.<\/p>\n\n\n\n<p>No estado, mais de 252 mil fam\u00edlias haviam sido convocadas a regularizar os cadastros, mas a partir de agora, est\u00e3o dispensadas e seguir\u00e3o recebendo o benef\u00edcio normalmente at\u00e9 o fim do ano. Ao todo, mais de 20 milh\u00f5es de fam\u00edlias recebem o Bolsa Fam\u00edlia e o Aux\u00edlio G\u00e1s em junho, segundo o minist\u00e9rio.<\/p>\n\n\n\n<h2 class=\"wp-block-heading\">Veja o calend\u00e1rio do Bolsa Fam\u00edlia em junho de 2024<\/h2>\n\n\n\n<p>Final do NISData de pagamento117\/06218\/06319\/06420\/06521\/06624\/06725\/06826\/06927\/06028\/06<\/p>\n\n\n\n<h2 class=\"wp-block-heading\">Quem tem direito ao Bolsa Fam\u00edlia?<\/h2>\n\n\n\n<p>\u00c9 preciso estar cadastrado no Cad\u00danico, com dados atualizados nos \u00faltimos dois anos, e ter renda familiar por pessoa de at\u00e9 R$ 218 mensais.<\/p>\n\n\n\n<p>O valor \u00e9 calculado somando os rendimentos de todas as pessoas que moram na mesma casa, sejam elas pais, c\u00f4njuges, companheiros, filhos, enteados ou irm\u00e3os.<\/p>\n\n\n\n<p>O c\u00e1lculo n\u00e3o inclui indeniza\u00e7\u00f5es de danos materiais ou morais, benef\u00edcios pagos pelo poder p\u00fablico de forma tempor\u00e1ria e quantias recebidas em programas de transfer\u00eancia de renda como o pr\u00f3prio Bolsa Fam\u00edlia e o aux\u00edlio-g\u00e1s.<\/p>\n\n\n\n<h2 class=\"wp-block-heading\">Quais as regras para receber o benef\u00edcio?<\/h2>\n\n\n\n<p>Al\u00e9m do valor m\u00ednimo de R$ 218, os benefici\u00e1rios devem atender a condi\u00e7\u00f5es nas \u00e1reas de sa\u00fade e educa\u00e7\u00e3o.<\/p>\n\n\n\n<p><strong>\u00c9 preciso:<\/strong><\/p>\n\n\n\n<ul class=\"wp-block-list\">\n<li>Realizar acompanhamento pr\u00e9-natal, no caso de gestantes;<\/li>\n\n\n\n<li>Acompanhar o calend\u00e1rio nacional de vacina\u00e7\u00e3o;<\/li>\n\n\n\n<li>Acompanhar o estado nutricional de crian\u00e7as menores de 7 anos;<\/li>\n\n\n\n<li>Manter frequ\u00eancia escolar m\u00ednima de 60% para crian\u00e7as de 4 e 5 anos, e de 75% para a faixa et\u00e1ria de 6 a 18 anos incompletos que n\u00e3o tenham conclu\u00eddo a educa\u00e7\u00e3o b\u00e1sica.<\/li>\n\n\n\n<li>Ao matricular a crian\u00e7a na escola e ao vacin\u00e1-lo no posto de sa\u00fade, a fam\u00edlia precisa informar que \u00e9 benefici\u00e1ria do Bolsa Fam\u00edlia.<\/li>\n<\/ul>\n\n\n\n<h4 class=\"wp-block-heading\">Folha Mercado<\/h4>\n\n\n\n<p>Receba no seu email o que de mais importante acontece na economia; aberta para n\u00e3o assinantes.<\/p>\n\n\n\n<h2 class=\"wp-block-heading\">Como \u00e9 o pagamento do Bolsa Fam\u00edlia?<\/h2>\n\n\n\n<p>O valor \u00e9 disponibilizado pela&nbsp;<a href=\"https:\/\/www1.folha.uol.com.br\/folha-topicos\/caixa-economica-federal\/\" target=\"_blank\" rel=\"noopener\">Caixa<\/a>, atrav\u00e9s do aplicativo Caixa Tem. Nele, \u00e9 poss\u00edvel fazer a movimenta\u00e7\u00e3o do dinheiro sem que seja necess\u00e1rio ir a uma ag\u00eancia \u2013ou seja, o cidad\u00e3o pode us\u00e1-lo para comprar de forma online, pagar contas, fazer transfer\u00eancias por Pix, entre outras fun\u00e7\u00f5es.<\/p>\n\n\n\n<p>Para sacar o benef\u00edcio, \u00e9 preciso ir at\u00e9 caixas eletr\u00f4nicos, lot\u00e9ricas, nos correspondentes Caixa Aqui e ag\u00eancias do banco. O benefici\u00e1rio tamb\u00e9m tem acesso ao valor por meio do cart\u00e3o do Bolsa Fam\u00edlia ou Cart\u00e3o do Cidad\u00e3o.<\/p>\n\n\n\n<p>O Bolsa Fam\u00edlia paga, al\u00e9m do aux\u00edlio de R$ 600 por m\u00eas, outros adicionais conforme a composi\u00e7\u00e3o familiar.<\/p>\n\n\n\n<p>H\u00e1 ainda o pagamento de adicional a casas onde h\u00e1 gestante, lactante e\/ou crian\u00e7as e adolescentes at\u00e9 18 anos que estiverem na escola.Cada integrante desses grupos recebe um adicional de R$ 50.<\/p>\n\n\n\n<h2 class=\"wp-block-heading\">O que \u00e9 o Aux\u00edlio G\u00e1s e quem recebe o benef\u00edcio?<\/h2>\n\n\n\n<p>O programa Aux\u00edlio G\u00e1s, tamb\u00e9m chamado de vale-g\u00e1s, \u00e9 um benef\u00edcio concedido a fam\u00edlias que est\u00e3o no Cad\u00danico (Cadastro \u00danico para Programas Sociais do Governo Federal) e foi criado para diminuir o impacto do pre\u00e7o do g\u00e1s no or\u00e7amento das pessoas de baixa renda.<\/p>\n\n\n\n<p>O programa foi lan\u00e7ado em 2021 e repassa a cada dois meses o valor equivalente \u00e0 m\u00e9dia do pre\u00e7o nacional de um botij\u00e3o de 13 kg de GLP (g\u00e1s liquefeito de petr\u00f3leo), calculado pela ANP (Ag\u00eancia Nacional do Petr\u00f3leo, G\u00e1s Natural e Biocombust\u00edveis).<\/p>\n\n\n\n<p>Recebe o aux\u00edlio a fam\u00edlia inscrita no Cad\u00danico que esteja em situa\u00e7\u00e3o de extrema pobreza. Ao todo, s\u00e3o cerca de 5,5 milh\u00f5es de benefici\u00e1rios.<\/p>\n\n\n\n<h2 class=\"wp-block-heading\">Aux\u00edlio para moradia<\/h2>\n\n\n\n<p>Tamb\u00e9m anunciado na quarta-feira (15), todas as fam\u00edlias diretamente afetadas pela cat\u00e1strofe clim\u00e1tica no Rio Grande do Sul v\u00e3o receber R$ 5.100 mil do governo federal para repor equipamentos e outros bens perdidos pelos efeitos das fortes chuvas que atingiram o estado.<\/p>\n\n\n\n<p>A estimativa \u00e9 de que cerca de 240 mil fam\u00edlias sejam beneficiadas, a partir de um investimento de R$ 1,2 bilh\u00e3o. No abrigo montado na Unisinos (Universidade do Vale do Rio dos Sinos), campus S\u00e3o Leopoldo, as fam\u00edlias est\u00e3o recebendo assist\u00eancia m\u00e9dica, socioassistencial, alimenta\u00e7\u00e3o e alojamento.<\/p>\n\n\n\n<p>O MDS destina R$ 20 mil a cada grupo de 50 pessoas acolhidas. At\u00e9 ter\u00e7a-feira (14), 48 dos 446 munic\u00edpios atingidos solicitaram o recurso. Para esses, j\u00e1 foi aprovado um repasse total de R$ 11,3 milh\u00f5es para atender cerca de 40 mil pessoas.<\/p>\n","protected":false},"excerpt":{"rendered":"","protected":false},"author":1,"featured_media":0,"comment_status":"closed","ping_status":"open","sticky":false,"template":"","format":"image","meta":{"site-sidebar-layout":"default","site-content-layout":"","ast-site-content-layout":"default","site-content-style":"default","site-sidebar-style":"default","ast-global-header-display":"","ast-banner-title-visibility":"","ast-main-header-display":"","ast-hfb-above-header-display":"","ast-hfb-below-header-display":"","ast-hfb-mobile-header-display":"","site-post-title":"","ast-breadcrumbs-content":"","ast-featured-img":"","footer-sml-layout":"","ast-disable-related-posts":"","theme-transparent-header-meta":"","adv-header-id-meta":"","stick-header-meta":"","header-above-stick-meta":"","header-main-stick-meta":"","header-below-stick-meta":"","astra-migrate-meta-layouts":"default","ast-page-background-enabled":"default","ast-page-background-meta":{"desktop":{"background-color":"var(--ast-global-color-4)","background-image":"","background-repeat":"repeat","background-position":"center center","background-size":"auto","background-attachment":"scroll","background-type":"","background-media":"","overlay-type":"","overlay-color":"","overlay-opacity":"","overlay-gradient":""},"tablet":{"background-color":"","background-image":"","background-repeat":"repeat","background-position":"center center","background-size":"auto","background-attachment":"scroll","background-type":"","background-media":"","overlay-type":"","overlay-color":"","overlay-opacity":"","overlay-gradient":""},"mobile":{"background-color":"","background-image":"","background-repeat":"repeat","background-position":"center center","background-size":"auto","background-attachment":"scroll","background-type":"","background-media":"","overlay-type":"","overlay-color":"","overlay-opacity":"","overlay-gradient":""}},"ast-content-background-meta":{"desktop":{"background-color":"var(--ast-global-color-5)","background-image":"","background-repeat":"repeat","background-position":"center center","background-size":"auto","background-attachment":"scroll","background-type":"","background-media":"","overlay-type":"","overlay-color":"","overlay-opacity":"","overlay-gradient":""},"tablet":{"background-color":"var(--ast-global-color-5)","background-image":"","background-repeat":"repeat","background-position":"center center","background-size":"auto","background-attachment":"scroll","background-type":"","background-media":"","overlay-type":"","overlay-color":"","overlay-opacity":"","overlay-gradient":""},"mobile":{"background-color":"var(--ast-global-color-5)","background-image":"","background-repeat":"repeat","background-position":"center center","background-size":"auto","background-attachment":"scroll","background-type":"","background-media":"","overlay-type":"","overlay-color":"","overlay-opacity":"","overlay-gradient":""}},"footnotes":""},"categories":[517],"tags":[2425,2429,238,2281],"class_list":["post-24515","post","type-post","status-publish","format-image","hentry","category-aconteceu","tag-auxilio-gas","tag-bolsa-familia","tag-governo-federal","tag-governo-lula","post_format-post-format-image"],"_links":{"self":[{"href":"https:\/\/noticiasnoface.com.br\/index.php\/wp-json\/wp\/v2\/posts\/24515","targetHints":{"allow":["GET"]}}],"collection":[{"href":"https:\/\/noticiasnoface.com.br\/index.php\/wp-json\/wp\/v2\/posts"}],"about":[{"href":"https:\/\/noticiasnoface.com.br\/index.php\/wp-json\/wp\/v2\/types\/post"}],"author":[{"embeddable":true,"href":"https:\/\/noticiasnoface.com.br\/index.php\/wp-json\/wp\/v2\/users\/1"}],"replies":[{"embeddable":true,"href":"https:\/\/noticiasnoface.com.br\/index.php\/wp-json\/wp\/v2\/comments?post=24515"}],"version-history":[{"count":1,"href":"https:\/\/noticiasnoface.com.br\/index.php\/wp-json\/wp\/v2\/posts\/24515\/revisions"}],"predecessor-version":[{"id":24516,"href":"https:\/\/noticiasnoface.com.br\/index.php\/wp-json\/wp\/v2\/posts\/24515\/revisions\/24516"}],"wp:attachment":[{"href":"https:\/\/noticiasnoface.com.br\/index.php\/wp-json\/wp\/v2\/media?parent=24515"}],"wp:term":[{"taxonomy":"category","embeddable":true,"href":"https:\/\/noticiasnoface.com.br\/index.php\/wp-json\/wp\/v2\/categories?post=24515"},{"taxonomy":"post_tag","embeddable":true,"href":"https:\/\/noticiasnoface.com.br\/index.php\/wp-json\/wp\/v2\/tags?post=24515"}],"curies":[{"name":"wp","href":"https:\/\/api.w.org\/{rel}","templated":true}]}}