{"id":24521,"date":"2024-06-17T20:10:43","date_gmt":"2024-06-17T23:10:43","guid":{"rendered":"https:\/\/noticiasnoface.com.br\/?p=24521"},"modified":"2024-06-17T20:10:43","modified_gmt":"2024-06-17T23:10:43","slug":"eleicoes-na-franca-direita-lidera-pesquisas-de-intencoes-de-votos-com-33-macron-tem-19","status":"publish","type":"post","link":"https:\/\/noticiasnoface.com.br\/index.php\/2024\/06\/17\/eleicoes-na-franca-direita-lidera-pesquisas-de-intencoes-de-votos-com-33-macron-tem-19\/","title":{"rendered":"Elei\u00e7\u00f5es na Fran\u00e7a: direita lidera pesquisas de inten\u00e7\u00f5es de votos com 33%; Macron tem 19%"},"content":{"rendered":"\n<figure class=\"wp-block-image size-large\"><img data-opt-id=1107579508  fetchpriority=\"high\" decoding=\"async\" width=\"1024\" height=\"683\" src=\"https:\/\/mlbfrsat7ahr.i.optimole.com\/w:1024\/h:683\/q:mauto\/ig:avif\/https:\/\/noticiasnoface.com.br\/wp-content\/uploads\/2024\/06\/img_6899-1.jpg\" class=\"wp-image-24520\" srcset=\"https:\/\/mlbfrsat7ahr.i.optimole.com\/w:1024\/h:683\/q:mauto\/ig:avif\/https:\/\/noticiasnoface.com.br\/wp-content\/uploads\/2024\/06\/img_6899-1-scaled.jpg 1024w, https:\/\/mlbfrsat7ahr.i.optimole.com\/w:300\/h:200\/q:mauto\/ig:avif\/https:\/\/noticiasnoface.com.br\/wp-content\/uploads\/2024\/06\/img_6899-1-scaled.jpg 300w, https:\/\/mlbfrsat7ahr.i.optimole.com\/w:768\/h:512\/q:mauto\/ig:avif\/https:\/\/noticiasnoface.com.br\/wp-content\/uploads\/2024\/06\/img_6899-1-scaled.jpg 768w, https:\/\/mlbfrsat7ahr.i.optimole.com\/w:1536\/h:1024\/q:mauto\/ig:avif\/https:\/\/noticiasnoface.com.br\/wp-content\/uploads\/2024\/06\/img_6899-1-scaled.jpg 1536w, https:\/\/mlbfrsat7ahr.i.optimole.com\/w:1620\/h:1080\/q:mauto\/ig:avif\/https:\/\/noticiasnoface.com.br\/wp-content\/uploads\/2024\/06\/img_6899-1-scaled.jpg 2048w\" sizes=\"(max-width: 1000px) 100vw, 1000px\" \/><\/figure>\n\n\n\n<!--more-->\n\n\n\n<p>Uma pesquisa realizada pelo Ifop na&nbsp;<strong><a href=\"https:\/\/jovempan.com.br\/tag\/franca\" target=\"_blank\" rel=\"noreferrer noopener\">Fran\u00e7a<\/a><\/strong>revelou que a coaliz\u00e3o governista do presidente&nbsp;<strong><a href=\"https:\/\/jovempan.com.br\/tag\/emmanuel-macron\" target=\"_blank\" rel=\"noreferrer noopener\">Emmanuel Macron<\/a><\/strong>&nbsp;possui 19% das inten\u00e7\u00f5es de voto, enquanto o Reagrupamento Nacional, liderado por&nbsp;<strong><a href=\"https:\/\/jovempan.com.br\/tag\/marine-le-pen\" target=\"_blank\" rel=\"noreferrer noopener\">Marine Le Pen<\/a><\/strong>, conta com 33%. A Esquerda Unida aparece com 26% das inten\u00e7\u00f5es, mostrando um cen\u00e1rio de disputa acirrada \u00e0s v\u00e9speras das elei\u00e7\u00f5es legislativas.&nbsp;Os n\u00fameros da pesquisa indicam que os nomes ligados ao governo est\u00e3o enfrentando um \u201cvoto de san\u00e7\u00e3o\u201d, semelhante ao que ocorreu nas elei\u00e7\u00f5es para o<strong><a href=\"https:\/\/jovempan.com.br\/tag\/parlamento-europeu\" target=\"_blank\" rel=\"noreferrer noopener\">&nbsp;Parlamento Europeu<\/a><\/strong>. No entanto, a diferen\u00e7a \u00e9 que a elei\u00e7\u00e3o nacional francesa ter\u00e1 um segundo turno em 7 de julho, o que pode mudar o cen\u00e1rio pol\u00edtico no pa\u00eds. De acordo com analistas, Macron espera obter um resultado melhor no segundo turno, contando com a uni\u00e3o de outras for\u00e7as pol\u00edticas contra a extrema-direita.<\/p>\n\n\n\n<p><\/p>\n\n\n\n<p>A pesquisa tamb\u00e9m aponta que 63% dos eleitores consultados pretendem participar da disputa legislativa, um aumento significativo em rela\u00e7\u00e3o \u00e0 participa\u00e7\u00e3o nas elei\u00e7\u00f5es anteriores, em 2022.&nbsp;O levantamento do Ifop foi realizado com 1.200 eleitores nos dias 13 e 14 de junho, fornecendo uma amostra representativa da opini\u00e3o p\u00fablica francesa em rela\u00e7\u00e3o \u00e0s elei\u00e7\u00f5es. Com a proximidade do primeiro turno, marcado para 30 de junho, a disputa eleitoral promete ser acirrada e com desdobramentos importantes para o cen\u00e1rio pol\u00edtico do pa\u00eds. VIA JOVEM PAN <\/p>\n","protected":false},"excerpt":{"rendered":"","protected":false},"author":1,"featured_media":0,"comment_status":"closed","ping_status":"open","sticky":false,"template":"","format":"image","meta":{"site-sidebar-layout":"default","site-content-layout":"","ast-site-content-layout":"default","site-content-style":"default","site-sidebar-style":"default","ast-global-header-display":"","ast-banner-title-visibility":"","ast-main-header-display":"","ast-hfb-above-header-display":"","ast-hfb-below-header-display":"","ast-hfb-mobile-header-display":"","site-post-title":"","ast-breadcrumbs-content":"","ast-featured-img":"","footer-sml-layout":"","ast-disable-related-posts":"","theme-transparent-header-meta":"","adv-header-id-meta":"","stick-header-meta":"","header-above-stick-meta":"","header-main-stick-meta":"","header-below-stick-meta":"","astra-migrate-meta-layouts":"default","ast-page-background-enabled":"default","ast-page-background-meta":{"desktop":{"background-color":"var(--ast-global-color-4)","background-image":"","background-repeat":"repeat","background-position":"center center","background-size":"auto","background-attachment":"scroll","background-type":"","background-media":"","overlay-type":"","overlay-color":"","overlay-opacity":"","overlay-gradient":""},"tablet":{"background-color":"","background-image":"","background-repeat":"repeat","background-position":"center center","background-size":"auto","background-attachment":"scroll","background-type":"","background-media":"","overlay-type":"","overlay-color":"","overlay-opacity":"","overlay-gradient":""},"mobile":{"background-color":"","background-image":"","background-repeat":"repeat","background-position":"center center","background-size":"auto","background-attachment":"scroll","background-type":"","background-media":"","overlay-type":"","overlay-color":"","overlay-opacity":"","overlay-gradient":""}},"ast-content-background-meta":{"desktop":{"background-color":"var(--ast-global-color-5)","background-image":"","background-repeat":"repeat","background-position":"center center","background-size":"auto","background-attachment":"scroll","background-type":"","background-media":"","overlay-type":"","overlay-color":"","overlay-opacity":"","overlay-gradient":""},"tablet":{"background-color":"var(--ast-global-color-5)","background-image":"","background-repeat":"repeat","background-position":"center center","background-size":"auto","background-attachment":"scroll","background-type":"","background-media":"","overlay-type":"","overlay-color":"","overlay-opacity":"","overlay-gradient":""},"mobile":{"background-color":"var(--ast-global-color-5)","background-image":"","background-repeat":"repeat","background-position":"center center","background-size":"auto","background-attachment":"scroll","background-type":"","background-media":"","overlay-type":"","overlay-color":"","overlay-opacity":"","overlay-gradient":""}},"footnotes":""},"categories":[517],"tags":[],"class_list":["post-24521","post","type-post","status-publish","format-image","hentry","category-aconteceu","post_format-post-format-image"],"_links":{"self":[{"href":"https:\/\/noticiasnoface.com.br\/index.php\/wp-json\/wp\/v2\/posts\/24521","targetHints":{"allow":["GET"]}}],"collection":[{"href":"https:\/\/noticiasnoface.com.br\/index.php\/wp-json\/wp\/v2\/posts"}],"about":[{"href":"https:\/\/noticiasnoface.com.br\/index.php\/wp-json\/wp\/v2\/types\/post"}],"author":[{"embeddable":true,"href":"https:\/\/noticiasnoface.com.br\/index.php\/wp-json\/wp\/v2\/users\/1"}],"replies":[{"embeddable":true,"href":"https:\/\/noticiasnoface.com.br\/index.php\/wp-json\/wp\/v2\/comments?post=24521"}],"version-history":[{"count":1,"href":"https:\/\/noticiasnoface.com.br\/index.php\/wp-json\/wp\/v2\/posts\/24521\/revisions"}],"predecessor-version":[{"id":24522,"href":"https:\/\/noticiasnoface.com.br\/index.php\/wp-json\/wp\/v2\/posts\/24521\/revisions\/24522"}],"wp:attachment":[{"href":"https:\/\/noticiasnoface.com.br\/index.php\/wp-json\/wp\/v2\/media?parent=24521"}],"wp:term":[{"taxonomy":"category","embeddable":true,"href":"https:\/\/noticiasnoface.com.br\/index.php\/wp-json\/wp\/v2\/categories?post=24521"},{"taxonomy":"post_tag","embeddable":true,"href":"https:\/\/noticiasnoface.com.br\/index.php\/wp-json\/wp\/v2\/tags?post=24521"}],"curies":[{"name":"wp","href":"https:\/\/api.w.org\/{rel}","templated":true}]}}