{"id":24539,"date":"2024-06-18T10:01:46","date_gmt":"2024-06-18T13:01:46","guid":{"rendered":"https:\/\/noticiasnoface.com.br\/?p=24539"},"modified":"2024-06-18T10:01:46","modified_gmt":"2024-06-18T13:01:46","slug":"val-marchiori-agradece-apoio-do-namorado-apos-denunciar-ex-de-agressao","status":"publish","type":"post","link":"https:\/\/noticiasnoface.com.br\/index.php\/2024\/06\/18\/val-marchiori-agradece-apoio-do-namorado-apos-denunciar-ex-de-agressao\/","title":{"rendered":"Val Marchiori agradece apoio do namorado ap\u00f3s denunciar ex de agress\u00e3o"},"content":{"rendered":"\n<figure class=\"wp-block-image size-large\"><img data-opt-id=53856031  fetchpriority=\"high\" decoding=\"async\" width=\"906\" height=\"509\" src=\"https:\/\/mlbfrsat7ahr.i.optimole.com\/w:auto\/h:auto\/q:mauto\/ig:avif\/https:\/\/noticiasnoface.com.br\/wp-content\/uploads\/2024\/06\/img_6941.jpg\" class=\"wp-image-24538\" srcset=\"https:\/\/mlbfrsat7ahr.i.optimole.com\/w:906\/h:509\/q:mauto\/ig:avif\/https:\/\/noticiasnoface.com.br\/wp-content\/uploads\/2024\/06\/img_6941.jpg 906w, https:\/\/mlbfrsat7ahr.i.optimole.com\/w:300\/h:169\/q:mauto\/ig:avif\/https:\/\/noticiasnoface.com.br\/wp-content\/uploads\/2024\/06\/img_6941.jpg 300w, https:\/\/mlbfrsat7ahr.i.optimole.com\/w:768\/h:431\/q:mauto\/ig:avif\/https:\/\/noticiasnoface.com.br\/wp-content\/uploads\/2024\/06\/img_6941.jpg 768w\" sizes=\"(max-width: 906px) 100vw, 906px\" \/><\/figure>\n\n\n\n<p>A empres\u00e1ria pediu uma medida protetiva contra o empres\u00e1rio Thiago Castilho<\/p>\n\n\n\n<!--more-->\n\n\n\n<p>Depois de acusar o ex-marido de viol\u00eancia dom\u00e9stica,&nbsp;<strong>Val Marchiori<\/strong>&nbsp;, de 49 anos, expressou sua gratid\u00e3o pelo apoio recebido do novo namorado, o advogado&nbsp;<strong>Amilton Augusto<\/strong>&nbsp;, atrav\u00e9s de uma publica\u00e7\u00e3o nas redes sociais. Na \u00faltima segunda-feira (17), a socialite divulgou um comunicado confirmando que havia tomado medidas legais contra o ex, o empres\u00e1rio&nbsp;<strong>Thiago Castilho<\/strong>&nbsp;.<\/p>\n\n\n\n<p>Ap\u00f3s a declara\u00e7\u00e3o de Val, Amilton comentou em uma postagem dela, demonstrando apoio. &#8220;Os desafios da vida foram feitos para serem ultrapassados, e voc\u00ea \u00e9 uma mulher extraordin\u00e1ria e de muita resili\u00eancia. Estamo juntos sempre. Amo Voc\u00ea&#8221;, afirmou.<\/p>\n\n\n\n<p>&#8220;Obrigada, amor, pelo carinho, apoio, confian\u00e7a, compreens\u00e3o e todo seu amor neste momento t\u00e3o delicado que estou vivendo. Te amo&#8221;, respondeu Val.<\/p>\n\n\n\n<h3 class=\"wp-block-heading\">Val Marchiori denuncia ex-marido<\/h3>\n\n\n\n<p>Val Marchiori, de 49 anos, denunciou o ex-marido, Thiago Castilho, de 40, por viol\u00eancia dom\u00e9stica. A socialite comunicou o fim do casamento com o empres\u00e1rio em mar\u00e7o deste ano e confirmou, atrav\u00e9s de um comunicado enviado \u00e0 Quem, na manh\u00e3 desta segunda-feira (17), que solicitou uma medida protetiva contra o ex na Justi\u00e7a.<\/p>\n\n\n\n<p>A estrela do reality show Mulheres Ricas afirmou n\u00e3o poder fornecer mais detalhes sobre o caso, que tramita em segredo de Justi\u00e7a, mas mencionou que h\u00e1 uma investiga\u00e7\u00e3o policial em curso. &#8220;Precisei buscar amparo policial e judicial, tendo em vista ter passado por tais circunst\u00e2ncias, que se somaram no tempo, intensificando com a separa\u00e7\u00e3o. Todos os fatos foram levados \u00e0 autoridade policial, que abriu inqu\u00e9rito e encaminhou ao Poder Judici\u00e1rio, este que deferiu algumas medidas&#8221;, disse Val.<\/p>\n\n\n\n<p>De acordo com informa\u00e7\u00f5es divulgadas primeiramente pelo colunista Leo Dias, a apresentadora acusa Castilho de viol\u00eancia dom\u00e9stica e persegui\u00e7\u00e3o. No processo, Marchiori tamb\u00e9m alega que o ex-marido come\u00e7ou a fazer uso excessivo de medicamentos controlados e bebidas alco\u00f3licas nos \u00faltimos dois anos, per\u00edodo em que teria deixado de trabalhar e se tornado um homem &#8220;improdutivo&#8221; e &#8220;grosseiro&#8221;.<\/p>\n","protected":false},"excerpt":{"rendered":"<p>A empres\u00e1ria pediu uma medida protetiva contra o empres\u00e1rio Thiago Castilho<\/p>\n","protected":false},"author":1,"featured_media":0,"comment_status":"closed","ping_status":"open","sticky":false,"template":"","format":"image","meta":{"site-sidebar-layout":"default","site-content-layout":"","ast-site-content-layout":"default","site-content-style":"default","site-sidebar-style":"default","ast-global-header-display":"","ast-banner-title-visibility":"","ast-main-header-display":"","ast-hfb-above-header-display":"","ast-hfb-below-header-display":"","ast-hfb-mobile-header-display":"","site-post-title":"","ast-breadcrumbs-content":"","ast-featured-img":"","footer-sml-layout":"","ast-disable-related-posts":"","theme-transparent-header-meta":"","adv-header-id-meta":"","stick-header-meta":"","header-above-stick-meta":"","header-main-stick-meta":"","header-below-stick-meta":"","astra-migrate-meta-layouts":"default","ast-page-background-enabled":"default","ast-page-background-meta":{"desktop":{"background-color":"var(--ast-global-color-4)","background-image":"","background-repeat":"repeat","background-position":"center center","background-size":"auto","background-attachment":"scroll","background-type":"","background-media":"","overlay-type":"","overlay-color":"","overlay-opacity":"","overlay-gradient":""},"tablet":{"background-color":"","background-image":"","background-repeat":"repeat","background-position":"center center","background-size":"auto","background-attachment":"scroll","background-type":"","background-media":"","overlay-type":"","overlay-color":"","overlay-opacity":"","overlay-gradient":""},"mobile":{"background-color":"","background-image":"","background-repeat":"repeat","background-position":"center center","background-size":"auto","background-attachment":"scroll","background-type":"","background-media":"","overlay-type":"","overlay-color":"","overlay-opacity":"","overlay-gradient":""}},"ast-content-background-meta":{"desktop":{"background-color":"var(--ast-global-color-5)","background-image":"","background-repeat":"repeat","background-position":"center center","background-size":"auto","background-attachment":"scroll","background-type":"","background-media":"","overlay-type":"","overlay-color":"","overlay-opacity":"","overlay-gradient":""},"tablet":{"background-color":"var(--ast-global-color-5)","background-image":"","background-repeat":"repeat","background-position":"center center","background-size":"auto","background-attachment":"scroll","background-type":"","background-media":"","overlay-type":"","overlay-color":"","overlay-opacity":"","overlay-gradient":""},"mobile":{"background-color":"var(--ast-global-color-5)","background-image":"","background-repeat":"repeat","background-position":"center center","background-size":"auto","background-attachment":"scroll","background-type":"","background-media":"","overlay-type":"","overlay-color":"","overlay-opacity":"","overlay-gradient":""}},"footnotes":""},"categories":[154],"tags":[],"class_list":["post-24539","post","type-post","status-publish","format-image","hentry","category-comportamento","post_format-post-format-image"],"_links":{"self":[{"href":"https:\/\/noticiasnoface.com.br\/index.php\/wp-json\/wp\/v2\/posts\/24539","targetHints":{"allow":["GET"]}}],"collection":[{"href":"https:\/\/noticiasnoface.com.br\/index.php\/wp-json\/wp\/v2\/posts"}],"about":[{"href":"https:\/\/noticiasnoface.com.br\/index.php\/wp-json\/wp\/v2\/types\/post"}],"author":[{"embeddable":true,"href":"https:\/\/noticiasnoface.com.br\/index.php\/wp-json\/wp\/v2\/users\/1"}],"replies":[{"embeddable":true,"href":"https:\/\/noticiasnoface.com.br\/index.php\/wp-json\/wp\/v2\/comments?post=24539"}],"version-history":[{"count":1,"href":"https:\/\/noticiasnoface.com.br\/index.php\/wp-json\/wp\/v2\/posts\/24539\/revisions"}],"predecessor-version":[{"id":24540,"href":"https:\/\/noticiasnoface.com.br\/index.php\/wp-json\/wp\/v2\/posts\/24539\/revisions\/24540"}],"wp:attachment":[{"href":"https:\/\/noticiasnoface.com.br\/index.php\/wp-json\/wp\/v2\/media?parent=24539"}],"wp:term":[{"taxonomy":"category","embeddable":true,"href":"https:\/\/noticiasnoface.com.br\/index.php\/wp-json\/wp\/v2\/categories?post=24539"},{"taxonomy":"post_tag","embeddable":true,"href":"https:\/\/noticiasnoface.com.br\/index.php\/wp-json\/wp\/v2\/tags?post=24539"}],"curies":[{"name":"wp","href":"https:\/\/api.w.org\/{rel}","templated":true}]}}