{"id":24542,"date":"2024-06-18T19:58:25","date_gmt":"2024-06-18T22:58:25","guid":{"rendered":"https:\/\/noticiasnoface.com.br\/?p=24542"},"modified":"2024-06-18T19:58:25","modified_gmt":"2024-06-18T22:58:25","slug":"salatiel-propoe-parque-tecnologico-para-parnamirim","status":"publish","type":"post","link":"https:\/\/noticiasnoface.com.br\/index.php\/2024\/06\/18\/salatiel-propoe-parque-tecnologico-para-parnamirim\/","title":{"rendered":"Salatiel prop\u00f5e Parque Tecnol\u00f3gico para Parnamirim"},"content":{"rendered":"\n<figure class=\"wp-block-video\"><video height=\"848\" style=\"aspect-ratio: 480 \/ 848;\" width=\"480\" controls src=\"https:\/\/noticiasnoface.com.br\/wp-content\/uploads\/2024\/06\/71098ca3-9b66-4cf7-a574-052abf03ce1a-1.mp4\"><\/video><\/figure>\n\n\n\n<!--more-->\n\n\n\n<p><em>Salatiel prop\u00f5e Parque Tecnol\u00f3gico para Parnamirim<\/em><\/p>\n\n\n\n<p>Uma cidade inteligente e tecnol\u00f3gica, com capacidade para atrair cerca de 200 novas empresas (start ups), gera\u00e7\u00e3o de empregos e cria\u00e7\u00e3o de projetos inovadores. Essa \u00e9 a proposta do pr\u00e9-candidato Salatiel de Souza para Parnamirim. A ideia foi apresentada \u00e0 dire\u00e7\u00e3o do Instituto Metr\u00f3pole Digital da UFRN, na tarde desta ter\u00e7a-feira (18).<\/p>\n\n\n\n<p>\u201cConhecemos o funcionamento de um centro de excel\u00eancia em tecnologia e inova\u00e7\u00e3o que \u00e9 o IMD, durante encontro com o diretor, Ivonildo R\u00eago, e dos professores Frederico Lopes e Bet\u00e2nia Ramalho. Na ocasi\u00e3o, tamb\u00e9m apresentamos uma proposta de levar o Parque Tecnol\u00f3gico para o munic\u00edpio de Parnamirim. Com isso atrair startups\u201d, destaca Salatiel.<\/p>\n\n\n\n<p>Idealizado e viabilizado pelo ent\u00e3o deputado federal e hoje senador da Rep\u00fablica Rog\u00e9rio Marinho, o Metr\u00f3pole Digital da UFRN j\u00e1 financiou mais de 400 projetos de bolsistas, atraiu mais de 200 empresas e gerou mais de 3.000 empregos. Al\u00e9m da forma\u00e7\u00e3o profissional de milhares de jovens. \u00c9 o maior parque tecnol\u00f3gico do Estado e pronto para ampliar sua atua\u00e7\u00e3o.<\/p>\n","protected":false},"excerpt":{"rendered":"","protected":false},"author":1,"featured_media":0,"comment_status":"closed","ping_status":"open","sticky":false,"template":"","format":"image","meta":{"site-sidebar-layout":"default","site-content-layout":"","ast-site-content-layout":"default","site-content-style":"default","site-sidebar-style":"default","ast-global-header-display":"","ast-banner-title-visibility":"","ast-main-header-display":"","ast-hfb-above-header-display":"","ast-hfb-below-header-display":"","ast-hfb-mobile-header-display":"","site-post-title":"","ast-breadcrumbs-content":"","ast-featured-img":"","footer-sml-layout":"","ast-disable-related-posts":"","theme-transparent-header-meta":"","adv-header-id-meta":"","stick-header-meta":"","header-above-stick-meta":"","header-main-stick-meta":"","header-below-stick-meta":"","astra-migrate-meta-layouts":"default","ast-page-background-enabled":"default","ast-page-background-meta":{"desktop":{"background-color":"var(--ast-global-color-4)","background-image":"","background-repeat":"repeat","background-position":"center center","background-size":"auto","background-attachment":"scroll","background-type":"","background-media":"","overlay-type":"","overlay-color":"","overlay-opacity":"","overlay-gradient":""},"tablet":{"background-color":"","background-image":"","background-repeat":"repeat","background-position":"center center","background-size":"auto","background-attachment":"scroll","background-type":"","background-media":"","overlay-type":"","overlay-color":"","overlay-opacity":"","overlay-gradient":""},"mobile":{"background-color":"","background-image":"","background-repeat":"repeat","background-position":"center center","background-size":"auto","background-attachment":"scroll","background-type":"","background-media":"","overlay-type":"","overlay-color":"","overlay-opacity":"","overlay-gradient":""}},"ast-content-background-meta":{"desktop":{"background-color":"var(--ast-global-color-5)","background-image":"","background-repeat":"repeat","background-position":"center center","background-size":"auto","background-attachment":"scroll","background-type":"","background-media":"","overlay-type":"","overlay-color":"","overlay-opacity":"","overlay-gradient":""},"tablet":{"background-color":"var(--ast-global-color-5)","background-image":"","background-repeat":"repeat","background-position":"center center","background-size":"auto","background-attachment":"scroll","background-type":"","background-media":"","overlay-type":"","overlay-color":"","overlay-opacity":"","overlay-gradient":""},"mobile":{"background-color":"var(--ast-global-color-5)","background-image":"","background-repeat":"repeat","background-position":"center center","background-size":"auto","background-attachment":"scroll","background-type":"","background-media":"","overlay-type":"","overlay-color":"","overlay-opacity":"","overlay-gradient":""}},"footnotes":""},"categories":[517],"tags":[],"class_list":["post-24542","post","type-post","status-publish","format-image","hentry","category-aconteceu","post_format-post-format-image"],"_links":{"self":[{"href":"https:\/\/noticiasnoface.com.br\/index.php\/wp-json\/wp\/v2\/posts\/24542","targetHints":{"allow":["GET"]}}],"collection":[{"href":"https:\/\/noticiasnoface.com.br\/index.php\/wp-json\/wp\/v2\/posts"}],"about":[{"href":"https:\/\/noticiasnoface.com.br\/index.php\/wp-json\/wp\/v2\/types\/post"}],"author":[{"embeddable":true,"href":"https:\/\/noticiasnoface.com.br\/index.php\/wp-json\/wp\/v2\/users\/1"}],"replies":[{"embeddable":true,"href":"https:\/\/noticiasnoface.com.br\/index.php\/wp-json\/wp\/v2\/comments?post=24542"}],"version-history":[{"count":1,"href":"https:\/\/noticiasnoface.com.br\/index.php\/wp-json\/wp\/v2\/posts\/24542\/revisions"}],"predecessor-version":[{"id":24543,"href":"https:\/\/noticiasnoface.com.br\/index.php\/wp-json\/wp\/v2\/posts\/24542\/revisions\/24543"}],"wp:attachment":[{"href":"https:\/\/noticiasnoface.com.br\/index.php\/wp-json\/wp\/v2\/media?parent=24542"}],"wp:term":[{"taxonomy":"category","embeddable":true,"href":"https:\/\/noticiasnoface.com.br\/index.php\/wp-json\/wp\/v2\/categories?post=24542"},{"taxonomy":"post_tag","embeddable":true,"href":"https:\/\/noticiasnoface.com.br\/index.php\/wp-json\/wp\/v2\/tags?post=24542"}],"curies":[{"name":"wp","href":"https:\/\/api.w.org\/{rel}","templated":true}]}}