{"id":24548,"date":"2024-06-19T15:53:43","date_gmt":"2024-06-19T18:53:43","guid":{"rendered":"https:\/\/noticiasnoface.com.br\/?p=24548"},"modified":"2024-06-19T15:53:43","modified_gmt":"2024-06-19T18:53:43","slug":"wolney-franca-comemora-parceria-com-o-senac-rn-para-novos-cursos-gratuitos-na-camara-de-parnamirim","status":"publish","type":"post","link":"https:\/\/noticiasnoface.com.br\/index.php\/2024\/06\/19\/wolney-franca-comemora-parceria-com-o-senac-rn-para-novos-cursos-gratuitos-na-camara-de-parnamirim\/","title":{"rendered":"Wolney Fran\u00e7a comemora parceria com o SENAC\/RN para novos cursos gratuitos na C\u00e2mara de Parnamirim"},"content":{"rendered":"\n<figure class=\"wp-block-image size-large\"><img data-opt-id=1708356804  fetchpriority=\"high\" decoding=\"async\" width=\"1024\" height=\"747\" src=\"https:\/\/mlbfrsat7ahr.i.optimole.com\/w:1024\/h:747\/q:mauto\/ig:avif\/https:\/\/noticiasnoface.com.br\/wp-content\/uploads\/2024\/06\/30efc003-cb61-4e45-905b-1c902746f5c9-1.jpg\" class=\"wp-image-24547\" srcset=\"https:\/\/mlbfrsat7ahr.i.optimole.com\/w:1024\/h:747\/q:mauto\/ig:avif\/https:\/\/noticiasnoface.com.br\/wp-content\/uploads\/2024\/06\/30efc003-cb61-4e45-905b-1c902746f5c9-1.jpg 1024w, https:\/\/mlbfrsat7ahr.i.optimole.com\/w:300\/h:219\/q:mauto\/ig:avif\/https:\/\/noticiasnoface.com.br\/wp-content\/uploads\/2024\/06\/30efc003-cb61-4e45-905b-1c902746f5c9-1.jpg 300w, https:\/\/mlbfrsat7ahr.i.optimole.com\/w:768\/h:561\/q:mauto\/ig:avif\/https:\/\/noticiasnoface.com.br\/wp-content\/uploads\/2024\/06\/30efc003-cb61-4e45-905b-1c902746f5c9-1.jpg 768w, https:\/\/mlbfrsat7ahr.i.optimole.com\/w:1403\/h:1024\/q:mauto\/ig:avif\/https:\/\/noticiasnoface.com.br\/wp-content\/uploads\/2024\/06\/30efc003-cb61-4e45-905b-1c902746f5c9-1.jpg 1403w\" sizes=\"(max-width: 1000px) 100vw, 1000px\" \/><\/figure>\n\n\n\n<!--more-->\n\n\n\n<p><em>Wolney Fran\u00e7a comemora parceria com o SENAC\/RN para novos cursos gratuitos na C\u00e2mara de Parnamirim<\/em><\/p>\n\n\n\n<p>O trabalho de inova\u00e7\u00e3o e capacita\u00e7\u00e3o promovido pela C\u00e2mara Municipal de Parnamirim para beneficiar a popula\u00e7\u00e3o n\u00e3o para e, atrav\u00e9s da Escola do Legislativo, em parceria com o SENAC\/RN, a Casa Legislativa ofertar\u00e1 diversos novos cursos gratuitos, proporcionando oportunidades de capacita\u00e7\u00e3o e desenvolvimento pessoal para os cidad\u00e3os.<\/p>\n\n\n\n<p>Os cursos dispon\u00edveis incluem:<\/p>\n\n\n\n<p>Cuidador de Idosos: Um curso essencial para quem deseja se especializar no cuidado e no bem-estar da terceira idade, proporcionando conhecimentos sobre sa\u00fade, higiene, e suporte emocional.<\/p>\n\n\n\n<p>Lideran\u00e7a: Voltado para aqueles que desejam desenvolver habilidades de lideran\u00e7a e gest\u00e3o de equipes, preparando-os para assumirem posi\u00e7\u00f5es de destaque em suas \u00e1reas de atua\u00e7\u00e3o.<\/p>\n\n\n\n<p>Reda\u00e7\u00e3o para Concursos P\u00fablicos: Este curso \u00e9 ideal para quem est\u00e1 se preparando para concursos p\u00fablicos, oferecendo t\u00e9cnicas e pr\u00e1ticas para aprimorar a escrita e alcan\u00e7ar melhores resultados nas provas.<\/p>\n\n\n\n<p>Fotografia com Celular: Um curso que ensina t\u00e9cnicas de fotografia utilizando smartphones, perfeito para quem deseja capturar momentos com qualidade profissional, seja para uso pessoal ou profissional.<\/p>\n\n\n\n<p>&#8220;Esta parceria com o SENAC\/RN \u00e9 uma excelente oportunidade para oferecer cursos de alta qualidade \u00e0 popula\u00e7\u00e3o de Parnamirim, promovendo educa\u00e7\u00e3o e capacita\u00e7\u00e3o em \u00e1reas de grande demanda.&#8221;, afirmou Wolney Fran\u00e7a, presidente da C\u00e2mara Municipal.<\/p>\n\n\n\n<p>O primeiro curso a ser ministrado ser\u00e1 o de \u201cCuidador de Idosos\u201d no m\u00eas de agosto, as inscri\u00e7\u00f5es ser\u00e3o abertas em julho e podem ser realizadas atrav\u00e9s do aplicativo C\u00e2mara Conecta, dispon\u00edvel no IOS e Android, ou na pr\u00f3pria escola, localizado na C\u00e2mara Municipal. As vagas s\u00e3o limitadas, garantindo um atendimento personalizado e eficiente para todos os participantes.<\/p>\n\n\n\n<p>Para mais informa\u00e7\u00f5es, entre em contato com a Escola do Legislativo atrav\u00e9s do telefone (84) 99896-0168, que tamb\u00e9m atende via WhatsApp.<\/p>\n\n\n\n<p>A C\u00e2mara Municipal de Parnamirim continua empenhada em promover a\u00e7\u00f5es que beneficiem a popula\u00e7\u00e3o, refor\u00e7ando seu compromisso com o desenvolvimento educacional e social da cidade.<\/p>\n","protected":false},"excerpt":{"rendered":"","protected":false},"author":1,"featured_media":0,"comment_status":"closed","ping_status":"open","sticky":false,"template":"","format":"image","meta":{"site-sidebar-layout":"default","site-content-layout":"","ast-site-content-layout":"default","site-content-style":"default","site-sidebar-style":"default","ast-global-header-display":"","ast-banner-title-visibility":"","ast-main-header-display":"","ast-hfb-above-header-display":"","ast-hfb-below-header-display":"","ast-hfb-mobile-header-display":"","site-post-title":"","ast-breadcrumbs-content":"","ast-featured-img":"","footer-sml-layout":"","ast-disable-related-posts":"","theme-transparent-header-meta":"","adv-header-id-meta":"","stick-header-meta":"","header-above-stick-meta":"","header-main-stick-meta":"","header-below-stick-meta":"","astra-migrate-meta-layouts":"default","ast-page-background-enabled":"default","ast-page-background-meta":{"desktop":{"background-color":"var(--ast-global-color-4)","background-image":"","background-repeat":"repeat","background-position":"center center","background-size":"auto","background-attachment":"scroll","background-type":"","background-media":"","overlay-type":"","overlay-color":"","overlay-opacity":"","overlay-gradient":""},"tablet":{"background-color":"","background-image":"","background-repeat":"repeat","background-position":"center center","background-size":"auto","background-attachment":"scroll","background-type":"","background-media":"","overlay-type":"","overlay-color":"","overlay-opacity":"","overlay-gradient":""},"mobile":{"background-color":"","background-image":"","background-repeat":"repeat","background-position":"center center","background-size":"auto","background-attachment":"scroll","background-type":"","background-media":"","overlay-type":"","overlay-color":"","overlay-opacity":"","overlay-gradient":""}},"ast-content-background-meta":{"desktop":{"background-color":"var(--ast-global-color-5)","background-image":"","background-repeat":"repeat","background-position":"center center","background-size":"auto","background-attachment":"scroll","background-type":"","background-media":"","overlay-type":"","overlay-color":"","overlay-opacity":"","overlay-gradient":""},"tablet":{"background-color":"var(--ast-global-color-5)","background-image":"","background-repeat":"repeat","background-position":"center center","background-size":"auto","background-attachment":"scroll","background-type":"","background-media":"","overlay-type":"","overlay-color":"","overlay-opacity":"","overlay-gradient":""},"mobile":{"background-color":"var(--ast-global-color-5)","background-image":"","background-repeat":"repeat","background-position":"center center","background-size":"auto","background-attachment":"scroll","background-type":"","background-media":"","overlay-type":"","overlay-color":"","overlay-opacity":"","overlay-gradient":""}},"footnotes":""},"categories":[517],"tags":[],"class_list":["post-24548","post","type-post","status-publish","format-image","hentry","category-aconteceu","post_format-post-format-image"],"_links":{"self":[{"href":"https:\/\/noticiasnoface.com.br\/index.php\/wp-json\/wp\/v2\/posts\/24548","targetHints":{"allow":["GET"]}}],"collection":[{"href":"https:\/\/noticiasnoface.com.br\/index.php\/wp-json\/wp\/v2\/posts"}],"about":[{"href":"https:\/\/noticiasnoface.com.br\/index.php\/wp-json\/wp\/v2\/types\/post"}],"author":[{"embeddable":true,"href":"https:\/\/noticiasnoface.com.br\/index.php\/wp-json\/wp\/v2\/users\/1"}],"replies":[{"embeddable":true,"href":"https:\/\/noticiasnoface.com.br\/index.php\/wp-json\/wp\/v2\/comments?post=24548"}],"version-history":[{"count":1,"href":"https:\/\/noticiasnoface.com.br\/index.php\/wp-json\/wp\/v2\/posts\/24548\/revisions"}],"predecessor-version":[{"id":24549,"href":"https:\/\/noticiasnoface.com.br\/index.php\/wp-json\/wp\/v2\/posts\/24548\/revisions\/24549"}],"wp:attachment":[{"href":"https:\/\/noticiasnoface.com.br\/index.php\/wp-json\/wp\/v2\/media?parent=24548"}],"wp:term":[{"taxonomy":"category","embeddable":true,"href":"https:\/\/noticiasnoface.com.br\/index.php\/wp-json\/wp\/v2\/categories?post=24548"},{"taxonomy":"post_tag","embeddable":true,"href":"https:\/\/noticiasnoface.com.br\/index.php\/wp-json\/wp\/v2\/tags?post=24548"}],"curies":[{"name":"wp","href":"https:\/\/api.w.org\/{rel}","templated":true}]}}