{"id":24562,"date":"2024-06-20T03:48:19","date_gmt":"2024-06-20T06:48:19","guid":{"rendered":"https:\/\/noticiasnoface.com.br\/?p=24562"},"modified":"2024-06-20T03:48:19","modified_gmt":"2024-06-20T06:48:19","slug":"morre-chrystian-cantor-sertanejo-que-fez-dupla-com-ralf","status":"publish","type":"post","link":"https:\/\/noticiasnoface.com.br\/index.php\/2024\/06\/20\/morre-chrystian-cantor-sertanejo-que-fez-dupla-com-ralf\/","title":{"rendered":"Morre Chrystian, cantor sertanejo que fez dupla com Ralf"},"content":{"rendered":"\n<figure class=\"wp-block-image size-large\"><img data-opt-id=1662452601  fetchpriority=\"high\" decoding=\"async\" width=\"554\" height=\"554\" src=\"https:\/\/mlbfrsat7ahr.i.optimole.com\/w:auto\/h:auto\/q:mauto\/ig:avif\/https:\/\/noticiasnoface.com.br\/wp-content\/uploads\/2024\/06\/img_7055-1.jpg\" class=\"wp-image-24561\" srcset=\"https:\/\/mlbfrsat7ahr.i.optimole.com\/w:554\/h:554\/q:mauto\/ig:avif\/https:\/\/noticiasnoface.com.br\/wp-content\/uploads\/2024\/06\/img_7055-1.jpg 554w, https:\/\/mlbfrsat7ahr.i.optimole.com\/w:300\/h:300\/q:mauto\/ig:avif\/https:\/\/noticiasnoface.com.br\/wp-content\/uploads\/2024\/06\/img_7055-1.jpg 300w, https:\/\/mlbfrsat7ahr.i.optimole.com\/w:150\/h:150\/q:mauto\/ig:avif\/https:\/\/noticiasnoface.com.br\/wp-content\/uploads\/2024\/06\/img_7055-1.jpg 150w\" sizes=\"(max-width: 554px) 100vw, 554px\" \/><figcaption class=\"wp-element-caption\">Voz marcante, ele tinha 67 anos e se apresentava em carreira solo desde 2021<\/figcaption><\/figure>\n\n\n\n<!--more-->\n\n\n\n<h1 class=\"wp-block-heading title\">Morre Chrystian, cantor sertanejo que fez dupla com Ralf<\/h1>\n\n\n\n<h2 class=\"wp-block-heading subhead\">Voz marcante, ele tinha 67 anos e se apresentava em carreira solo desde 2021<\/h2>\n\n\n\n<p><\/p>\n\n\n\n<p><a href=\"https:\/\/f5.folha.uol.com.br\/musica\/2022\/05\/chrystian-fala-da-carreira-solo-e-declarar-voto-em-bolsonaro-um-patriota.shtml\" target=\"_blank\" rel=\"noopener\">O cantor e compositor sertanejo Chrystian<\/a>, que fez dupla com o irm\u00e3o Ralf, morreu na noite desta quarta-feira (19), no Hospital Samaritano, em S\u00e3o Paulo, onde estava internado desde o in\u00edcio da manh\u00e3. Ele fazia tratamento para enfrentar problemas renais e card\u00edacos.<\/p>\n\n\n\n<p>&#8220;Chrystian dedicou 60 anos de sua vida \u00e0 m\u00fasica sertaneja, construindo uma carreira brilhante e marcada por in\u00fameros sucessos&#8221;, diz nota divulgada pela fam\u00edlia. &#8220;Sua voz inconfund\u00edvel e sua paix\u00e3o pela m\u00fasica trouxeram alegria e emo\u00e7\u00e3o aos f\u00e3s em todo o Brasil&#8221;.<\/p>\n\n\n\n<p>Nascido em Goi\u00e2nia, come\u00e7ou a carreira musical ainda na inf\u00e2ncia, quando acompanhava os pais e um tio em serestas. Apresentou programa infantil, ainda na cidade natal, e, ao chegar em S\u00e3o Paulo ao lado do pai, teve a ajuda de Roberto Carlos para iniciar a nova vida.<\/p>\n\n\n\n<p>O artista come\u00e7ou uma carreira solo em 2021,<a href=\"https:\/\/f5.folha.uol.com.br\/musica\/2021\/12\/sertanejo-chrystian-lanca-musica-solo-apos-40-anos-da-dupla-com-ralf.shtml\" target=\"_blank\" rel=\"noopener\">ap\u00f3s 40 anos de dupla com o irm\u00e3o<\/a>, com um intervalo de dois anos depois de um rompimento. Com Ralf, gravou sucessos como &#8220;Saudade&#8221;, &#8220;Aus\u00eancia&#8221;, &#8220;Chora Peito&#8221; e &#8220;Nova York&#8221;. Teve composi\u00e7\u00f5es cantadas por artistas como Leonardo e Mar\u00edlia Mendon\u00e7a.<\/p>\n\n\n\n<p>Antes da dupla, na d\u00e9cada de 1970, ele cantava sozinho e em ingl\u00eas, por exig\u00eancia das gravadoras, seguindo um modismo na \u00e9poca. Ficou famosa a sua interpreta\u00e7\u00e3o de &#8220;Don\u00b4t Say Goodbye&#8221;, trilha sonora da novela &#8220;Cavalo de A\u00e7o&#8221;, com o casal&nbsp;<a href=\"https:\/\/www1.folha.uol.com.br\/ilustrada\/2021\/08\/morre-tarcisio-meira-um-dos-maiores-galas-da-historia-da-televisao-aos-85-anos.shtml\" target=\"_blank\" rel=\"noopener\">Tarc\u00edsio Meira<\/a>&nbsp;e&nbsp;<a href=\"https:\/\/www1.folha.uol.com.br\/folha-topicos\/gloria-menezes\/\" target=\"_blank\" rel=\"noopener\">Gl\u00f3ria Menezes<\/a>.<\/p>\n\n\n\n<p>Ralf chamou Chrystian de irm\u00e3o querido e escreveu um texto de despedida no Instagram. &#8220;Fizemos sempre o nosso melhor. Diante dos nossos compromissos, infelizmente n\u00e3o conseguimos nos despedir, mas tenho certeza que nosso &#8220;Pai&#8221; te encaminhar\u00e1 na luz junto ao Senhor Jesus. Descanse em paz meu irm\u00e3o Chrystian&#8221;.<\/p>\n\n\n\n<p>Chrystian tinha show marcado para o dia 22 em Franco da Rocha, na regi\u00e3o metropolitana de S\u00e3o Paulo. H\u00e1 dois dias, ele divulgou nas redes sociais a grava\u00e7\u00e3o de um programa com os cantores&nbsp;<a href=\"https:\/\/www1.folha.uol.com.br\/folha-topicos\/renato-teixeira\/\" target=\"_blank\" rel=\"noopener\">Renato Teixeira<\/a>&nbsp;e&nbsp;<a href=\"https:\/\/www1.folha.uol.com.br\/folha-topicos\/sergio-reis\/\" target=\"_blank\" rel=\"noopener\">S\u00e9rgio Reis<\/a>. Os tr\u00eas deram entrevista para&nbsp;<a href=\"https:\/\/www1.folha.uol.com.br\/folha-topicos\/danilo-gentili\/\" target=\"_blank\" rel=\"noopener\">Danilo Gentili<\/a>, no SBT, exibida no dia da morte do sertanejo.<\/p>\n\n\n\n<p>&#8220;Chrystian nos deu a honra de escolher o The Noite para celebrar 60 anos de carreira ao lado de seus queridos amigos S\u00e9rgio Reis e Renato Teixeira&#8221;, disse Gentili, no in\u00edcio da madrugada desta quinta-feira (20). Nos divertimos muito. Foi uma imensa alegria estar literalmente ao seu lado enquanto ele fazia pela \u00faltima vez o que amava fazer: contar hist\u00f3rias, rir de piadas e cantar&#8221;.<\/p>\n\n\n\n<p>O cantor era casado h\u00e1 tr\u00eas d\u00e9cadas com a professora de yoga Key Vieira, que faria doa\u00e7\u00e3o de um rim para o marido assim que ele tivesse condi\u00e7\u00f5es f\u00edsicas para receber o transplante. Antes, no auge do sucesso, foi casado com&nbsp;<a href=\"https:\/\/f5.folha.uol.com.br\/celebridades\/2023\/03\/gretchen-volta-a-reclamar-de-criticas-a-sua-aparencia-comentarios-ridiculos.shtml\" target=\"_blank\" rel=\"noopener\">Gretchen<\/a>, em um romance com espa\u00e7o garantido nas p\u00e1ginas de fofoca das revistas da \u00e9poca.<\/p>\n\n\n\n<p>&#8220;Ao longo de sua trajet\u00f3ria, Chrystian esteve sempre na estrada, compartilhando seu talento e carisma em incont\u00e1veis shows, onde conquistou e encantou gera\u00e7\u00f5es de admiradores&#8221;, diz a nota da fam\u00edlia.<\/p>\n\n\n\n<p>Artistas com F\u00e1bio Jr., Eduardo Costa, Rio Negro, Maria Cec\u00edlia e Rodolfo e Belluco lamentaram a morte. F\u00e1bio Jr. lembrou que conheceu Chrystian quando os dois eram adolescentes e iniciavam as carreiras.<\/p>\n\n\n\n<p>&#8220;E da\u00ed para uma vida toda de carinho e respeito por um dos grandes artistas do nosso Brasil, um cara t\u00e3o divertido e com cora\u00e7\u00e3o gigante&#8221;, disse.<\/p>\n","protected":false},"excerpt":{"rendered":"","protected":false},"author":1,"featured_media":0,"comment_status":"closed","ping_status":"open","sticky":false,"template":"","format":"image","meta":{"site-sidebar-layout":"default","site-content-layout":"","ast-site-content-layout":"default","site-content-style":"default","site-sidebar-style":"default","ast-global-header-display":"","ast-banner-title-visibility":"","ast-main-header-display":"","ast-hfb-above-header-display":"","ast-hfb-below-header-display":"","ast-hfb-mobile-header-display":"","site-post-title":"","ast-breadcrumbs-content":"","ast-featured-img":"","footer-sml-layout":"","ast-disable-related-posts":"","theme-transparent-header-meta":"","adv-header-id-meta":"","stick-header-meta":"","header-above-stick-meta":"","header-main-stick-meta":"","header-below-stick-meta":"","astra-migrate-meta-layouts":"default","ast-page-background-enabled":"default","ast-page-background-meta":{"desktop":{"background-color":"var(--ast-global-color-4)","background-image":"","background-repeat":"repeat","background-position":"center center","background-size":"auto","background-attachment":"scroll","background-type":"","background-media":"","overlay-type":"","overlay-color":"","overlay-opacity":"","overlay-gradient":""},"tablet":{"background-color":"","background-image":"","background-repeat":"repeat","background-position":"center center","background-size":"auto","background-attachment":"scroll","background-type":"","background-media":"","overlay-type":"","overlay-color":"","overlay-opacity":"","overlay-gradient":""},"mobile":{"background-color":"","background-image":"","background-repeat":"repeat","background-position":"center center","background-size":"auto","background-attachment":"scroll","background-type":"","background-media":"","overlay-type":"","overlay-color":"","overlay-opacity":"","overlay-gradient":""}},"ast-content-background-meta":{"desktop":{"background-color":"var(--ast-global-color-5)","background-image":"","background-repeat":"repeat","background-position":"center center","background-size":"auto","background-attachment":"scroll","background-type":"","background-media":"","overlay-type":"","overlay-color":"","overlay-opacity":"","overlay-gradient":""},"tablet":{"background-color":"var(--ast-global-color-5)","background-image":"","background-repeat":"repeat","background-position":"center center","background-size":"auto","background-attachment":"scroll","background-type":"","background-media":"","overlay-type":"","overlay-color":"","overlay-opacity":"","overlay-gradient":""},"mobile":{"background-color":"var(--ast-global-color-5)","background-image":"","background-repeat":"repeat","background-position":"center center","background-size":"auto","background-attachment":"scroll","background-type":"","background-media":"","overlay-type":"","overlay-color":"","overlay-opacity":"","overlay-gradient":""}},"footnotes":""},"categories":[517],"tags":[],"class_list":["post-24562","post","type-post","status-publish","format-image","hentry","category-aconteceu","post_format-post-format-image"],"_links":{"self":[{"href":"https:\/\/noticiasnoface.com.br\/index.php\/wp-json\/wp\/v2\/posts\/24562","targetHints":{"allow":["GET"]}}],"collection":[{"href":"https:\/\/noticiasnoface.com.br\/index.php\/wp-json\/wp\/v2\/posts"}],"about":[{"href":"https:\/\/noticiasnoface.com.br\/index.php\/wp-json\/wp\/v2\/types\/post"}],"author":[{"embeddable":true,"href":"https:\/\/noticiasnoface.com.br\/index.php\/wp-json\/wp\/v2\/users\/1"}],"replies":[{"embeddable":true,"href":"https:\/\/noticiasnoface.com.br\/index.php\/wp-json\/wp\/v2\/comments?post=24562"}],"version-history":[{"count":1,"href":"https:\/\/noticiasnoface.com.br\/index.php\/wp-json\/wp\/v2\/posts\/24562\/revisions"}],"predecessor-version":[{"id":24563,"href":"https:\/\/noticiasnoface.com.br\/index.php\/wp-json\/wp\/v2\/posts\/24562\/revisions\/24563"}],"wp:attachment":[{"href":"https:\/\/noticiasnoface.com.br\/index.php\/wp-json\/wp\/v2\/media?parent=24562"}],"wp:term":[{"taxonomy":"category","embeddable":true,"href":"https:\/\/noticiasnoface.com.br\/index.php\/wp-json\/wp\/v2\/categories?post=24562"},{"taxonomy":"post_tag","embeddable":true,"href":"https:\/\/noticiasnoface.com.br\/index.php\/wp-json\/wp\/v2\/tags?post=24562"}],"curies":[{"name":"wp","href":"https:\/\/api.w.org\/{rel}","templated":true}]}}