{"id":24568,"date":"2024-06-20T20:53:23","date_gmt":"2024-06-20T23:53:23","guid":{"rendered":"https:\/\/noticiasnoface.com.br\/?p=24568"},"modified":"2024-06-20T20:53:23","modified_gmt":"2024-06-20T23:53:23","slug":"gretchen-lamenta-a-morte-de-chrystian-seu-marido-numero-316","status":"publish","type":"post","link":"https:\/\/noticiasnoface.com.br\/index.php\/2024\/06\/20\/gretchen-lamenta-a-morte-de-chrystian-seu-marido-numero-316\/","title":{"rendered":"Gretchen lamenta a morte de Chrystian, seu marido n\u00famero 316"},"content":{"rendered":"\n<figure class=\"wp-block-image size-large\"><img data-opt-id=296919999  fetchpriority=\"high\" decoding=\"async\" width=\"730\" height=\"430\" src=\"https:\/\/mlbfrsat7ahr.i.optimole.com\/w:auto\/h:auto\/q:mauto\/ig:avif\/https:\/\/noticiasnoface.com.br\/wp-content\/uploads\/2024\/06\/img_7102-1.jpg\" class=\"wp-image-24567\" srcset=\"https:\/\/mlbfrsat7ahr.i.optimole.com\/w:730\/h:430\/q:mauto\/ig:avif\/https:\/\/noticiasnoface.com.br\/wp-content\/uploads\/2024\/06\/img_7102-1.jpg 730w, https:\/\/mlbfrsat7ahr.i.optimole.com\/w:300\/h:177\/q:mauto\/ig:avif\/https:\/\/noticiasnoface.com.br\/wp-content\/uploads\/2024\/06\/img_7102-1.jpg 300w\" sizes=\"(max-width: 730px) 100vw, 730px\" \/><\/figure>\n\n\n\n<!--more-->\n\n\n\n<p>Na manh\u00e3 desta quinta-feira, Gretchen usou suas redes sociais para compartilhar um poema escrito por sua m\u00e3e, Dona Maria Jos\u00e9, refletindo sobre a brevidade da vida ap\u00f3s a morte de Chrystian, seu ex-marido e integrante da dupla sertaneja Chrystian &amp; Ralf. Embora n\u00e3o tenha mencionado o nome de Chrystian diretamente, a mensagem do poema trouxe uma profunda reflex\u00e3o sobre a passagem do tempo e a perda.<\/p>\n\n\n\n<h2 class=\"wp-block-heading\">O poema <\/h2>\n\n\n\n<p>O poema de Dona Maria Jos\u00e9 come\u00e7a com uma observa\u00e7\u00e3o melanc\u00f3lica sobre a passagem do tempo e os sentimentos que se transformam ao longo dos anos. &#8220;Para mim, fazer um poema era como mandar um recado. O tempo passa, as coisas acontecem, os sentimentos minguam. Toda m\u00fasica vira fado&#8221;, inicia o poema, capturando a ess\u00eancia de como a m\u00fasica e a vida podem se transformar com o tempo.<\/p>\n\n\n\n<p>Ela continua, expressando a transi\u00e7\u00e3o das viagens frequentes para uma rotina marcada pelo medo, e das noites que se tornaram curtas e desprovidas de sonhos e segredos.<\/p>\n","protected":false},"excerpt":{"rendered":"","protected":false},"author":1,"featured_media":0,"comment_status":"closed","ping_status":"open","sticky":false,"template":"","format":"image","meta":{"site-sidebar-layout":"default","site-content-layout":"","ast-site-content-layout":"default","site-content-style":"default","site-sidebar-style":"default","ast-global-header-display":"","ast-banner-title-visibility":"","ast-main-header-display":"","ast-hfb-above-header-display":"","ast-hfb-below-header-display":"","ast-hfb-mobile-header-display":"","site-post-title":"","ast-breadcrumbs-content":"","ast-featured-img":"","footer-sml-layout":"","ast-disable-related-posts":"","theme-transparent-header-meta":"","adv-header-id-meta":"","stick-header-meta":"","header-above-stick-meta":"","header-main-stick-meta":"","header-below-stick-meta":"","astra-migrate-meta-layouts":"default","ast-page-background-enabled":"default","ast-page-background-meta":{"desktop":{"background-color":"var(--ast-global-color-4)","background-image":"","background-repeat":"repeat","background-position":"center center","background-size":"auto","background-attachment":"scroll","background-type":"","background-media":"","overlay-type":"","overlay-color":"","overlay-opacity":"","overlay-gradient":""},"tablet":{"background-color":"","background-image":"","background-repeat":"repeat","background-position":"center center","background-size":"auto","background-attachment":"scroll","background-type":"","background-media":"","overlay-type":"","overlay-color":"","overlay-opacity":"","overlay-gradient":""},"mobile":{"background-color":"","background-image":"","background-repeat":"repeat","background-position":"center center","background-size":"auto","background-attachment":"scroll","background-type":"","background-media":"","overlay-type":"","overlay-color":"","overlay-opacity":"","overlay-gradient":""}},"ast-content-background-meta":{"desktop":{"background-color":"var(--ast-global-color-5)","background-image":"","background-repeat":"repeat","background-position":"center center","background-size":"auto","background-attachment":"scroll","background-type":"","background-media":"","overlay-type":"","overlay-color":"","overlay-opacity":"","overlay-gradient":""},"tablet":{"background-color":"var(--ast-global-color-5)","background-image":"","background-repeat":"repeat","background-position":"center center","background-size":"auto","background-attachment":"scroll","background-type":"","background-media":"","overlay-type":"","overlay-color":"","overlay-opacity":"","overlay-gradient":""},"mobile":{"background-color":"var(--ast-global-color-5)","background-image":"","background-repeat":"repeat","background-position":"center center","background-size":"auto","background-attachment":"scroll","background-type":"","background-media":"","overlay-type":"","overlay-color":"","overlay-opacity":"","overlay-gradient":""}},"footnotes":""},"categories":[517],"tags":[],"class_list":["post-24568","post","type-post","status-publish","format-image","hentry","category-aconteceu","post_format-post-format-image"],"_links":{"self":[{"href":"https:\/\/noticiasnoface.com.br\/index.php\/wp-json\/wp\/v2\/posts\/24568","targetHints":{"allow":["GET"]}}],"collection":[{"href":"https:\/\/noticiasnoface.com.br\/index.php\/wp-json\/wp\/v2\/posts"}],"about":[{"href":"https:\/\/noticiasnoface.com.br\/index.php\/wp-json\/wp\/v2\/types\/post"}],"author":[{"embeddable":true,"href":"https:\/\/noticiasnoface.com.br\/index.php\/wp-json\/wp\/v2\/users\/1"}],"replies":[{"embeddable":true,"href":"https:\/\/noticiasnoface.com.br\/index.php\/wp-json\/wp\/v2\/comments?post=24568"}],"version-history":[{"count":1,"href":"https:\/\/noticiasnoface.com.br\/index.php\/wp-json\/wp\/v2\/posts\/24568\/revisions"}],"predecessor-version":[{"id":24569,"href":"https:\/\/noticiasnoface.com.br\/index.php\/wp-json\/wp\/v2\/posts\/24568\/revisions\/24569"}],"wp:attachment":[{"href":"https:\/\/noticiasnoface.com.br\/index.php\/wp-json\/wp\/v2\/media?parent=24568"}],"wp:term":[{"taxonomy":"category","embeddable":true,"href":"https:\/\/noticiasnoface.com.br\/index.php\/wp-json\/wp\/v2\/categories?post=24568"},{"taxonomy":"post_tag","embeddable":true,"href":"https:\/\/noticiasnoface.com.br\/index.php\/wp-json\/wp\/v2\/tags?post=24568"}],"curies":[{"name":"wp","href":"https:\/\/api.w.org\/{rel}","templated":true}]}}