{"id":24579,"date":"2024-06-21T17:07:57","date_gmt":"2024-06-21T20:07:57","guid":{"rendered":"https:\/\/noticiasnoface.com.br\/?p=24579"},"modified":"2024-06-21T17:07:57","modified_gmt":"2024-06-21T20:07:57","slug":"edinho-ganha-acao-na-justica-contra-o-prefeito-keka-gestor-deve-se-retratar-publicamente","status":"publish","type":"post","link":"https:\/\/noticiasnoface.com.br\/index.php\/2024\/06\/21\/edinho-ganha-acao-na-justica-contra-o-prefeito-keka-gestor-deve-se-retratar-publicamente\/","title":{"rendered":"Edinho ganha a\u00e7\u00e3o na justi\u00e7a contra o prefeito Keka; gestor deve se retratar publicamente"},"content":{"rendered":"\n<figure class=\"wp-block-image size-large\"><img data-opt-id=2082252214  fetchpriority=\"high\" decoding=\"async\" width=\"1024\" height=\"731\" src=\"https:\/\/mlbfrsat7ahr.i.optimole.com\/w:1024\/h:731\/q:mauto\/ig:avif\/https:\/\/noticiasnoface.com.br\/wp-content\/uploads\/2024\/06\/30aa4806-28ed-42ac-9c61-6677998dda77-1.jpg\" class=\"wp-image-24578\" srcset=\"https:\/\/mlbfrsat7ahr.i.optimole.com\/w:1024\/h:731\/q:mauto\/ig:avif\/https:\/\/noticiasnoface.com.br\/wp-content\/uploads\/2024\/06\/30aa4806-28ed-42ac-9c61-6677998dda77-1.jpg 1024w, https:\/\/mlbfrsat7ahr.i.optimole.com\/w:300\/h:214\/q:mauto\/ig:avif\/https:\/\/noticiasnoface.com.br\/wp-content\/uploads\/2024\/06\/30aa4806-28ed-42ac-9c61-6677998dda77-1.jpg 300w, https:\/\/mlbfrsat7ahr.i.optimole.com\/w:768\/h:548\/q:mauto\/ig:avif\/https:\/\/noticiasnoface.com.br\/wp-content\/uploads\/2024\/06\/30aa4806-28ed-42ac-9c61-6677998dda77-1.jpg 768w, https:\/\/mlbfrsat7ahr.i.optimole.com\/w:1280\/h:914\/q:mauto\/ig:avif\/https:\/\/noticiasnoface.com.br\/wp-content\/uploads\/2024\/06\/30aa4806-28ed-42ac-9c61-6677998dda77-1.jpg 1280w\" sizes=\"(max-width: 1000px) 100vw, 1000px\" \/><\/figure>\n\n\n\n<!--more-->\n\n\n\n<p><em>Edinho ganha a\u00e7\u00e3o na justi\u00e7a contra o prefeito Keka; gestor deve se retratar publicamente<\/em><\/p>\n\n\n\n<p>A Justi\u00e7a concedeu ao vereador e pr\u00e9-candidato a prefeito de S\u00e3o Bento do Trairi, Edinho Medeiros, o direito de ter uma retrata\u00e7\u00e3o a respeito de sua imagem, que foi atacada pelo prefeito de S\u00e3o Bento do Trairi, Jos\u00e9 Aracleide, conhecido como Keka Ara\u00fajo, no in\u00edcio do m\u00eas de maio deste ano.<\/p>\n\n\n\n<p>De acordo com a den\u00fancia, o prefeito se pronunciou no grupo de WhatsApp da cidade &#8220;Trairi na m\u00eddia&#8221; atrav\u00e9s \u00e1udios, proferindo xingamentos e fazendo acusa\u00e7\u00f5es contra Edinho, que \u00e9 um dos l\u00edderes da oposi\u00e7\u00e3o da cidade. Keka chamou Edinho de &#8220;pior pilantra de S\u00e3o Bento do Trairi, bandido de alta periculosidade, de elemento sem futuro, de mentiroso, de crente do Paraguai e por fim, afirma que se abrir a boca, Ele (Edinho) ser\u00e1 preso em regime fechado&#8221;. Mas a situa\u00e7\u00e3o foi agravada em 17 de maio de 2024, quando Keka concedeu entrevista ao Blog e Podcast Not\u00edcias da Serra. Na entrevista, chamou Edinho de farsa ambulante, ator, pilantra, vagabundo, e afirmou que Edinho havia sido expulso de dois empregos, numa insinua\u00e7\u00e3o que teria sido por roubo\/furto.<\/p>\n\n\n\n<p>Edinho ent\u00e3o ingressou com uma a\u00e7\u00e3o judicial no dia 12 de junho de 2024, exigindo uma retrata\u00e7\u00e3o e que ele se abstenha de proferir coment\u00e1rios quaisquer coment\u00e1rios que visem a ofender, injuriar e difamar o autor, por qualquer meio de comunica\u00e7\u00e3o utilizado, sob pena de aplica\u00e7\u00e3o de multa \u00fanica no importe de R$ 1.000,00 (um mil reais). Keka foi notificado para apresenta\u00e7\u00e3o de sua defesa, bem como que comprovasse os fatos que ele acusou Edinho. O prefeito alegou em sua defesa que n\u00e3o ofendeu a honra e nem imputou nenhum fato inver\u00eddico ao pr\u00e9-candidato.<\/p>\n\n\n\n<p>Ontem (19), o juiz Jo\u00e3o Henrique Bressan de Souza, da Comarca de Santa Cruz, concedeu a Edinho a antecipa\u00e7\u00e3o da tutela de urg\u00eancia e DETERMINOU que Keka, no prazo de 05 dias (contatos a partir da cita\u00e7\u00e3o), cumpra a senten\u00e7a proferida. O processo est\u00e1 inscrito com o n\u00ba 0801754-20.2024.8.20.5126.<\/p>\n\n\n\n<p>Procurado pelo Blog, Edinho disse &#8220;que a decis\u00e3o da justi\u00e7a j\u00e1 expressa o que ele poderia comentar, e que procurou apenas fazer valer os seus direitos, diante de ataques que procuram apenas tentar frear o seu crescimento enquanto l\u00edder pol\u00edtico no munic\u00edpio&#8221;. &#8220;Muitos preferem atacar e ofender, eu prefiro debater as solu\u00e7\u00f5es para a crise que vive S\u00e3o Bento do Trairi&#8221;, finalizou.<\/p>\n","protected":false},"excerpt":{"rendered":"","protected":false},"author":1,"featured_media":0,"comment_status":"closed","ping_status":"open","sticky":false,"template":"","format":"image","meta":{"site-sidebar-layout":"default","site-content-layout":"","ast-site-content-layout":"default","site-content-style":"default","site-sidebar-style":"default","ast-global-header-display":"","ast-banner-title-visibility":"","ast-main-header-display":"","ast-hfb-above-header-display":"","ast-hfb-below-header-display":"","ast-hfb-mobile-header-display":"","site-post-title":"","ast-breadcrumbs-content":"","ast-featured-img":"","footer-sml-layout":"","ast-disable-related-posts":"","theme-transparent-header-meta":"","adv-header-id-meta":"","stick-header-meta":"","header-above-stick-meta":"","header-main-stick-meta":"","header-below-stick-meta":"","astra-migrate-meta-layouts":"default","ast-page-background-enabled":"default","ast-page-background-meta":{"desktop":{"background-color":"var(--ast-global-color-4)","background-image":"","background-repeat":"repeat","background-position":"center center","background-size":"auto","background-attachment":"scroll","background-type":"","background-media":"","overlay-type":"","overlay-color":"","overlay-opacity":"","overlay-gradient":""},"tablet":{"background-color":"","background-image":"","background-repeat":"repeat","background-position":"center center","background-size":"auto","background-attachment":"scroll","background-type":"","background-media":"","overlay-type":"","overlay-color":"","overlay-opacity":"","overlay-gradient":""},"mobile":{"background-color":"","background-image":"","background-repeat":"repeat","background-position":"center center","background-size":"auto","background-attachment":"scroll","background-type":"","background-media":"","overlay-type":"","overlay-color":"","overlay-opacity":"","overlay-gradient":""}},"ast-content-background-meta":{"desktop":{"background-color":"var(--ast-global-color-5)","background-image":"","background-repeat":"repeat","background-position":"center center","background-size":"auto","background-attachment":"scroll","background-type":"","background-media":"","overlay-type":"","overlay-color":"","overlay-opacity":"","overlay-gradient":""},"tablet":{"background-color":"var(--ast-global-color-5)","background-image":"","background-repeat":"repeat","background-position":"center center","background-size":"auto","background-attachment":"scroll","background-type":"","background-media":"","overlay-type":"","overlay-color":"","overlay-opacity":"","overlay-gradient":""},"mobile":{"background-color":"var(--ast-global-color-5)","background-image":"","background-repeat":"repeat","background-position":"center center","background-size":"auto","background-attachment":"scroll","background-type":"","background-media":"","overlay-type":"","overlay-color":"","overlay-opacity":"","overlay-gradient":""}},"footnotes":""},"categories":[517],"tags":[],"class_list":["post-24579","post","type-post","status-publish","format-image","hentry","category-aconteceu","post_format-post-format-image"],"_links":{"self":[{"href":"https:\/\/noticiasnoface.com.br\/index.php\/wp-json\/wp\/v2\/posts\/24579","targetHints":{"allow":["GET"]}}],"collection":[{"href":"https:\/\/noticiasnoface.com.br\/index.php\/wp-json\/wp\/v2\/posts"}],"about":[{"href":"https:\/\/noticiasnoface.com.br\/index.php\/wp-json\/wp\/v2\/types\/post"}],"author":[{"embeddable":true,"href":"https:\/\/noticiasnoface.com.br\/index.php\/wp-json\/wp\/v2\/users\/1"}],"replies":[{"embeddable":true,"href":"https:\/\/noticiasnoface.com.br\/index.php\/wp-json\/wp\/v2\/comments?post=24579"}],"version-history":[{"count":1,"href":"https:\/\/noticiasnoface.com.br\/index.php\/wp-json\/wp\/v2\/posts\/24579\/revisions"}],"predecessor-version":[{"id":24580,"href":"https:\/\/noticiasnoface.com.br\/index.php\/wp-json\/wp\/v2\/posts\/24579\/revisions\/24580"}],"wp:attachment":[{"href":"https:\/\/noticiasnoface.com.br\/index.php\/wp-json\/wp\/v2\/media?parent=24579"}],"wp:term":[{"taxonomy":"category","embeddable":true,"href":"https:\/\/noticiasnoface.com.br\/index.php\/wp-json\/wp\/v2\/categories?post=24579"},{"taxonomy":"post_tag","embeddable":true,"href":"https:\/\/noticiasnoface.com.br\/index.php\/wp-json\/wp\/v2\/tags?post=24579"}],"curies":[{"name":"wp","href":"https:\/\/api.w.org\/{rel}","templated":true}]}}