{"id":24582,"date":"2024-06-21T17:23:27","date_gmt":"2024-06-21T20:23:27","guid":{"rendered":"https:\/\/noticiasnoface.com.br\/?p=24582"},"modified":"2024-06-21T17:23:27","modified_gmt":"2024-06-21T20:23:27","slug":"empresario-fundador-de-prestigiada-rede-de-bares-do-brasil-e-encontrado-morto-aos-49-anos","status":"publish","type":"post","link":"https:\/\/noticiasnoface.com.br\/index.php\/2024\/06\/21\/empresario-fundador-de-prestigiada-rede-de-bares-do-brasil-e-encontrado-morto-aos-49-anos\/","title":{"rendered":"Empres\u00e1rio, fundador de prestigiada rede de bares do Brasil, \u00e9 encontrado morto aos 49 anos"},"content":{"rendered":"\n<figure class=\"wp-block-image size-large\"><img data-opt-id=646374691  fetchpriority=\"high\" decoding=\"async\" width=\"750\" height=\"375\" src=\"https:\/\/mlbfrsat7ahr.i.optimole.com\/w:auto\/h:auto\/q:mauto\/ig:avif\/https:\/\/noticiasnoface.com.br\/wp-content\/uploads\/2024\/06\/img_7166-1.jpg\" class=\"wp-image-24581\" srcset=\"https:\/\/mlbfrsat7ahr.i.optimole.com\/w:750\/h:375\/q:mauto\/ig:avif\/https:\/\/noticiasnoface.com.br\/wp-content\/uploads\/2024\/06\/img_7166-1.jpg 750w, https:\/\/mlbfrsat7ahr.i.optimole.com\/w:300\/h:150\/q:mauto\/ig:avif\/https:\/\/noticiasnoface.com.br\/wp-content\/uploads\/2024\/06\/img_7166-1.jpg 300w\" sizes=\"(max-width: 750px) 100vw, 750px\" \/><\/figure>\n\n\n\n<!--more-->\n\n\n\n<p>Marcelo Manata, empres\u00e1rio de 49 anos e fundador do bar Mercatto, foi encontrado morto em seu apartamento em Goi\u00e2nia. A causa da morte n\u00e3o foi divulgada.<\/p>\n\n\n\n<p>O empres\u00e1rio Marcelo Manata, de 49 anos, ex-s\u00f3cio da rede de bares Mercatto, foi encontrado morto em sua resid\u00eancia em Goi\u00e2nia. A confirma\u00e7\u00e3o foi feita por Ad\u00e3o Martins, gerente de uma das unidades do Mercatto.<\/p>\n\n\n\n<p><\/p>\n\n\n\n<p>O corpo de Marcelo foi encontrado na ter\u00e7a-feira (18), mas a causa da morte n\u00e3o foi revelada.<\/p>\n\n\n\n<p>Ao confirmar a morte do empres\u00e1rio, o gerente Ad\u00e3o Martins lamentou a perda, destacando que Marcelo era um bom patr\u00e3o. \u201cUma coisa muito triste, n\u00e9? Caboclo bom, muito bom patr\u00e3o. Eu gostei muito de trabalhar com ele. Muito triste\u201d, afirmou Martins.<\/p>\n\n\n\n<p><\/p>\n\n\n\n<p>Fundado em 2006 na capital, o Mercatto ganhou destaque pela sua comida de boteco tradicional goiana. A fam\u00edlia de Marcelo n\u00e3o divulgou informa\u00e7\u00f5es sobre o vel\u00f3rio e o sepultamento.<\/p>\n","protected":false},"excerpt":{"rendered":"","protected":false},"author":1,"featured_media":0,"comment_status":"closed","ping_status":"open","sticky":false,"template":"","format":"image","meta":{"site-sidebar-layout":"default","site-content-layout":"","ast-site-content-layout":"default","site-content-style":"default","site-sidebar-style":"default","ast-global-header-display":"","ast-banner-title-visibility":"","ast-main-header-display":"","ast-hfb-above-header-display":"","ast-hfb-below-header-display":"","ast-hfb-mobile-header-display":"","site-post-title":"","ast-breadcrumbs-content":"","ast-featured-img":"","footer-sml-layout":"","ast-disable-related-posts":"","theme-transparent-header-meta":"","adv-header-id-meta":"","stick-header-meta":"","header-above-stick-meta":"","header-main-stick-meta":"","header-below-stick-meta":"","astra-migrate-meta-layouts":"default","ast-page-background-enabled":"default","ast-page-background-meta":{"desktop":{"background-color":"var(--ast-global-color-4)","background-image":"","background-repeat":"repeat","background-position":"center center","background-size":"auto","background-attachment":"scroll","background-type":"","background-media":"","overlay-type":"","overlay-color":"","overlay-opacity":"","overlay-gradient":""},"tablet":{"background-color":"","background-image":"","background-repeat":"repeat","background-position":"center center","background-size":"auto","background-attachment":"scroll","background-type":"","background-media":"","overlay-type":"","overlay-color":"","overlay-opacity":"","overlay-gradient":""},"mobile":{"background-color":"","background-image":"","background-repeat":"repeat","background-position":"center center","background-size":"auto","background-attachment":"scroll","background-type":"","background-media":"","overlay-type":"","overlay-color":"","overlay-opacity":"","overlay-gradient":""}},"ast-content-background-meta":{"desktop":{"background-color":"var(--ast-global-color-5)","background-image":"","background-repeat":"repeat","background-position":"center center","background-size":"auto","background-attachment":"scroll","background-type":"","background-media":"","overlay-type":"","overlay-color":"","overlay-opacity":"","overlay-gradient":""},"tablet":{"background-color":"var(--ast-global-color-5)","background-image":"","background-repeat":"repeat","background-position":"center center","background-size":"auto","background-attachment":"scroll","background-type":"","background-media":"","overlay-type":"","overlay-color":"","overlay-opacity":"","overlay-gradient":""},"mobile":{"background-color":"var(--ast-global-color-5)","background-image":"","background-repeat":"repeat","background-position":"center center","background-size":"auto","background-attachment":"scroll","background-type":"","background-media":"","overlay-type":"","overlay-color":"","overlay-opacity":"","overlay-gradient":""}},"footnotes":""},"categories":[517],"tags":[],"class_list":["post-24582","post","type-post","status-publish","format-image","hentry","category-aconteceu","post_format-post-format-image"],"_links":{"self":[{"href":"https:\/\/noticiasnoface.com.br\/index.php\/wp-json\/wp\/v2\/posts\/24582","targetHints":{"allow":["GET"]}}],"collection":[{"href":"https:\/\/noticiasnoface.com.br\/index.php\/wp-json\/wp\/v2\/posts"}],"about":[{"href":"https:\/\/noticiasnoface.com.br\/index.php\/wp-json\/wp\/v2\/types\/post"}],"author":[{"embeddable":true,"href":"https:\/\/noticiasnoface.com.br\/index.php\/wp-json\/wp\/v2\/users\/1"}],"replies":[{"embeddable":true,"href":"https:\/\/noticiasnoface.com.br\/index.php\/wp-json\/wp\/v2\/comments?post=24582"}],"version-history":[{"count":1,"href":"https:\/\/noticiasnoface.com.br\/index.php\/wp-json\/wp\/v2\/posts\/24582\/revisions"}],"predecessor-version":[{"id":24583,"href":"https:\/\/noticiasnoface.com.br\/index.php\/wp-json\/wp\/v2\/posts\/24582\/revisions\/24583"}],"wp:attachment":[{"href":"https:\/\/noticiasnoface.com.br\/index.php\/wp-json\/wp\/v2\/media?parent=24582"}],"wp:term":[{"taxonomy":"category","embeddable":true,"href":"https:\/\/noticiasnoface.com.br\/index.php\/wp-json\/wp\/v2\/categories?post=24582"},{"taxonomy":"post_tag","embeddable":true,"href":"https:\/\/noticiasnoface.com.br\/index.php\/wp-json\/wp\/v2\/tags?post=24582"}],"curies":[{"name":"wp","href":"https:\/\/api.w.org\/{rel}","templated":true}]}}