{"id":24601,"date":"2024-06-23T19:47:25","date_gmt":"2024-06-23T22:47:25","guid":{"rendered":"https:\/\/noticiasnoface.com.br\/?p=24601"},"modified":"2024-06-23T19:47:25","modified_gmt":"2024-06-23T22:47:25","slug":"oia-a-bosta-balao-rasga-e-paraquedista-cai-dentro-veja-video","status":"publish","type":"post","link":"https:\/\/noticiasnoface.com.br\/index.php\/2024\/06\/23\/oia-a-bosta-balao-rasga-e-paraquedista-cai-dentro-veja-video\/","title":{"rendered":"OIA A BOSTA: Bal\u00e3o rasga e paraquedista cai dentro, VEJA V\u00cdDEO"},"content":{"rendered":"\n<figure class=\"wp-block-video\"><video height=\"1280\" style=\"aspect-ratio: 592 \/ 1280;\" width=\"592\" controls src=\"https:\/\/noticiasnoface.com.br\/wp-content\/uploads\/2024\/06\/twidown-video-2.mp4\"><\/video><\/figure>\n\n\n\n<!--more-->\n\n\n\n<p>Primeiro de junho de 2024. Uma data que o paraquedista colombiano Jhovanny Dur\u00e1n jamais ir\u00e1 esquecer. Ele diz que viveu&nbsp;<strong>uma experi\u00eancia de \u201cquase morte\u201d, em um acidente de bal\u00e3o<\/strong>, na cidade de Boituva, em S\u00e3o Paulo.<\/p>\n\n\n\n<p>\u201cMeu objetivo era realizar um salto diferente junto com os amigos, por\u00e9m, no momento que eu fui fazer minha sa\u00edda do salto, o tecido do bal\u00e3o n\u00e3o estava em condi\u00e7\u00f5es de suportar meu peso e aconteceu o acidente\u201d, disse Jhovanny, que registrava o momento com um drone.<\/p>\n\n\n\n<figure class=\"wp-block-image size-large\"><img data-opt-id=1331604216  fetchpriority=\"high\" decoding=\"async\" width=\"420\" height=\"240\" src=\"https:\/\/mlbfrsat7ahr.i.optimole.com\/w:auto\/h:auto\/q:mauto\/ig:avif\/https:\/\/noticiasnoface.com.br\/wp-content\/uploads\/2024\/06\/img_7273.jpg\" class=\"wp-image-24600\" srcset=\"https:\/\/mlbfrsat7ahr.i.optimole.com\/w:420\/h:240\/q:mauto\/ig:avif\/https:\/\/noticiasnoface.com.br\/wp-content\/uploads\/2024\/06\/img_7273.jpg 420w, https:\/\/mlbfrsat7ahr.i.optimole.com\/w:300\/h:171\/q:mauto\/ig:avif\/https:\/\/noticiasnoface.com.br\/wp-content\/uploads\/2024\/06\/img_7273.jpg 300w\" sizes=\"(max-width: 420px) 100vw, 420px\" \/><\/figure>\n\n\n\n<p>As imagens da queda do paraquedista para dentro bal\u00e3o viralizaram nas redes sociais. Veja abaixo:<\/p>\n\n\n\n<h2 class=\"wp-block-heading\">Aten\u00e7\u00e3o: a galeria abaixo tem imagens fortes<\/h2>\n\n\n\n<figure class=\"wp-block-image\"><img data-opt-id=628472640  fetchpriority=\"high\" decoding=\"async\" src=\"https:\/\/www.cnnbrasil.com.br\/wp-content\/uploads\/sites\/12\/2024\/06\/acidente-paraquedas-balao-boituva-3-e1719180656410.jpg?w=732&amp;h=412&amp;crop=1\" alt=\"\"\/><\/figure>\n\n\n\n<ul class=\"wp-block-list list-style-type-none\">\n<li>1\u00a0de\u00a07Paraquedista colombiano Jhovanny Dur\u00e1n antes do acidente<small>Cr\u00e9dito: Arquivo pessoal<\/small><\/li>\n<\/ul>\n\n\n\n<h2 class=\"wp-block-heading\">\u201cPoderia ter sido uma trag\u00e9dia maior\u201d<\/h2>\n\n\n\n<p>Jhovanny conta que este foi o momento mais tenso do acidente.<\/p>\n\n\n\n<blockquote class=\"wp-block-quote is-layout-flow wp-block-quote-is-layout-flow\">\n<p>Na hora que eu percebi que o bal\u00e3o rasgou, que eu senti que afundei, eu s\u00f3 pensava em lutar para n\u00e3o me queimar. N\u00e3o tinha no\u00e7\u00e3o do que poderia me acontecer l\u00e1 dentro do bal\u00e3o\u2026 Eu s\u00f3 pensava em segurar a lona ou as paredes do bal\u00e3o. E ainda bem que bem que fiz isso, pois poderia ter sido uma trag\u00e9dia maior, com os outros passageiros que estavam no cesto de passeio<strong>Jhovanny Dur\u00e1n, paraquedista colombiano<\/strong><\/p>\n<\/blockquote>\n\n\n\n<h2 class=\"wp-block-heading\">Sonho antigo<\/h2>\n\n\n\n<p>O colombiano afirma que tinha um sonho antigo de realizar este salto de cima de um bal\u00e3o. Jhovanny relembra os minutos de tens\u00e3o que transformaram o sonho em pesadelo.<\/p>\n\n\n\n<blockquote class=\"wp-block-quote is-layout-flow wp-block-quote-is-layout-flow\">\n<p>A queda foi de uma altura de 45 metros, que \u00e9 a dist\u00e2ncia do teto do bal\u00e3o at\u00e9 o cesto. Foi nesse momento que eu tive queimaduras no rosto, bra\u00e7os e pernas. Depois, eu ainda bati no ma\u00e7arico do bal\u00e3o, quando quebrei a perna e machuquei todo o meu bra\u00e7o. Nessa hora, eu bati todo o meu corpo, inclusive minha cabe\u00e7a. Eu s\u00f3 coloquei minhas m\u00e3os no meu rosto para proteger das chamas. Eu pensei que poderia acontecer o pior<strong>Jhovanny Dur\u00e1n<\/strong><\/p>\n<\/blockquote>\n\n\n\n<h2 class=\"wp-block-heading\">Paraquedista s\u00f3 pensava na filha<\/h2>\n\n\n\n<p>Pai da pequena Melissa, de 1 ano e 9 meses, Jhovanny diz que est\u00e1 suportando as dores e o trauma por conta da filha.<\/p>\n\n\n\n<p>\u201cQuando o bal\u00e3o rasgou e comecei a minha queda livre, eu pensei muito na minha filha. Eu fiz tudo o que foi poss\u00edvel\u201d, garante ele.<\/p>\n\n\n\n<p>\u201cTentei fazer um procedimento para eliminar os giros do bal\u00e3o, mas quando estava quase conseguindo, senti que um elemento estava batendo no meu peito e no meu rosto. Foi a\u00ed que percebi que era a minha pr\u00f3pria perna, que estava quebrada e solta\u201d.<\/p>\n\n\n\n<h2 class=\"wp-block-heading\">Momentos de terror<\/h2>\n\n\n\n<p>Ainda dentro do bal\u00e3o, al\u00e9m de se esquivar da tocha em chamas e segurar a lona, Jhovanny teve que preparar mais uma a\u00e7\u00e3o que, se mal feita, poderia resultar em sua morte.<\/p>\n\n\n\n<blockquote class=\"wp-block-quote is-layout-flow wp-block-quote-is-layout-flow\">\n<p>Eu precisei comandar meu paraquedas segurando a minha perna com uma m\u00e3o e, com a outra, separando os tirantes para n\u00e3o dar \u201ctwister\u201d no ar. Meu alt\u00edmetro estava marcando 3.200 p\u00e9s e eu estava sentindo muita dor e medo. No fim da queda, com 300 p\u00e9s de altura, segurei minha perna quebrada, compensei o paraquedas nivelando com os freios e, chegando no ch\u00e3o consegui fazer um \u201cfly\u201d na hora do pouso<\/p>\n<\/blockquote>\n\n\n\n<h2 class=\"wp-block-heading\">Atendimento demorou mais de uma hora<\/h2>\n\n\n\n<p>No solo, Jhovanny conta que gritava por socorro, mas s\u00f3 foi atendido mais de uma hora ap\u00f3s a queda.<\/p>\n\n\n\n<p>\u201cEu fiquei deitado, gritando por socorro. Um senhor da fazenda que eu pousei percebeu que aqueles gritos eram de dentro da propriedade dele. Ele chegou perto de mim com seus dois cachorros me perguntando o que eu estava fazendo ali deitado. Pedi para ele chamar uma ambul\u00e2ncia urgente, porque eu estava muito machucado\u201d, disse o colombiano.<\/p>\n\n\n\n<h2 class=\"wp-block-heading\">Ferimentos e fratura<\/h2>\n\n\n\n<blockquote class=\"wp-block-quote is-layout-flow wp-block-quote-is-layout-flow\">\n<p>Eu quebrei o f\u00eamur da perna esquerda, tive queimaduras no rosto, nos bra\u00e7os, nas pernas e feridas abertas em minha cabe\u00e7a. L\u00e1 no Hospital de Boituva, fiz uma cirurgia para reconstru\u00e7\u00e3o do f\u00eamur. Depois, com ajuda do presidente da Associa\u00e7\u00e3o Brasileira de Paraquedismo, R\u00f4mulo Santos, fui transferido para um hospital com mais estrutura na cidade de Sorocaba. Minha m\u00e3e veio da Col\u00f4mbia para cuidar de mim. Fiquei 10 dias internado. Sinto muitas dores ainda, mas faz parte do processo<\/p>\n<\/blockquote>\n\n\n\n<p>Jhovanny afirma que n\u00e3o recebeu assist\u00eancia por parte da empresa que forneceu o bal\u00e3o. Em nota ao portal \u201cG1\u201d, a Grillo Balonismo declara: \u201cO atleta, que \u00e9 o principal prejudicado, est\u00e1 bem e em recupera\u00e7\u00e3o. Sinto muito, nada mais a declarar\u201d.<\/p>\n\n\n\n<h2 class=\"wp-block-heading\">Dois anivers\u00e1rios<\/h2>\n\n\n\n<p>O paraquedista, que segue em recupera\u00e7\u00e3o, vive dias dif\u00edceis, sem poder trabalhar. Mas comemora o fato de estar vivo para contar esta hist\u00f3ria. A partir de agora, Jhovanny Dur\u00e1n tem dois dias que pode chamar de anivers\u00e1rio.<\/p>\n\n\n\n<p>\u201cCom certeza agora eu comemoro dois anivers\u00e1rios. 24\/06\/1992 e 01\/06\/2024 s\u00e3o as datas do meu nascimento e meu renascimento\u201d.<\/p>\n","protected":false},"excerpt":{"rendered":"","protected":false},"author":1,"featured_media":0,"comment_status":"closed","ping_status":"open","sticky":false,"template":"","format":"image","meta":{"site-sidebar-layout":"default","site-content-layout":"","ast-site-content-layout":"default","site-content-style":"default","site-sidebar-style":"default","ast-global-header-display":"","ast-banner-title-visibility":"","ast-main-header-display":"","ast-hfb-above-header-display":"","ast-hfb-below-header-display":"","ast-hfb-mobile-header-display":"","site-post-title":"","ast-breadcrumbs-content":"","ast-featured-img":"","footer-sml-layout":"","ast-disable-related-posts":"","theme-transparent-header-meta":"","adv-header-id-meta":"","stick-header-meta":"","header-above-stick-meta":"","header-main-stick-meta":"","header-below-stick-meta":"","astra-migrate-meta-layouts":"default","ast-page-background-enabled":"default","ast-page-background-meta":{"desktop":{"background-color":"var(--ast-global-color-4)","background-image":"","background-repeat":"repeat","background-position":"center center","background-size":"auto","background-attachment":"scroll","background-type":"","background-media":"","overlay-type":"","overlay-color":"","overlay-opacity":"","overlay-gradient":""},"tablet":{"background-color":"","background-image":"","background-repeat":"repeat","background-position":"center center","background-size":"auto","background-attachment":"scroll","background-type":"","background-media":"","overlay-type":"","overlay-color":"","overlay-opacity":"","overlay-gradient":""},"mobile":{"background-color":"","background-image":"","background-repeat":"repeat","background-position":"center center","background-size":"auto","background-attachment":"scroll","background-type":"","background-media":"","overlay-type":"","overlay-color":"","overlay-opacity":"","overlay-gradient":""}},"ast-content-background-meta":{"desktop":{"background-color":"var(--ast-global-color-5)","background-image":"","background-repeat":"repeat","background-position":"center center","background-size":"auto","background-attachment":"scroll","background-type":"","background-media":"","overlay-type":"","overlay-color":"","overlay-opacity":"","overlay-gradient":""},"tablet":{"background-color":"var(--ast-global-color-5)","background-image":"","background-repeat":"repeat","background-position":"center center","background-size":"auto","background-attachment":"scroll","background-type":"","background-media":"","overlay-type":"","overlay-color":"","overlay-opacity":"","overlay-gradient":""},"mobile":{"background-color":"var(--ast-global-color-5)","background-image":"","background-repeat":"repeat","background-position":"center center","background-size":"auto","background-attachment":"scroll","background-type":"","background-media":"","overlay-type":"","overlay-color":"","overlay-opacity":"","overlay-gradient":""}},"footnotes":""},"categories":[517],"tags":[],"class_list":["post-24601","post","type-post","status-publish","format-image","hentry","category-aconteceu","post_format-post-format-image"],"_links":{"self":[{"href":"https:\/\/noticiasnoface.com.br\/index.php\/wp-json\/wp\/v2\/posts\/24601","targetHints":{"allow":["GET"]}}],"collection":[{"href":"https:\/\/noticiasnoface.com.br\/index.php\/wp-json\/wp\/v2\/posts"}],"about":[{"href":"https:\/\/noticiasnoface.com.br\/index.php\/wp-json\/wp\/v2\/types\/post"}],"author":[{"embeddable":true,"href":"https:\/\/noticiasnoface.com.br\/index.php\/wp-json\/wp\/v2\/users\/1"}],"replies":[{"embeddable":true,"href":"https:\/\/noticiasnoface.com.br\/index.php\/wp-json\/wp\/v2\/comments?post=24601"}],"version-history":[{"count":1,"href":"https:\/\/noticiasnoface.com.br\/index.php\/wp-json\/wp\/v2\/posts\/24601\/revisions"}],"predecessor-version":[{"id":24602,"href":"https:\/\/noticiasnoface.com.br\/index.php\/wp-json\/wp\/v2\/posts\/24601\/revisions\/24602"}],"wp:attachment":[{"href":"https:\/\/noticiasnoface.com.br\/index.php\/wp-json\/wp\/v2\/media?parent=24601"}],"wp:term":[{"taxonomy":"category","embeddable":true,"href":"https:\/\/noticiasnoface.com.br\/index.php\/wp-json\/wp\/v2\/categories?post=24601"},{"taxonomy":"post_tag","embeddable":true,"href":"https:\/\/noticiasnoface.com.br\/index.php\/wp-json\/wp\/v2\/tags?post=24601"}],"curies":[{"name":"wp","href":"https:\/\/api.w.org\/{rel}","templated":true}]}}