{"id":24617,"date":"2024-06-24T14:01:14","date_gmt":"2024-06-24T17:01:14","guid":{"rendered":"https:\/\/noticiasnoface.com.br\/?p=24617"},"modified":"2024-06-24T14:01:14","modified_gmt":"2024-06-24T17:01:14","slug":"argentina-tem-inflacao-zero-pela-primeira-vez-apos-30-anos","status":"publish","type":"post","link":"https:\/\/noticiasnoface.com.br\/index.php\/2024\/06\/24\/argentina-tem-inflacao-zero-pela-primeira-vez-apos-30-anos\/","title":{"rendered":"Argentina tem Infla\u00e7\u00e3o zero pela primeira vez ap\u00f3s 30 anos"},"content":{"rendered":"\n<figure class=\"wp-block-image size-large\"><img data-opt-id=289247972  fetchpriority=\"high\" decoding=\"async\" width=\"780\" height=\"507\" src=\"https:\/\/mlbfrsat7ahr.i.optimole.com\/w:auto\/h:auto\/q:mauto\/ig:avif\/https:\/\/noticiasnoface.com.br\/wp-content\/uploads\/2024\/06\/img_7332.jpg\" class=\"wp-image-24616\" srcset=\"https:\/\/mlbfrsat7ahr.i.optimole.com\/w:780\/h:507\/q:mauto\/ig:avif\/https:\/\/noticiasnoface.com.br\/wp-content\/uploads\/2024\/06\/img_7332.jpg 780w, https:\/\/mlbfrsat7ahr.i.optimole.com\/w:300\/h:195\/q:mauto\/ig:avif\/https:\/\/noticiasnoface.com.br\/wp-content\/uploads\/2024\/06\/img_7332.jpg 300w, https:\/\/mlbfrsat7ahr.i.optimole.com\/w:768\/h:499\/q:mauto\/ig:avif\/https:\/\/noticiasnoface.com.br\/wp-content\/uploads\/2024\/06\/img_7332.jpg 768w\" sizes=\"(max-width: 780px) 100vw, 780px\" \/><\/figure>\n\n\n\n<!--more-->\n\n\n\n<p>Pela primeira vez em 30 anos, a Argentina registrou zero infla\u00e7\u00e3o no setor de alimentos e bebidas. Os dados s\u00e3o referentes \u00e0 terceira semana de junho, de acordo com a consultoria Econom\u00e9trica. Portanto, sob a administra\u00e7\u00e3o do presidente Javier Milei, o marco representa um grande passo na luta do pa\u00eds contra a infla\u00e7\u00e3o galopante.<\/p>\n\n\n\n<p>Portanto, Milei comemora um marco que n\u00e3o ocorria desde o governo de Carlos Menem. Segundo dados da consultoria Econom\u00e9trica, dirigida por Ramiro Casti\u00f1eira, esse \u00eaxito representa um avan\u00e7o significativo na batalha contra a infla\u00e7\u00e3o.<\/p>\n\n\n\n<p><\/p>\n\n\n\n<p>O relat\u00f3rio da Econom\u00e9trica revela que a terceira semana de junho na Argentina registrou uma infla\u00e7\u00e3o de 0,0% em alimentos e bebidas. Para compara\u00e7\u00e3o, a segunda semana de junho teve um aumento de 0,1%. Enquanto a primeira semana apresentou uma alta de 1,2%. Os dados indicam que a infla\u00e7\u00e3o nos \u00faltimos quinze dias foi de apenas 0,1%.<\/p>\n\n\n\n<figure class=\"wp-block-image size-large\"><a href=\"https:\/\/blocktrends.com.br\/wp-content\/uploads\/2024\/06\/Imagem-Padrao-BT-2024-06-24T114653.320.jpg\" target=\"_blank\" rel=\"noopener\"><img data-opt-id=1440000330  fetchpriority=\"high\" decoding=\"async\" src=\"https:\/\/blocktrends.com.br\/wp-content\/uploads\/2024\/06\/Imagem-Padrao-BT-2024-06-24T114653.320-780x507.jpg\" alt=\"Argentina infla\u00e7\u00e3o\" class=\"wp-image-88938\"\/><\/a><\/figure>\n\n\n\n<p>A infla\u00e7\u00e3o geral de junho est\u00e1 atualmente em 2,4%. Ainda falta a medi\u00e7\u00e3o da quarta semana, que se espera ser menor do que a do m\u00eas anterior.<\/p>\n\n\n\n<p>A estabiliza\u00e7\u00e3o dos pre\u00e7os nas \u00faltimas duas semanas (0,1% e 0,0%) \u00e9 um claro indicativo da efetividade das pol\u00edticas econ\u00f4micas implementadas pelo governo de Javier Milei. Desde que assumiu, Milei realizou o maior ajuste fiscal da hist\u00f3ria da Argentina. Assim, eliminando o d\u00e9ficit fiscal e interrompendo a emiss\u00e3o de moeda.<\/p>\n\n\n\n<p>O presidente Milei celebrou o feito em suas redes. O presidente argentino destacou a import\u00e2ncia de continuar trabalhando para consolidar esses avan\u00e7os e garantir que os benef\u00edcios dessas pol\u00edticas reflitam no bem-estar de todos os argentinos.<\/p>\n","protected":false},"excerpt":{"rendered":"","protected":false},"author":1,"featured_media":0,"comment_status":"closed","ping_status":"open","sticky":false,"template":"","format":"image","meta":{"site-sidebar-layout":"default","site-content-layout":"","ast-site-content-layout":"default","site-content-style":"default","site-sidebar-style":"default","ast-global-header-display":"","ast-banner-title-visibility":"","ast-main-header-display":"","ast-hfb-above-header-display":"","ast-hfb-below-header-display":"","ast-hfb-mobile-header-display":"","site-post-title":"","ast-breadcrumbs-content":"","ast-featured-img":"","footer-sml-layout":"","ast-disable-related-posts":"","theme-transparent-header-meta":"","adv-header-id-meta":"","stick-header-meta":"","header-above-stick-meta":"","header-main-stick-meta":"","header-below-stick-meta":"","astra-migrate-meta-layouts":"default","ast-page-background-enabled":"default","ast-page-background-meta":{"desktop":{"background-color":"var(--ast-global-color-4)","background-image":"","background-repeat":"repeat","background-position":"center center","background-size":"auto","background-attachment":"scroll","background-type":"","background-media":"","overlay-type":"","overlay-color":"","overlay-opacity":"","overlay-gradient":""},"tablet":{"background-color":"","background-image":"","background-repeat":"repeat","background-position":"center center","background-size":"auto","background-attachment":"scroll","background-type":"","background-media":"","overlay-type":"","overlay-color":"","overlay-opacity":"","overlay-gradient":""},"mobile":{"background-color":"","background-image":"","background-repeat":"repeat","background-position":"center center","background-size":"auto","background-attachment":"scroll","background-type":"","background-media":"","overlay-type":"","overlay-color":"","overlay-opacity":"","overlay-gradient":""}},"ast-content-background-meta":{"desktop":{"background-color":"var(--ast-global-color-5)","background-image":"","background-repeat":"repeat","background-position":"center center","background-size":"auto","background-attachment":"scroll","background-type":"","background-media":"","overlay-type":"","overlay-color":"","overlay-opacity":"","overlay-gradient":""},"tablet":{"background-color":"var(--ast-global-color-5)","background-image":"","background-repeat":"repeat","background-position":"center center","background-size":"auto","background-attachment":"scroll","background-type":"","background-media":"","overlay-type":"","overlay-color":"","overlay-opacity":"","overlay-gradient":""},"mobile":{"background-color":"var(--ast-global-color-5)","background-image":"","background-repeat":"repeat","background-position":"center center","background-size":"auto","background-attachment":"scroll","background-type":"","background-media":"","overlay-type":"","overlay-color":"","overlay-opacity":"","overlay-gradient":""}},"footnotes":""},"categories":[517],"tags":[],"class_list":["post-24617","post","type-post","status-publish","format-image","hentry","category-aconteceu","post_format-post-format-image"],"_links":{"self":[{"href":"https:\/\/noticiasnoface.com.br\/index.php\/wp-json\/wp\/v2\/posts\/24617","targetHints":{"allow":["GET"]}}],"collection":[{"href":"https:\/\/noticiasnoface.com.br\/index.php\/wp-json\/wp\/v2\/posts"}],"about":[{"href":"https:\/\/noticiasnoface.com.br\/index.php\/wp-json\/wp\/v2\/types\/post"}],"author":[{"embeddable":true,"href":"https:\/\/noticiasnoface.com.br\/index.php\/wp-json\/wp\/v2\/users\/1"}],"replies":[{"embeddable":true,"href":"https:\/\/noticiasnoface.com.br\/index.php\/wp-json\/wp\/v2\/comments?post=24617"}],"version-history":[{"count":1,"href":"https:\/\/noticiasnoface.com.br\/index.php\/wp-json\/wp\/v2\/posts\/24617\/revisions"}],"predecessor-version":[{"id":24618,"href":"https:\/\/noticiasnoface.com.br\/index.php\/wp-json\/wp\/v2\/posts\/24617\/revisions\/24618"}],"wp:attachment":[{"href":"https:\/\/noticiasnoface.com.br\/index.php\/wp-json\/wp\/v2\/media?parent=24617"}],"wp:term":[{"taxonomy":"category","embeddable":true,"href":"https:\/\/noticiasnoface.com.br\/index.php\/wp-json\/wp\/v2\/categories?post=24617"},{"taxonomy":"post_tag","embeddable":true,"href":"https:\/\/noticiasnoface.com.br\/index.php\/wp-json\/wp\/v2\/tags?post=24617"}],"curies":[{"name":"wp","href":"https:\/\/api.w.org\/{rel}","templated":true}]}}