{"id":24620,"date":"2024-06-24T22:16:11","date_gmt":"2024-06-25T01:16:11","guid":{"rendered":"https:\/\/noticiasnoface.com.br\/?p=24620"},"modified":"2024-06-24T22:16:11","modified_gmt":"2024-06-25T01:16:11","slug":"complexo-de-saude-professor-severino-lopes-recebe-visita-da-comissao-de-saude","status":"publish","type":"post","link":"https:\/\/noticiasnoface.com.br\/index.php\/2024\/06\/24\/complexo-de-saude-professor-severino-lopes-recebe-visita-da-comissao-de-saude\/","title":{"rendered":"Complexo de Sa\u00fade Professor Severino Lopes recebe visita da Comiss\u00e3o de Sa\u00fade"},"content":{"rendered":"\n<figure class=\"wp-block-image size-large\"><img data-opt-id=1564384630  fetchpriority=\"high\" decoding=\"async\" width=\"1024\" height=\"684\" src=\"https:\/\/mlbfrsat7ahr.i.optimole.com\/w:1024\/h:684\/q:mauto\/ig:avif\/https:\/\/noticiasnoface.com.br\/wp-content\/uploads\/2024\/06\/img_7359-1.jpg\" class=\"wp-image-24619\" srcset=\"https:\/\/mlbfrsat7ahr.i.optimole.com\/w:1024\/h:684\/q:mauto\/ig:avif\/https:\/\/noticiasnoface.com.br\/wp-content\/uploads\/2024\/06\/img_7359-1.jpg 1024w, https:\/\/mlbfrsat7ahr.i.optimole.com\/w:300\/h:200\/q:mauto\/ig:avif\/https:\/\/noticiasnoface.com.br\/wp-content\/uploads\/2024\/06\/img_7359-1.jpg 300w, https:\/\/mlbfrsat7ahr.i.optimole.com\/w:768\/h:513\/q:mauto\/ig:avif\/https:\/\/noticiasnoface.com.br\/wp-content\/uploads\/2024\/06\/img_7359-1.jpg 768w, https:\/\/mlbfrsat7ahr.i.optimole.com\/w:1536\/h:1025\/q:mauto\/ig:avif\/https:\/\/noticiasnoface.com.br\/wp-content\/uploads\/2024\/06\/img_7359-1.jpg 1536w, https:\/\/mlbfrsat7ahr.i.optimole.com\/w:1600\/h:1068\/q:mauto\/ig:avif\/https:\/\/noticiasnoface.com.br\/wp-content\/uploads\/2024\/06\/img_7359-1.jpg 1600w\" sizes=\"(max-width: 1000px) 100vw, 1000px\" \/><\/figure>\n\n\n\n<!--more-->\n\n\n\n<p>Nesta segunda-feira (24), a Comiss\u00e3o de Sa\u00fade, Previd\u00eancia e Assist\u00eancia Social da C\u00e2mara Municipal de Natal fez mais uma visita de fiscaliza\u00e7\u00e3o nos equipamentos de sa\u00fade p\u00fablica da capital potiguar. Dessa vez foi o Complexo de Sa\u00fade Professor Severino Lopes, entidade conveniada \u00e0 rede municipal de Sa\u00fade, a receber os parlamentares natalenses. Participaram do encontro os vereadores Luciano Nascimento (PSD), Preto Aquino (Podemos) e Peixoto (Republicanos).<\/p>\n\n\n\n<p>O Complexo Professor Severino Lopes foi fundado, pelo professor e m\u00e9dico psiquiatra, Severino Lopes, em 02 de julho de 1956, com a denomina\u00e7\u00e3o original de Casa de Sa\u00fade de Natal, sendo pioneiro, no Rio Grande do Norte, no tratamento psiqui\u00e1trico especializado. \u00c9 uma institui\u00e7\u00e3o filantr\u00f3pica, sem fins lucrativos, mantida pela Sociedade Professor Heitor Carrilho. Em 2022, al\u00e9m dos atendimentos de psiquiatria, transformou-se num complexo hospitalar com a inaugura\u00e7\u00e3o da Unidade de Cl\u00ednica M\u00e9dica Jo\u00e3o Cec\u00edlio da Costa, em parceria com a Prefeitura do Natal, atendendo ao cidad\u00e3o natalense 100% SUS.<\/p>\n\n\n\n<p>Durante a visita, o vereador Luciano Nascimento parabenizou a equipe do hospital pelo trabalho. &#8220;Encontramos um espa\u00e7o f\u00edsico muito bem cuidado e pacientes tratados com dignidade. Agora, quem precisa ser tratado com mais carinho \u00e9 o Complexo de Sa\u00fade Severino Lopes pelo poder p\u00fablico. As secretarias de Sa\u00fade do Estado e do Munic\u00edpio precisam repassar os recursos necess\u00e1rios para a unidade continuar oferecendo atendimentos \u00e0 popula\u00e7\u00e3o e olhar de forma especial para a sa\u00fade mental&#8221;, defendeu.<\/p>\n\n\n\n<p>A unidade possui 220 leitos, sendo 60 cl\u00ednicos e 160 psiqui\u00e1tricos; desses leitos de psiquiatria, 100 pertencem ao SUS e est\u00e3o todos ocupados. O complexo hospitalar disp\u00f5e ainda de uma equipe interdisciplinar qualificada composta por psiquiatras, profissionais de enfermagem, psic\u00f3logos, assistentes sociais, terapeutas ocupacionais, fisioterapeutas, nutricionistas, educadores f\u00edsicos, bi\u00f3logos e musicoterapeuta.<\/p>\n\n\n\n<p>O vereador Preto Aquino tamb\u00e9m elogiou a estrutura f\u00edsica do complexo e o esfor\u00e7o dos funcion\u00e1rios. &#8220;A sociedade pode ter certeza que aqui trabalham profissionais extremamente comprometidos com a sa\u00fade mental da popula\u00e7\u00e3o. Sobre a estrutura, posso afirmar que foi uma das melhores que vi nesses anos todos de visitas fiscalizat\u00f3rias com a Comiss\u00e3o de Sa\u00fade. E poderia ser melhor, se o Governo do Estado encaminhasse regularmente os repasses financeiros que os servidores tanto precisam para manter a qualidade dos servi\u00e7os&#8221;.<\/p>\n\n\n\n<p>Nayran Andrade, diretora de Sa\u00fade do Complexo disse que a unidade psiqui\u00e1trica trata transtornos mentais diversos com m\u00faltiplos n\u00edveis de complexidade. Segundo ela, a institui\u00e7\u00e3o recebe o paciente geralmente em crise e imediatamente inicia o processo de reabilita\u00e7\u00e3o, por meio de pr\u00e1ticas assistenciais complementares como Hortoterapia. Musicoterapia e terapia ocupacional, que auxiliam no tratamento que visa o retorno \u00e0 vida normal.<\/p>\n\n\n\n<p>&#8220;Temos outros dois tipos de interven\u00e7\u00f5es terap\u00eauticas, que \u00e9 a interven\u00e7\u00e3o assistida por animais e a yoga, pr\u00e1tica que introduzimos no cronograma e conta com grande ades\u00e3o dos pacientes. Elas s\u00e3o fundamentais, porque proporcionam ao paciente uma gama maior de atividades que se aproximam do cotidiano deles fora do ambiente hospitalar. Com todos esses recursos, a gente consegue uma boa resposta que culmina na melhora cognitiva e mental&#8221;, explicou a diretora.<\/p>\n\n\n\n<p><strong><em>Texto: Junior Martins&nbsp;<br>Fotos: Elp\u00eddio J\u00fanior<\/em><\/strong><\/p>\n","protected":false},"excerpt":{"rendered":"","protected":false},"author":1,"featured_media":0,"comment_status":"closed","ping_status":"open","sticky":false,"template":"","format":"image","meta":{"site-sidebar-layout":"default","site-content-layout":"","ast-site-content-layout":"default","site-content-style":"default","site-sidebar-style":"default","ast-global-header-display":"","ast-banner-title-visibility":"","ast-main-header-display":"","ast-hfb-above-header-display":"","ast-hfb-below-header-display":"","ast-hfb-mobile-header-display":"","site-post-title":"","ast-breadcrumbs-content":"","ast-featured-img":"","footer-sml-layout":"","ast-disable-related-posts":"","theme-transparent-header-meta":"","adv-header-id-meta":"","stick-header-meta":"","header-above-stick-meta":"","header-main-stick-meta":"","header-below-stick-meta":"","astra-migrate-meta-layouts":"default","ast-page-background-enabled":"default","ast-page-background-meta":{"desktop":{"background-color":"var(--ast-global-color-4)","background-image":"","background-repeat":"repeat","background-position":"center center","background-size":"auto","background-attachment":"scroll","background-type":"","background-media":"","overlay-type":"","overlay-color":"","overlay-opacity":"","overlay-gradient":""},"tablet":{"background-color":"","background-image":"","background-repeat":"repeat","background-position":"center center","background-size":"auto","background-attachment":"scroll","background-type":"","background-media":"","overlay-type":"","overlay-color":"","overlay-opacity":"","overlay-gradient":""},"mobile":{"background-color":"","background-image":"","background-repeat":"repeat","background-position":"center center","background-size":"auto","background-attachment":"scroll","background-type":"","background-media":"","overlay-type":"","overlay-color":"","overlay-opacity":"","overlay-gradient":""}},"ast-content-background-meta":{"desktop":{"background-color":"var(--ast-global-color-5)","background-image":"","background-repeat":"repeat","background-position":"center center","background-size":"auto","background-attachment":"scroll","background-type":"","background-media":"","overlay-type":"","overlay-color":"","overlay-opacity":"","overlay-gradient":""},"tablet":{"background-color":"var(--ast-global-color-5)","background-image":"","background-repeat":"repeat","background-position":"center center","background-size":"auto","background-attachment":"scroll","background-type":"","background-media":"","overlay-type":"","overlay-color":"","overlay-opacity":"","overlay-gradient":""},"mobile":{"background-color":"var(--ast-global-color-5)","background-image":"","background-repeat":"repeat","background-position":"center center","background-size":"auto","background-attachment":"scroll","background-type":"","background-media":"","overlay-type":"","overlay-color":"","overlay-opacity":"","overlay-gradient":""}},"footnotes":""},"categories":[517],"tags":[],"class_list":["post-24620","post","type-post","status-publish","format-image","hentry","category-aconteceu","post_format-post-format-image"],"_links":{"self":[{"href":"https:\/\/noticiasnoface.com.br\/index.php\/wp-json\/wp\/v2\/posts\/24620","targetHints":{"allow":["GET"]}}],"collection":[{"href":"https:\/\/noticiasnoface.com.br\/index.php\/wp-json\/wp\/v2\/posts"}],"about":[{"href":"https:\/\/noticiasnoface.com.br\/index.php\/wp-json\/wp\/v2\/types\/post"}],"author":[{"embeddable":true,"href":"https:\/\/noticiasnoface.com.br\/index.php\/wp-json\/wp\/v2\/users\/1"}],"replies":[{"embeddable":true,"href":"https:\/\/noticiasnoface.com.br\/index.php\/wp-json\/wp\/v2\/comments?post=24620"}],"version-history":[{"count":1,"href":"https:\/\/noticiasnoface.com.br\/index.php\/wp-json\/wp\/v2\/posts\/24620\/revisions"}],"predecessor-version":[{"id":24621,"href":"https:\/\/noticiasnoface.com.br\/index.php\/wp-json\/wp\/v2\/posts\/24620\/revisions\/24621"}],"wp:attachment":[{"href":"https:\/\/noticiasnoface.com.br\/index.php\/wp-json\/wp\/v2\/media?parent=24620"}],"wp:term":[{"taxonomy":"category","embeddable":true,"href":"https:\/\/noticiasnoface.com.br\/index.php\/wp-json\/wp\/v2\/categories?post=24620"},{"taxonomy":"post_tag","embeddable":true,"href":"https:\/\/noticiasnoface.com.br\/index.php\/wp-json\/wp\/v2\/tags?post=24620"}],"curies":[{"name":"wp","href":"https:\/\/api.w.org\/{rel}","templated":true}]}}