{"id":24626,"date":"2024-06-25T08:49:44","date_gmt":"2024-06-25T11:49:44","guid":{"rendered":"https:\/\/noticiasnoface.com.br\/?p=24626"},"modified":"2024-06-25T08:49:44","modified_gmt":"2024-06-25T11:49:44","slug":"deputados-farao-coletiva-para-declarar-apoio-a-salatiel-em-parnamirim","status":"publish","type":"post","link":"https:\/\/noticiasnoface.com.br\/index.php\/2024\/06\/25\/deputados-farao-coletiva-para-declarar-apoio-a-salatiel-em-parnamirim\/","title":{"rendered":"Deputados far\u00e3o coletiva para declarar apoio a Salatiel em Parnamirim"},"content":{"rendered":"\n<figure class=\"wp-block-image size-large\"><img data-opt-id=806336472  fetchpriority=\"high\" decoding=\"async\" width=\"1024\" height=\"766\" src=\"https:\/\/mlbfrsat7ahr.i.optimole.com\/w:auto\/h:auto\/q:mauto\/ig:avif\/https:\/\/noticiasnoface.com.br\/wp-content\/uploads\/2024\/06\/img_7365.jpg\" class=\"wp-image-24625\" srcset=\"https:\/\/mlbfrsat7ahr.i.optimole.com\/w:1024\/h:766\/q:mauto\/ig:avif\/https:\/\/noticiasnoface.com.br\/wp-content\/uploads\/2024\/06\/img_7365.jpg 1024w, https:\/\/mlbfrsat7ahr.i.optimole.com\/w:300\/h:224\/q:mauto\/ig:avif\/https:\/\/noticiasnoface.com.br\/wp-content\/uploads\/2024\/06\/img_7365.jpg 300w, https:\/\/mlbfrsat7ahr.i.optimole.com\/w:768\/h:575\/q:mauto\/ig:avif\/https:\/\/noticiasnoface.com.br\/wp-content\/uploads\/2024\/06\/img_7365.jpg 768w\" sizes=\"(max-width: 1000px) 100vw, 1000px\" \/><\/figure>\n\n\n\n<!--more-->\n\n\n\n<p>Os deputados federais Benes Leoc\u00e1dio e Paulinho Freire, al\u00e9m do deputado estadual Taveira J\u00fanior, convocaram a imprensa na manh\u00e3 desta ter\u00e7a-feira(25), para uma coletiva de imprensa para anunciar o posicionamento a respeito do pleito eleitoral em Parnamirim.<\/p>\n\n\n\n<figure class=\"wp-block-image size-large\"><img data-opt-id=108342590  fetchpriority=\"high\" decoding=\"async\" src=\"https:\/\/portalmatheusperes.com\/wp-content\/uploads\/2024\/06\/photo-output.jpg?w=1024\" alt=\"\" class=\"wp-image-3245\"\/><\/figure>\n\n\n\n<p>O partido Uni\u00e3o Brasil caminhar\u00e1 rachado na cidade trampolim da vit\u00f3ria. K\u00e1tia Pires, que preside o partido em Parnamirim, far\u00e1 composi\u00e7\u00e3o como vice-prefeita na chapa da professora Nilda com as ben\u00e7\u00e3os de Jos\u00e9 Agripino. J\u00e1 os deputados, seguir\u00e3o no apoio ao pr\u00e9-candidato de Taveira, que \u00e9 Salatiel de Souza.&nbsp;<\/p>\n\n\n\n<p>A coletiva est\u00e1 marcada para as 10h30, na sede do partido Liberal em Natal.<\/p>\n\n\n\n<p>Vai Matheus P\u00e9rez <\/p>\n","protected":false},"excerpt":{"rendered":"","protected":false},"author":1,"featured_media":0,"comment_status":"closed","ping_status":"open","sticky":false,"template":"","format":"image","meta":{"site-sidebar-layout":"default","site-content-layout":"","ast-site-content-layout":"default","site-content-style":"default","site-sidebar-style":"default","ast-global-header-display":"","ast-banner-title-visibility":"","ast-main-header-display":"","ast-hfb-above-header-display":"","ast-hfb-below-header-display":"","ast-hfb-mobile-header-display":"","site-post-title":"","ast-breadcrumbs-content":"","ast-featured-img":"","footer-sml-layout":"","ast-disable-related-posts":"","theme-transparent-header-meta":"","adv-header-id-meta":"","stick-header-meta":"","header-above-stick-meta":"","header-main-stick-meta":"","header-below-stick-meta":"","astra-migrate-meta-layouts":"default","ast-page-background-enabled":"default","ast-page-background-meta":{"desktop":{"background-color":"var(--ast-global-color-4)","background-image":"","background-repeat":"repeat","background-position":"center center","background-size":"auto","background-attachment":"scroll","background-type":"","background-media":"","overlay-type":"","overlay-color":"","overlay-opacity":"","overlay-gradient":""},"tablet":{"background-color":"","background-image":"","background-repeat":"repeat","background-position":"center center","background-size":"auto","background-attachment":"scroll","background-type":"","background-media":"","overlay-type":"","overlay-color":"","overlay-opacity":"","overlay-gradient":""},"mobile":{"background-color":"","background-image":"","background-repeat":"repeat","background-position":"center center","background-size":"auto","background-attachment":"scroll","background-type":"","background-media":"","overlay-type":"","overlay-color":"","overlay-opacity":"","overlay-gradient":""}},"ast-content-background-meta":{"desktop":{"background-color":"var(--ast-global-color-5)","background-image":"","background-repeat":"repeat","background-position":"center center","background-size":"auto","background-attachment":"scroll","background-type":"","background-media":"","overlay-type":"","overlay-color":"","overlay-opacity":"","overlay-gradient":""},"tablet":{"background-color":"var(--ast-global-color-5)","background-image":"","background-repeat":"repeat","background-position":"center center","background-size":"auto","background-attachment":"scroll","background-type":"","background-media":"","overlay-type":"","overlay-color":"","overlay-opacity":"","overlay-gradient":""},"mobile":{"background-color":"var(--ast-global-color-5)","background-image":"","background-repeat":"repeat","background-position":"center center","background-size":"auto","background-attachment":"scroll","background-type":"","background-media":"","overlay-type":"","overlay-color":"","overlay-opacity":"","overlay-gradient":""}},"footnotes":""},"categories":[517],"tags":[],"class_list":["post-24626","post","type-post","status-publish","format-image","hentry","category-aconteceu","post_format-post-format-image"],"_links":{"self":[{"href":"https:\/\/noticiasnoface.com.br\/index.php\/wp-json\/wp\/v2\/posts\/24626","targetHints":{"allow":["GET"]}}],"collection":[{"href":"https:\/\/noticiasnoface.com.br\/index.php\/wp-json\/wp\/v2\/posts"}],"about":[{"href":"https:\/\/noticiasnoface.com.br\/index.php\/wp-json\/wp\/v2\/types\/post"}],"author":[{"embeddable":true,"href":"https:\/\/noticiasnoface.com.br\/index.php\/wp-json\/wp\/v2\/users\/1"}],"replies":[{"embeddable":true,"href":"https:\/\/noticiasnoface.com.br\/index.php\/wp-json\/wp\/v2\/comments?post=24626"}],"version-history":[{"count":1,"href":"https:\/\/noticiasnoface.com.br\/index.php\/wp-json\/wp\/v2\/posts\/24626\/revisions"}],"predecessor-version":[{"id":24627,"href":"https:\/\/noticiasnoface.com.br\/index.php\/wp-json\/wp\/v2\/posts\/24626\/revisions\/24627"}],"wp:attachment":[{"href":"https:\/\/noticiasnoface.com.br\/index.php\/wp-json\/wp\/v2\/media?parent=24626"}],"wp:term":[{"taxonomy":"category","embeddable":true,"href":"https:\/\/noticiasnoface.com.br\/index.php\/wp-json\/wp\/v2\/categories?post=24626"},{"taxonomy":"post_tag","embeddable":true,"href":"https:\/\/noticiasnoface.com.br\/index.php\/wp-json\/wp\/v2\/tags?post=24626"}],"curies":[{"name":"wp","href":"https:\/\/api.w.org\/{rel}","templated":true}]}}